{"id":9173,"date":"2026-05-02T21:59:18","date_gmt":"2026-05-02T19:59:18","guid":{"rendered":"https:\/\/swiety-jozef.pl\/?p=9173"},"modified":"2026-05-02T21:59:20","modified_gmt":"2026-05-02T19:59:20","slug":"bierzmowanie-2026-r","status":"publish","type":"post","link":"https:\/\/swiety-jozef.pl\/index.php\/2026\/05\/02\/bierzmowanie-2026-r\/","title":{"rendered":"Bierzmowanie 2026 r."},"content":{"rendered":"\n<!--more-->\n\n\n\n<div style=\"height:25px\" aria-hidden=\"true\" class=\"wp-block-spacer\"><\/div>\n\n\n\n<p>U \u015bw. J\u00f3zefa Rzemie\u015blnika w Nowej Soli. Bp Krzysztof Bia\u0142asik z Boliwii udzieli\u0142 sakramentu Bierzmowania naszej m\u0142odzie\u017cy. Dzi\u0119kujemy Panu Bogu za nasz\u0105 m\u0142odzie\u017c, dzi\u0119kujemy rodzicom, katechetom, animatorom grup za doprowadzenie m\u0142odzie\u017cy do tego momentu \u017cycia w wierze. M\u0142odzie\u017cy \u017cyczymy rado\u015bci i odwagi w wyznawaniu WIARY. B\u00f3g zap\u0142a\u0107. <\/p>\n\n\n\n<div style=\"height:25px\" aria-hidden=\"true\" class=\"wp-block-spacer\"><\/div>\n\n\n\n<p><a href=\"https:\/\/www.facebook.com\/share\/p\/1G59W44Y1x\/\" target=\"_blank\" rel=\"noreferrer noopener\">https:\/\/www.facebook.com\/share\/p\/1G59W44Y1x\/<\/a><\/p>\n\n\n\n<div style=\"height:40px\" aria-hidden=\"true\" class=\"wp-block-spacer\"><\/div>\n\n\n\n<p><\/p>\n","protected":false},"excerpt":{"rendered":"","protected":false},"author":3,"featured_media":9174,"comment_status":"closed","ping_status":"closed","sticky":false,"template":"","format":"standard","meta":{"_lmt_disableupdate":"","_lmt_disable":"","footnotes":""},"categories":[1],"tags":[],"class_list":["post-9173","post","type-post","status-publish","format-standard","has-post-thumbnail","hentry","category-bez-kategorii"],"_links":{"self":[{"href":"https:\/\/swiety-jozef.pl\/index.php\/wp-json\/wp\/v2\/posts\/9173","targetHints":{"allow":["GET"]}}],"collection":[{"href":"https:\/\/swiety-jozef.pl\/index.php\/wp-json\/wp\/v2\/posts"}],"about":[{"href":"https:\/\/swiety-jozef.pl\/index.php\/wp-json\/wp\/v2\/types\/post"}],"author":[{"embeddable":true,"href":"https:\/\/swiety-jozef.pl\/index.php\/wp-json\/wp\/v2\/users\/3"}],"replies":[{"embeddable":true,"href":"https:\/\/swiety-jozef.pl\/index.php\/wp-json\/wp\/v2\/comments?post=9173"}],"version-history":[{"count":1,"href":"https:\/\/swiety-jozef.pl\/index.php\/wp-json\/wp\/v2\/posts\/9173\/revisions"}],"predecessor-version":[{"id":9175,"href":"https:\/\/swiety-jozef.pl\/index.php\/wp-json\/wp\/v2\/posts\/9173\/revisions\/9175"}],"wp:featuredmedia":[{"embeddable":true,"href":"https:\/\/swiety-jozef.pl\/index.php\/wp-json\/wp\/v2\/media\/9174"}],"wp:attachment":[{"href":"https:\/\/swiety-jozef.pl\/index.php\/wp-json\/wp\/v2\/media?parent=9173"}],"wp:term":[{"taxonomy":"category","embeddable":true,"href":"https:\/\/swiety-jozef.pl\/index.php\/wp-json\/wp\/v2\/categories?post=9173"},{"taxonomy":"post_tag","embeddable":true,"href":"https:\/\/swiety-jozef.pl\/index.php\/wp-json\/wp\/v2\/tags?post=9173"}],"curies":[{"name":"wp","href":"https:\/\/api.w.org\/{rel}","templated":true}]}}