{"id":9170,"date":"2026-05-02T21:54:44","date_gmt":"2026-05-02T19:54:44","guid":{"rendered":"https:\/\/swiety-jozef.pl\/?p=9170"},"modified":"2026-05-02T21:54:46","modified_gmt":"2026-05-02T19:54:46","slug":"uroczystosc-odpustowa-2026-r","status":"publish","type":"post","link":"https:\/\/swiety-jozef.pl\/index.php\/2026\/05\/02\/uroczystosc-odpustowa-2026-r\/","title":{"rendered":"Uroczysto\u015b\u0107 odpustowa 2026 r."},"content":{"rendered":"\n<!--more-->\n\n\n\n<div style=\"height:25px\" aria-hidden=\"true\" class=\"wp-block-spacer\"><\/div>\n\n\n\n<p>Drodzy Parafianie i Go\u015bcie! Uroczysto\u015b\u0107 odpustowa to imieniny naszej wsp\u00f3lnoty. Dzisiejsza liturgia i wsp\u00f3lne \u015bwi\u0119towanie pokaza\u0142y, jak pi\u0119knie potrafimy ze sob\u0105 wsp\u00f3\u0142pracowa\u0107. Z ca\u0142ego serca dzi\u0119kuj\u0119 wszystkim, kt\u00f3rzy w\u0142o\u017cyli r\u0119ce i serce w przygotowanie tego \u015bwi\u0119ta: S\u0142u\u017cbie Liturgicznej \u2013 ministrantom i lektorom za godn\u0105 oraz pe\u0142n\u0105 skupienia asyst\u0119 przy o\u0142tarzu. Ch\u00f3rowi oraz Orkiestrze \u2013 za pot\u0119g\u0119 brzmienia i podnios\u0142y klimat, kt\u00f3ry pom\u00f3g\u0142 nam jeszcze g\u0142\u0119biej prze\u017cy\u0107 t\u0119 Eucharysti\u0119. Scholi \u201eIskierki\u201d (parafialnej oraz z Plesz\u00f3wka) \u2013 za Wasz radosny \u015bpiew, energi\u0119 i pi\u0119kny dar m\u0142odo\u015bci, kt\u00f3ry wnosi tyle \u017cycia do naszej \u015bwi\u0105tyni. Osobom dbaj\u0105cym o dekoracj\u0119 ko\u015bcio\u0142a \u2013 za trud i poczucie estetyki. \u015awi\u0105tynia dzi\u015b zachwyca i pozwala poczu\u0107 wyj\u0105tkowo\u015b\u0107 tego dnia. Organizatorom wsp\u00f3lnej biesiady \u2013 dzi\u0119kuj\u0119 za przygotowanie agapy. Uk\u0142ony w stron\u0119 os\u00f3b obs\u0142uguj\u0105cych kuchni\u0119 pielgrzymkow\u0105: za pyszn\u0105 groch\u00f3wk\u0119, kie\u0142baski i trud w\u0142o\u017cony w ugoszczenie ka\u017cdego przybysza. Wszystkim paniom \u2013 za g\u00f3r\u0119 pysznych ciast, kt\u00f3re os\u0142odzi\u0142y nasze dzisiejsze spotkanie. Dzi\u0119kuj\u0119 ka\u017cdemu z Was za obecno\u015b\u0107, wsp\u00f3ln\u0105 modlitw\u0119 i tworzenie tej wyj\u0105tkowej, rodzinnej atmosfery. Niech patron naszej parafii sw. J\u00f3zef wyprasza nam wszelkie potrzebne \u0142aski! B\u00f3g zap\u0142a\u0107! <\/p>\n\n\n\n<div style=\"height:25px\" aria-hidden=\"true\" class=\"wp-block-spacer\"><\/div>\n\n\n\n<p><a href=\"https:\/\/www.facebook.com\/share\/p\/18hsYNDMcH\/\" target=\"_blank\" rel=\"noreferrer noopener\">https:\/\/www.facebook.com\/share\/p\/18hsYNDMcH\/<\/a><\/p>\n\n\n\n<div style=\"height:40px\" aria-hidden=\"true\" class=\"wp-block-spacer\"><\/div>\n","protected":false},"excerpt":{"rendered":"","protected":false},"author":3,"featured_media":9171,"comment_status":"closed","ping_status":"closed","sticky":false,"template":"","format":"standard","meta":{"_lmt_disableupdate":"","_lmt_disable":"","footnotes":""},"categories":[1],"tags":[],"class_list":["post-9170","post","type-post","status-publish","format-standard","has-post-thumbnail","hentry","category-bez-kategorii"],"_links":{"self":[{"href":"https:\/\/swiety-jozef.pl\/index.php\/wp-json\/wp\/v2\/posts\/9170","targetHints":{"allow":["GET"]}}],"collection":[{"href":"https:\/\/swiety-jozef.pl\/index.php\/wp-json\/wp\/v2\/posts"}],"about":[{"href":"https:\/\/swiety-jozef.pl\/index.php\/wp-json\/wp\/v2\/types\/post"}],"author":[{"embeddable":true,"href":"https:\/\/swiety-jozef.pl\/index.php\/wp-json\/wp\/v2\/users\/3"}],"replies":[{"embeddable":true,"href":"https:\/\/swiety-jozef.pl\/index.php\/wp-json\/wp\/v2\/comments?post=9170"}],"version-history":[{"count":1,"href":"https:\/\/swiety-jozef.pl\/index.php\/wp-json\/wp\/v2\/posts\/9170\/revisions"}],"predecessor-version":[{"id":9172,"href":"https:\/\/swiety-jozef.pl\/index.php\/wp-json\/wp\/v2\/posts\/9170\/revisions\/9172"}],"wp:featuredmedia":[{"embeddable":true,"href":"https:\/\/swiety-jozef.pl\/index.php\/wp-json\/wp\/v2\/media\/9171"}],"wp:attachment":[{"href":"https:\/\/swiety-jozef.pl\/index.php\/wp-json\/wp\/v2\/media?parent=9170"}],"wp:term":[{"taxonomy":"category","embeddable":true,"href":"https:\/\/swiety-jozef.pl\/index.php\/wp-json\/wp\/v2\/categories?post=9170"},{"taxonomy":"post_tag","embeddable":true,"href":"https:\/\/swiety-jozef.pl\/index.php\/wp-json\/wp\/v2\/tags?post=9170"}],"curies":[{"name":"wp","href":"https:\/\/api.w.org\/{rel}","templated":true}]}}