{"id":9168,"date":"2026-05-02T21:40:54","date_gmt":"2026-05-02T19:40:54","guid":{"rendered":"https:\/\/swiety-jozef.pl\/?p=9168"},"modified":"2026-05-02T21:40:57","modified_gmt":"2026-05-02T19:40:57","slug":"intencje-mszalne-03-05-10-05-2026-r","status":"publish","type":"post","link":"https:\/\/swiety-jozef.pl\/index.php\/2026\/05\/02\/intencje-mszalne-03-05-10-05-2026-r\/","title":{"rendered":"Intencje mszalne 03.05 \u2013 10.05.2026 r."},"content":{"rendered":"\n<!--more-->\n\n\n\n<div style=\"height:25px\" aria-hidden=\"true\" class=\"wp-block-spacer\"><\/div>\n\n\n\n<p class=\"has-vivid-red-color has-text-color has-link-color wp-elements-9f4642e8e63cf0f75720e3c75ba8361d\"><strong>Niedziela 3.05.2026r.<\/strong><\/p>\n\n\n\n<p><strong>7<\/strong><sup><strong>30<\/strong><\/sup> <strong>1. <\/strong>Dz.B\u0142: Teodozja 80 r. ur.<\/p>\n\n\n\n<p><strong>2<\/strong>. +Piotr Kope\u0107 greg. 6<\/p>\n\n\n\n<p><strong>9<\/strong><sup><strong>30<\/strong><\/sup><sup> <\/sup><strong>1.<\/strong> +Maria, W\u0142adys\u0142awa (ona), ++ z rodz. Krawczyk<\/p>\n\n\n\n<p><strong>2.<\/strong> +Antoni Faron greg. 28<\/p>\n\n\n\n<p><strong>11<\/strong><sup><strong>00<\/strong><\/sup> <strong>1. <\/strong>Dz.B\u0142: Maciej 36 r. ur.<\/p>\n\n\n\n<p><strong>2. <\/strong>+Ryszard Korycki 1 r. \u015bm.<\/p>\n\n\n\n<p><strong>12<\/strong><sup><strong>30<\/strong><\/sup><sup> <\/sup><strong>1. <\/strong>Za Parafian<\/p>\n\n\n\n<p><strong>14<\/strong><sup><strong>00<\/strong><\/sup> <strong>1. <\/strong>+Edward Wi\u015bniewski 23 r.\u015bm., +Julianna Wi\u015bniewska 14 r. \u015bm.<\/p>\n\n\n\n<p><strong>18<\/strong><sup><strong>30<\/strong><\/sup> <strong>1. <\/strong>+Anna Zastawa 3 r.\u015bm.,+Grzegorz Zastawa 8 r.\u015bm.<\/p>\n\n\n\n<div style=\"height:25px\" aria-hidden=\"true\" class=\"wp-block-spacer\"><\/div>\n\n\n\n<p><strong>Poniedzia\u0142ek 4.05.2026r.<\/strong><\/p>\n\n\n\n<p><strong>7<\/strong><sup><strong>00<\/strong><\/sup> <strong>1.<\/strong> +Antoni Faron greg. 29<\/p>\n\n\n\n<p><strong>2.<\/strong> +Piotr Kope\u0107 greg. 7<\/p>\n\n\n\n<p><strong>18<\/strong><sup><strong>00<\/strong><\/sup> <strong>1. <\/strong>+Helena i Edward Kuczy\u0144scy i ++ z rodz.<\/p>\n\n\n\n<div style=\"height:25px\" aria-hidden=\"true\" class=\"wp-block-spacer\"><\/div>\n\n\n\n<p><strong>Wtorek 5.05.2026r.<\/strong><\/p>\n\n\n\n<p><strong>7<\/strong><sup><strong>00<\/strong><\/sup> <strong>1.<\/strong> Dz.B\u0142: Waldemar z ok. imienin, o Bo\u017ce b\u0142. wiar\u0119 i opiek\u0119 Maryi<\/p>\n\n\n\n<p><strong>2.<\/strong> +Piotr Kope\u0107 greg. 8<\/p>\n\n\n\n<p><strong>12<\/strong><sup><strong>00 <\/strong><\/sup><strong>1.<\/strong> W int. Grona pedag. i uczni\u00f3w szko\u0142y specjalnej NS \/katolik\/<\/p>\n\n\n\n<p><strong>18<\/strong><sup><strong>00<\/strong><\/sup> <strong>1. <\/strong>+Antoni Faron greg. 30<\/p>\n\n\n\n<div style=\"height:25px\" aria-hidden=\"true\" class=\"wp-block-spacer\"><\/div>\n\n\n\n<p><strong>\u015aroda 6.05.2026r.<\/strong><\/p>\n\n\n\n<p><strong>7<\/strong><sup><strong>00<\/strong><\/sup><sup> <\/sup><strong>1. <\/strong>+Gerard BURGSCHAT 12 r.\u015bm.<\/p>\n\n\n\n<p>2. +Piotr Kope\u0107 Greg. 9<\/p>\n\n\n\n<p><strong>18<\/strong><sup><strong>00<\/strong><\/sup> <strong>INTENCJA ZBIOROWA:<\/strong><\/p>\n\n\n\n<p>* +w int. cz\u0142oni\u0144 R\u00f3\u017cy NMP Kr\u00f3lowej Polski o b\u0142og. Bo\u017ce i \u0142aski zdrowia, a dla zmar\u0142ych o rado\u015b\u0107 nieba<\/p>\n\n\n\n<p>* Dz.B\u0142: Stanis\u0142awa Kowalczuk i Joanna Batura z R\u00f3\u017cy NMP Kr\u00f3lowej Polski \u2013 int. z ok. imienin<\/p>\n\n\n\n<p>* w int. Irena Drutel z ok. imienin \u2013 int. od R\u00f3\u017cy MB Klenickiej<\/p>\n\n\n\n<p>* w int. Monika Ry\u017clewicz, Irena Roszyk i Dorota Sala \u2013 int. z ok. Imienin \u2013 int. z R\u00f3\u017cy MB Fatimskiej<\/p>\n\n\n\n<p>* w int. Mariola Stu\u0142a, Irena \u0141uczak \u2013 int. z R\u00f3\u017cy \u015aw. Katarzyny<\/p>\n\n\n\n<p>* w int. wnuka Macieja o potrzebne dary i \u0142aski Bo\u017ce i dla Tomasza i ca\u0142ej Rodziny.<\/p>\n\n\n\n<p>* w int. Irena Drutel z ok. imienin<\/p>\n\n\n\n<p>* +Ks. Zygmunt Kurzak, i dusze w czy\u015b\u0107cu cierpi\u0105ce<\/p>\n\n\n\n<p>* o dobre wyniki i zdrowie dla Barbary Cis\u0142o<\/p>\n\n\n\n<div style=\"height:25px\" aria-hidden=\"true\" class=\"wp-block-spacer\"><\/div>\n\n\n\n<p><strong>Czwartek 7.05.2026r.<\/strong><\/p>\n\n\n\n<p><strong>7<\/strong><sup><strong>00<\/strong><\/sup> <strong>1.<\/strong> +Piotr Kopec greg. 10<\/p>\n\n\n\n<p><strong>18<\/strong><sup><strong>00<\/strong><\/sup> <strong>1.<\/strong> w int. Kap\u0142an\u00f3w \u2013 int. od Przyjaci\u00f3\u0142 Parady\u017ca<\/p>\n\n\n\n<p><strong>2.<\/strong> +Tadeusz Stefura 3r.\u015bm. i ++ z rodz. Stefura i Lewandowskich<\/p>\n\n\n\n<div style=\"height:25px\" aria-hidden=\"true\" class=\"wp-block-spacer\"><\/div>\n\n\n\n<p><strong>Pi\u0105tek 8.05.2026r.<\/strong><\/p>\n\n\n\n<p><strong>7<\/strong><sup><strong>00<\/strong><\/sup> <strong>1<\/strong>. +Piotr Kope\u0107 greg. 11<\/p>\n\n\n\n<p><strong>18<\/strong><sup><strong>00<\/strong><\/sup> <strong>1. <\/strong>+Krystyna i Ryszard POSMYK<\/p>\n\n\n\n<p><strong>2.<\/strong> Dz.B\u0142: Stanis\u0142aw Drutel z ok. imienin o b\u0142. Bo\u017ce, opiek\u0119 M. Naj\u015bw. i \u0142aski zdrowia dla Aleksandry (ona), Marta Mateusz i Micha\u0142 z rodz. Paplickich<\/p>\n\n\n\n<div style=\"height:25px\" aria-hidden=\"true\" class=\"wp-block-spacer\"><\/div>\n\n\n\n<p><strong>Sobota 9.05.2026r.<\/strong><\/p>\n\n\n\n<p><strong>7<\/strong><sup><strong>00<\/strong><\/sup> <strong>1<\/strong>. +Piotr Kope\u0107 greg. 12<\/p>\n\n\n\n<p><strong>18<\/strong><sup><strong>00<\/strong><\/sup> <strong>1.<\/strong> +Mieczys\u0142aw Kostecki 20 r.\u015bm.<\/p>\n\n\n\n<div style=\"height:25px\" aria-hidden=\"true\" class=\"wp-block-spacer\"><\/div>\n\n\n\n<p class=\"has-vivid-red-color has-text-color has-link-color wp-elements-7767cfa3ce9736991f29452672ef2748\"><strong>Niedziela 10.05.2026r.<\/strong><\/p>\n\n\n\n<p><strong>7<\/strong><sup><strong>30<\/strong><\/sup> <strong>1. <\/strong>+Iwona SEBASTIAN<\/p>\n\n\n\n<p><strong>2<\/strong>. +Piotr Kope\u0107 greg. 13<\/p>\n\n\n\n<p><strong>9<\/strong><sup><strong>30<\/strong><\/sup><sup> <\/sup><strong>1.<\/strong> +Wojciech Futko 5 r.\u015bm.<\/p>\n\n\n\n<p><strong>2.<\/strong> Dz.B\u0142: z ok. urodzin Anny Szyszko<\/p>\n\n\n\n<p><strong>11<\/strong><sup><strong>00<\/strong><\/sup> <strong>1. <\/strong>+\u0141ucja Duda i Jan Mosbauer<\/p>\n\n\n\n<p><strong>2. <\/strong>+ Helena i Leon Grzegorczyk ++ z rodz. Grzegorczyk i Rusieckich<\/p>\n\n\n\n<p><strong>12<\/strong><sup><strong>30<\/strong><\/sup><sup> <\/sup>1. W intencjach pr\u00f3\u015bb zapisanych podczas odpustowego festynu<\/p>\n\n\n\n<p><strong>2.<\/strong> Dz.B\u0142: w int. Danuty i Henryka Dudziewicz 50 r. \u015blubu, (2dzieci: Rados\u0142aw, Iwona; 3 wnuk\u00f3w)<\/p>\n\n\n\n<p><strong>14<\/strong><sup><strong>00<\/strong><\/sup> <strong>1. <\/strong>+Cezary Filipowski 14 r.\u015bm., ++ z rodz. Krzy\u017canowskich<\/p>\n\n\n\n<p><strong>2.<\/strong> Dz.B\u0142: Aneta i Karol 30 r.\u015b lubu i Karola w 50 r. ur.<\/p>\n\n\n\n<p><strong>18<\/strong><sup><strong>30<\/strong><\/sup> <strong>1. <\/strong>+Adam Pola\u0144czyk 4 r.\u015bm.<\/p>\n\n\n\n<div style=\"height:40px\" aria-hidden=\"true\" class=\"wp-block-spacer\"><\/div>\n","protected":false},"excerpt":{"rendered":"","protected":false},"author":3,"featured_media":4429,"comment_status":"closed","ping_status":"closed","sticky":false,"template":"","format":"standard","meta":{"_lmt_disableupdate":"","_lmt_disable":"","footnotes":""},"categories":[20],"tags":[],"class_list":["post-9168","post","type-post","status-publish","format-standard","has-post-thumbnail","hentry","category-intencje"],"_links":{"self":[{"href":"https:\/\/swiety-jozef.pl\/index.php\/wp-json\/wp\/v2\/posts\/9168","targetHints":{"allow":["GET"]}}],"collection":[{"href":"https:\/\/swiety-jozef.pl\/index.php\/wp-json\/wp\/v2\/posts"}],"about":[{"href":"https:\/\/swiety-jozef.pl\/index.php\/wp-json\/wp\/v2\/types\/post"}],"author":[{"embeddable":true,"href":"https:\/\/swiety-jozef.pl\/index.php\/wp-json\/wp\/v2\/users\/3"}],"replies":[{"embeddable":true,"href":"https:\/\/swiety-jozef.pl\/index.php\/wp-json\/wp\/v2\/comments?post=9168"}],"version-history":[{"count":1,"href":"https:\/\/swiety-jozef.pl\/index.php\/wp-json\/wp\/v2\/posts\/9168\/revisions"}],"predecessor-version":[{"id":9169,"href":"https:\/\/swiety-jozef.pl\/index.php\/wp-json\/wp\/v2\/posts\/9168\/revisions\/9169"}],"wp:featuredmedia":[{"embeddable":true,"href":"https:\/\/swiety-jozef.pl\/index.php\/wp-json\/wp\/v2\/media\/4429"}],"wp:attachment":[{"href":"https:\/\/swiety-jozef.pl\/index.php\/wp-json\/wp\/v2\/media?parent=9168"}],"wp:term":[{"taxonomy":"category","embeddable":true,"href":"https:\/\/swiety-jozef.pl\/index.php\/wp-json\/wp\/v2\/categories?post=9168"},{"taxonomy":"post_tag","embeddable":true,"href":"https:\/\/swiety-jozef.pl\/index.php\/wp-json\/wp\/v2\/tags?post=9168"}],"curies":[{"name":"wp","href":"https:\/\/api.w.org\/{rel}","templated":true}]}}