{"id":9166,"date":"2026-05-02T21:37:11","date_gmt":"2026-05-02T19:37:11","guid":{"rendered":"https:\/\/swiety-jozef.pl\/?p=9166"},"modified":"2026-05-02T21:37:15","modified_gmt":"2026-05-02T19:37:15","slug":"ogloszenia-duszpasterskie-03-05-2026-r","status":"publish","type":"post","link":"https:\/\/swiety-jozef.pl\/index.php\/2026\/05\/02\/ogloszenia-duszpasterskie-03-05-2026-r\/","title":{"rendered":"Og\u0142oszenia duszpasterskie 03.05.2026 r."},"content":{"rendered":"\n<!--more-->\n\n\n\n<p class=\"has-text-align-right\">Nowa S\u00f3l 03.05.2026<\/p>\n\n\n\n<h4 class=\"wp-block-heading has-text-align-center\">Og\u0142oszenia duszpasterskie<br>V NIEDZIELA Wielkanocna rok A<\/h4>\n\n\n\n<div style=\"height:25px\" aria-hidden=\"true\" class=\"wp-block-spacer\"><\/div>\n\n\n\n<ol class=\"wp-block-list\">\n<li><strong>Dzisiaj V niedziela wielkanocna.<\/strong><\/li>\n\n\n\n<li><strong>Dzisiaj po<\/strong><strong> Mszy \u015bw. o godz.\u00a0 7<\/strong><sup><strong>30<\/strong><\/sup><strong>\u00a0zmiana tajemnic \u017cywego R\u00f3\u017ca\u0144ca a po Mszy \u015bw. o godz. 18<\/strong><sup><strong>30\u00a0<\/strong><\/sup><strong>nauka dla rodzic\u00f3w i chrzestnych przed chrztem \u015bw, dzieci<\/strong>.<\/li>\n\n\n\n<li><strong>Dzisiaj Msza \u015bw. za OJCZYZN\u0118 w naszym ko\u015bciele o godz. 12<\/strong><sup><strong>30<\/strong><\/sup><strong> &#8211; Rocznica Konstytucji 3 Maja i wspomnienie \u015bw. Floriana patrona stra\u017cak\u00f3w.<\/strong><\/li>\n\n\n\n<li><strong>Dzisiaj pierwsza niedziela miesi\u0105ca PZ Caritas po mszach \u015bw. zbiera ofiary dla najbardziej potrzebuj\u0105cych z naszej parafii.<\/strong><\/li>\n\n\n\n<li><strong>W \u015brod\u0119 nowenna do MB Nieustaj\u0105cej Pomocy i \u015bw. J\u00f3zefa<\/strong><\/li>\n\n\n\n<li><strong>W pi\u0105tek \u015bw. Stanis\u0142awa biskupa i m\u0119czennika g\u0142\u00f3wnego patrona Polski.<\/strong><\/li>\n\n\n\n<li><strong>Nabo\u017ce\u0144stwa Majowe w dni powszednie o godz. 17<\/strong><sup><strong>30<\/strong><\/sup><strong>\u00a0w niedziele o godz. 18<\/strong><sup><strong>00<\/strong><\/sup><strong>. Dzieci prosimy aby na nabo\u017ce\u0144stwa majowe przynosi\u0142y kwiatki, kt\u00f3re umie\u015bcimy przed figur\u0105 Matki Bo\u017cej.<\/strong><\/li>\n\n\n\n<li><strong>W dniu wczorajszym ks. Biskup Bia\u0142asik udzieli\u0142 sakramentu Bierzmowania. Z naszej parafii po 2 latach przygotowania 72 m\u0142ode osoby otrzyma\u0142o ten Dar. Dzi\u0119kuj\u0119 rodzicom, animatorom, katechetom za troskliw\u0105 pos\u0142ug\u0119 a m\u0142odzie\u017cy \u017cycz\u0119 odwagi w wierze.<\/strong><\/li>\n\n\n\n<li><strong>Chorych z pos\u0142ug\u0105 sakramentaln\u0105 <\/strong><strong>odwiedzimy sobot\u0119 9 maja<\/strong><strong>, nowych chorych mo\u017cna zg\u0142asza\u0107 w zakrystii.<\/strong><\/li>\n\n\n\n<li><strong>Kurs przedma\u0142\u017ce\u0144ski odb\u0119dzie si\u0119 w dniach 9-10; 16-17 maja. Nauki w parafiach: 9V \u015bw. Micha\u0142a godz. 18<\/strong><sup><strong>45<\/strong><\/sup><strong>; 10V \u015bw. J\u00f3zefa godz. 19<\/strong><sup><strong>30<\/strong><\/sup><strong>; 16V \u015bw. Antoni godz. 19<\/strong><sup><strong>30<\/strong><\/sup><strong>; 17V par. Plesz\u00f3wek godz. 18<\/strong><sup><strong>45<\/strong><\/sup><\/li>\n\n\n\n<li><strong>Rodzice Laury Wolniewicz dzi\u0119kuj\u0105 za wsparcie w leczeniu 3 letniej Laury. W minion\u0105 niedziele zebrali\u015bmy i przekazali\u015bmy kwot\u0119 15 734, 58 z\u0142 B\u00f3g zap\u0142a\u0107.<\/strong><\/li>\n\n\n\n<li><strong>Fundacja Stacja Jezus zach\u0119ca do nabycia wyj\u0105tkowej ksi\u0105\u017ceczki dla dzieci &#8222;Dominisia i ma\u0142e k\u00f3\u0142eczko&#8221;, kt\u00f3ra w prosty i pi\u0119kny spos\u00f3b t\u0142umaczy czym jest Eucharystia, kim jest Duch \u015awi\u0119ty oraz zach\u0119ca najm\u0142odszych do radosnego uczestnictwa we Mszy \u015awi\u0119tej. Ofiara 15 z\u0142 w ca\u0142o\u015bci przeznaczona jest na pokrycie koszt\u00f3w druku<\/strong>. <strong>Ksi\u0105\u017ck\u0119 mo\u017cna naby\u0107 u autorki przy wyj\u015bciu g\u0142\u00f3wnym z ko\u015bcio\u0142a.<\/strong><\/li>\n\n\n\n<li><strong>Dzieci klas II po Mszy \u015bw. zapraszamy do kaplicy, dzieci klas III prosimy o pozostanie w ko\u015bciele.<\/strong><\/li>\n\n\n\n<li><strong>Dzi\u0119kuj\u0119 2 osobom z ul. <\/strong><strong>Staszica blok nr. 7 i blok nr 9 <\/strong><strong>i 3 osobom ch\u0119tnym za sprz\u0105tanie ko\u015bcio\u0142a i ofiary na kwiaty. Msza \u015bw. za te osoby 20.05.2026 o godz. 18<\/strong><sup><strong>00<\/strong><\/sup><\/li>\n\n\n\n<li><strong>W sobot\u0119 na godz. 9<\/strong><sup><strong>00<\/strong><\/sup><strong> do sprz\u0105tania ko\u015bcio\u0142a prosz\u0119 wiernych zam. ul. Staszica blok nr. 11 i nr 13<\/strong><\/li>\n\n\n\n<li><strong><em>Dzi\u0119kujemy za ofiary na tac\u0119 i za przelewy na konto parafii &#8211; B\u00f3g Zap\u0142a\u0107. Numer konta bankowego parafii: 58 9673 0007 0000 0300 4864 0001 <\/em><\/strong><strong>za trosk\u0119, zrozumienie i ofiary serdeczne B\u00f3g zap\u0142a\u0107.<\/strong><\/li>\n\n\n\n<li><strong>Zach\u0119camy do zakupu i lektury prasy katolickiej: Tygodnika NIEDZIELA, GO\u015a\u0106 NIEDZIELNY<\/strong><\/li>\n\n\n\n<li><strong>W minionym tygodniu z naszej parafii zmar\u0142: +Henryk Rybarczyk zam. ul. Fredry<\/strong><\/li>\n\n\n\n<li><strong>Dzi\u0119kuje za przygotowanie uroczysto\u015bci odpustowej: Pani Zuzi, p. Markowi, p Mietkowi za wolontariack\u0105 trosk\u0119 o pi\u0119kno placu przy naszym ko\u015bciele. pani Magdalenie Rybi\u0144skiej za u\u0142o\u017cenie kwiat\u00f3w, siostrze Marii za trosk\u0119 o pi\u0119kno ko\u015bcio\u0142a.<\/strong> <strong>Serdeczne podzi\u0119kowanie s. Magdalenie i naszemu parafialnemu ch\u00f3rowi, p. Hubertowi i parafialnej orkiestrze. Dzi\u0119kuje dzieciom naszej scholii i scholii z Plesz\u00f3wka.<\/strong> Dzi\u0119kuj\u0119 <strong>ca\u0142ej s\u0142u\u017cbie liturgicznej<\/strong> o\u0142tarza, <strong>dzi\u0119kuj\u0119 paniom za upieczenie ciast, dzi\u0119kuj\u0119 panom za przygotowanie sto\u0142\u00f3w i sceny, dzi\u0119kuj\u0119 wszystkim za pomoc w obs\u0142udze odpustowego pocz\u0119stunku. Dzi\u0119kuj\u0119 za organizacje i koordynowanie ca\u0142o\u015bci festynu pa\u0144stwu Agnieszce i Wojciechowi Juchniewicz. D<\/strong>zi\u0119kuj\u0119 za<strong>udekorowanie naszych mieszka\u0144 flagami religijnymi i narodowymi, dzi\u0119kuj\u0119<\/strong> <strong>wszystkim wsp\u00f3lnotom i wszystkim obecnym na wsp\u00f3lnym oddawaniu czci \u015bw. J\u00f3zefowi<\/strong>, <strong>kt\u00f3ry nieustannie otacza nas swoj\u0105 ojcowsk\u0105 opiek\u0105.<\/strong> <strong>Msza \u015bw. w intencjach pr\u00f3\u015bb zapisanych podczas odpustowego festynu zostanie odprawiona w przysz\u0142\u0105 niedziele o godz. 12<\/strong><sup><strong>30<\/strong><\/sup><\/li>\n<\/ol>\n\n\n\n<p><strong>Wszystkim parafianom <\/strong><strong>i go\u015bciom \u017cyczymy dobrej niedzieli i Bo\u017cego b\u0142ogos\u0142awie\u0144stwa.<\/strong><\/p>\n\n\n\n<p class=\"has-text-align-right\">Ks. Krzysztof Kocz<br>Proboszcz<\/p>\n\n\n\n<div style=\"height:40px\" aria-hidden=\"true\" class=\"wp-block-spacer\"><\/div>\n","protected":false},"excerpt":{"rendered":"","protected":false},"author":3,"featured_media":3316,"comment_status":"closed","ping_status":"closed","sticky":false,"template":"","format":"standard","meta":{"_lmt_disableupdate":"","_lmt_disable":"","footnotes":""},"categories":[19],"tags":[],"class_list":["post-9166","post","type-post","status-publish","format-standard","has-post-thumbnail","hentry","category-ogloszenia"],"_links":{"self":[{"href":"https:\/\/swiety-jozef.pl\/index.php\/wp-json\/wp\/v2\/posts\/9166","targetHints":{"allow":["GET"]}}],"collection":[{"href":"https:\/\/swiety-jozef.pl\/index.php\/wp-json\/wp\/v2\/posts"}],"about":[{"href":"https:\/\/swiety-jozef.pl\/index.php\/wp-json\/wp\/v2\/types\/post"}],"author":[{"embeddable":true,"href":"https:\/\/swiety-jozef.pl\/index.php\/wp-json\/wp\/v2\/users\/3"}],"replies":[{"embeddable":true,"href":"https:\/\/swiety-jozef.pl\/index.php\/wp-json\/wp\/v2\/comments?post=9166"}],"version-history":[{"count":1,"href":"https:\/\/swiety-jozef.pl\/index.php\/wp-json\/wp\/v2\/posts\/9166\/revisions"}],"predecessor-version":[{"id":9167,"href":"https:\/\/swiety-jozef.pl\/index.php\/wp-json\/wp\/v2\/posts\/9166\/revisions\/9167"}],"wp:featuredmedia":[{"embeddable":true,"href":"https:\/\/swiety-jozef.pl\/index.php\/wp-json\/wp\/v2\/media\/3316"}],"wp:attachment":[{"href":"https:\/\/swiety-jozef.pl\/index.php\/wp-json\/wp\/v2\/media?parent=9166"}],"wp:term":[{"taxonomy":"category","embeddable":true,"href":"https:\/\/swiety-jozef.pl\/index.php\/wp-json\/wp\/v2\/categories?post=9166"},{"taxonomy":"post_tag","embeddable":true,"href":"https:\/\/swiety-jozef.pl\/index.php\/wp-json\/wp\/v2\/tags?post=9166"}],"curies":[{"name":"wp","href":"https:\/\/api.w.org\/{rel}","templated":true}]}}