{"id":9164,"date":"2026-04-25T20:55:35","date_gmt":"2026-04-25T18:55:35","guid":{"rendered":"https:\/\/swiety-jozef.pl\/?p=9164"},"modified":"2026-04-25T20:55:40","modified_gmt":"2026-04-25T18:55:40","slug":"intencje-mszalne-26-04-03-05-2026-r","status":"publish","type":"post","link":"https:\/\/swiety-jozef.pl\/index.php\/2026\/04\/25\/intencje-mszalne-26-04-03-05-2026-r\/","title":{"rendered":"Intencje mszalne 26.04 \u2013 03.05.2026 r."},"content":{"rendered":"\n<!--more-->\n\n\n\n<div style=\"height:25px\" aria-hidden=\"true\" class=\"wp-block-spacer\"><\/div>\n\n\n\n<p class=\"has-vivid-red-color has-text-color has-link-color wp-elements-879a93d4f8bc051a1ae1deeb19854a09\"><strong>Niedziela 26.04.2026r.<\/strong><\/p>\n\n\n\n<p><strong>7<\/strong><sup><strong>30<\/strong><\/sup> <strong>1. <\/strong>+Antoni Faron greg. 21<\/p>\n\n\n\n<p><strong>9<\/strong><sup><strong>30<\/strong><\/sup><sup> <\/sup><strong>1.<\/strong> Dz.B\u0142: Rafa\u0142 Stu\u0142a 35 r.ur.<\/p>\n\n\n\n<p><strong>2.<\/strong> Dz.B\u0142: Regina Mrowi\u0144ska 75 r.ur. \u2013 int. z R\u00f3\u017cy NS NMP<\/p>\n\n\n\n<p><strong>11<\/strong><sup><strong>00<\/strong><\/sup> <strong>1. <\/strong>Dz.B\u0142: Ignacy Szyszko 2 r.ur.<\/p>\n\n\n\n<p><strong>2. <\/strong>Dz.B\u0142: Krystyna (ona) 80 r. ur. oraz <strong>+<\/strong>Marianna,<strong>+<\/strong>Tadeusz Pietras<\/p>\n\n\n\n<p><strong>12<\/strong><sup><strong>30<\/strong><\/sup><sup> <\/sup><strong>1. <\/strong>Dz.B\u0142: Anna, Aleksander Paw\u0142owicz 50 r. \u015blubu (4 dzieci: Monika, Edyta, Wojciech, Weronika)<\/p>\n\n\n\n<p><strong>[CHRZEST]: Iga Nied\u017awiecka, Klara Goszczy\u0144ska<\/strong><\/p>\n\n\n\n<p><strong>14<\/strong><sup><strong>00<\/strong><\/sup> <strong>1. <\/strong>+Eugeniusz M\u0142ynarczyk 41 r.\u015bm., +J\u00f3zef M\u0142ynarczyk 10 r.\u015bm., +Wies\u0142awa (ona) M\u0142ynarczyk i Marcin Grzelak<\/p>\n\n\n\n<p><strong>18<\/strong><sup><strong>30<\/strong><\/sup> <strong>1. <\/strong>+Jan Zawadzki 18 r.\u015bm., +Zofia Zawadzka<\/p>\n\n\n\n<div style=\"height:25px\" aria-hidden=\"true\" class=\"wp-block-spacer\"><\/div>\n\n\n\n<p><strong>Poniedzia\u0142ek 27.04.2026r.<\/strong><\/p>\n\n\n\n<p><strong>7<\/strong><sup><strong>00<\/strong><\/sup> <strong>1.<\/strong> +Antoni Faron greg. 22<\/p>\n\n\n\n<p><strong>2.<\/strong> +Teodor Iwasieczko 43 r.\u015bm.,+Stanis\u0142aw 46 r.\u015bm, ++Rodzic\u00f3w z obu stron<\/p>\n\n\n\n<p><strong>18<\/strong><sup><strong>00<\/strong><\/sup> <strong>1. <\/strong>+Danuta Korczy\u0144ska 2 r.\u015bm.,+Jadwiga \u017b\u00f3\u0142kiewicz 11 r.\u015bm.,+Irena Pielach 2 r.\u015bm. \u2013 int. od dzieci<\/p>\n\n\n\n<p><strong>2.<\/strong> Dz.B\u0142: Urszula, Henryk Kochajewski 41 r.\u015blubu \u2013 o Bo\u017ce b\u0142ogos\u0142awie\u0144stwo i opiek\u0119 Matki Naj\u015bwi\u0119tszej<\/p>\n\n\n\n<div style=\"height:25px\" aria-hidden=\"true\" class=\"wp-block-spacer\"><\/div>\n\n\n\n<p><strong>Wtorek 28.04.2026r.<\/strong><\/p>\n\n\n\n<p><strong>7<\/strong><sup><strong>00<\/strong><\/sup> <strong>1.<\/strong> +Antoni Faron greg. 23<\/p>\n\n\n\n<p><strong>2.<\/strong> +Piotr Kope\u0107 greg. 1<\/p>\n\n\n\n<p><strong>18<\/strong><sup><strong>00<\/strong><\/sup> <strong>1. <\/strong>+Czes\u0142awa (ona) Wojtu\u015bciszyn 30 r.\u015bm., +Boles\u0142aw 6 r.\u015bm. i ++ z rodziny<\/p>\n\n\n\n<div style=\"height:25px\" aria-hidden=\"true\" class=\"wp-block-spacer\"><\/div>\n\n\n\n<p><strong>\u015aroda 29.04.2026r.<\/strong><\/p>\n\n\n\n<p><strong>7<\/strong><sup><strong>00<\/strong><\/sup><sup> <\/sup><strong>1. <\/strong>+Antoni Faron greg. 24<\/p>\n\n\n\n<p><strong>2.<\/strong> +Piotr Kope\u0107 greg. 2<\/p>\n\n\n\n<p><strong>18<\/strong><sup><strong>00<\/strong><\/sup> <strong>INTENCJA ZBIOROWA:<\/strong><\/p>\n\n\n\n<p>* +Eugenia Poznaniak 3 r.\u015bm.<\/p>\n\n\n\n<p>* +Bronis\u0142awa (ona), +J\u00f3zef Paw\u0142owscy, +Helena, +Franciszek Adamkiewicz<\/p>\n\n\n\n<p>*+Genowefa Tomecka 2 r.\u015bm.<\/p>\n\n\n\n<p>*+Maria, Edward, +Helena, +Ma\u0142gorzata \u0106wirko<\/p>\n\n\n\n<p>*+Marianna Patyk 1 m-c po \u015bm.<\/p>\n\n\n\n<p>*+Stanis\u0142awa (ona) Synowiec, +Alicja Senkowicz<\/p>\n\n\n\n<p>*w int. sprz\u0105taj\u0105cych K-\u0142 z ul. Fredry blok nr 5i6, 4 os. ch\u0119tnych i ich rodzin<\/p>\n\n\n\n<p>*w int. sprz\u0105taj\u0105cych K- l w ul. Fredry n7i8, 3 os. ch\u0119tnym i ich rodzin<\/p>\n\n\n\n<div style=\"height:25px\" aria-hidden=\"true\" class=\"wp-block-spacer\"><\/div>\n\n\n\n<p><strong>Czwartek 30.04.2026r.<\/strong><\/p>\n\n\n\n<p><strong>7<\/strong><sup><strong>00<\/strong><\/sup> <strong>1<\/strong>. +Antoni Faron greg. 25<\/p>\n\n\n\n<p><strong>2.<\/strong> +Piotr Kopec greg. 3<\/p>\n\n\n\n<p><strong>18<\/strong><sup><strong>00<\/strong><\/sup> <strong>1.<\/strong> +Micha\u0142 Pastuszek 6r.\u015bm.,++z Rodz. Pastuszek i Mickiewicz<\/p>\n\n\n\n<div style=\"height:25px\" aria-hidden=\"true\" class=\"wp-block-spacer\"><\/div>\n\n\n\n<p class=\"has-vivid-red-color has-text-color has-link-color wp-elements-f6f9d4d8fcd104d804dc46f3554fe4ae\"><strong>Pi\u0105tek 1.05.2026r<\/strong><strong>. <\/strong><strong>UROCZYSTO\u015a\u0106 \u015aW. J\u00d3ZEFA<\/strong><\/p>\n\n\n\n<p><strong>7<\/strong><sup><strong>00<\/strong><\/sup> <strong>1<\/strong>. +Piotr Kope\u0107 greg. 4<\/p>\n\n\n\n<p><strong>9<\/strong><sup><strong>00<\/strong><\/sup> <strong>1<\/strong>. +Antoni Faron greg. 26<\/p>\n\n\n\n<p><strong>11<\/strong><sup><strong>00<\/strong><\/sup> <strong>1<\/strong>. w int. Parafian<\/p>\n\n\n\n<p><strong>2<\/strong>. +Stefan Pytel 26r.\u015bm., +Janina Krawchuk<\/p>\n\n\n\n<p><strong>18<\/strong><sup><strong>00<\/strong><\/sup> <strong>1. <\/strong>+Tomasz Garbacz 1 r.\u015bm.<\/p>\n\n\n\n<div style=\"height:25px\" aria-hidden=\"true\" class=\"wp-block-spacer\"><\/div>\n\n\n\n<p class=\"has-vivid-red-color has-text-color has-link-color wp-elements-bdc49a5c11532c3ef727851b651a6ba7\"><strong>Sobota 2.05.2026r. <\/strong><strong>MB Kr\u00f3lowej Polski<\/strong><\/p>\n\n\n\n<p><strong>7<\/strong><sup><strong>00<\/strong><\/sup> <strong>1<\/strong>. +Antoni Faron greg. 27<\/p>\n\n\n\n<p>2. +Zygmunt Celkowski z ok. im<\/p>\n\n\n\n<p><strong>9<\/strong><sup><strong>00<\/strong><\/sup><sup> <\/sup>1<strong>. <\/strong>+Piotr Kope\u0107 greg. 5<\/p>\n\n\n\n<p><strong>16<\/strong><sup><strong>30<\/strong><\/sup> <strong>1<\/strong>. SAKRAMENT BIERZMOWANIA<\/p>\n\n\n\n<p><strong>18<\/strong><sup><strong>00<\/strong><\/sup> <strong>1.<\/strong> +Cezary Filipowski i ++ z rodz.<\/p>\n\n\n\n<div style=\"height:25px\" aria-hidden=\"true\" class=\"wp-block-spacer\"><\/div>\n\n\n\n<p class=\"has-vivid-red-color has-text-color has-link-color wp-elements-9f4642e8e63cf0f75720e3c75ba8361d\"><strong>Niedziela 3.05.2026r.<\/strong><\/p>\n\n\n\n<p><strong>7<\/strong><sup><strong>30<\/strong><\/sup> <strong>1. <\/strong>Dz.B\u0142: Teodozja 80 r.ur.<\/p>\n\n\n\n<p><strong>2<\/strong>. +Piotr Kope\u0107 greg. 6<\/p>\n\n\n\n<p><strong>9<\/strong><sup><strong>30<\/strong><\/sup><sup> <\/sup><strong>1.<\/strong> +Maria, W\u0142adys\u0142awa (ona), ++ z rodz. Krawczyk<\/p>\n\n\n\n<p><strong>2.<\/strong> +Antoni Faron greg. 28<\/p>\n\n\n\n<p><strong>11<\/strong><sup><strong>00<\/strong><\/sup> <strong>1. <\/strong>Dz.B\u0142: Maciej 36 r.ur.<\/p>\n\n\n\n<p><strong>2. <\/strong>+Ryszard Korycki 1 r.\u015bm.<\/p>\n\n\n\n<p><strong>12<\/strong><sup><strong>30<\/strong><\/sup><sup> <\/sup><strong>1. <\/strong>Za Parafian<\/p>\n\n\n\n<p><strong>14<\/strong><sup><strong>00<\/strong><\/sup> <strong>1. <\/strong>+Edward Wi\u015bniewski 23 r.\u015bm., +Julianna Wi\u015bniewska 14 r.\u015bm.<\/p>\n\n\n\n<p><strong>18<\/strong><sup><strong>30<\/strong><\/sup> <strong>1. <\/strong>+Anna Zastawa 3 r.\u015bm.,+Grzegorz Zastawa 8 r.\u015bm.<\/p>\n\n\n\n<div style=\"height:40px\" aria-hidden=\"true\" class=\"wp-block-spacer\"><\/div>\n\n\n\n<p><\/p>\n","protected":false},"excerpt":{"rendered":"","protected":false},"author":3,"featured_media":4429,"comment_status":"closed","ping_status":"closed","sticky":false,"template":"","format":"standard","meta":{"_lmt_disableupdate":"","_lmt_disable":"","footnotes":""},"categories":[20],"tags":[],"class_list":["post-9164","post","type-post","status-publish","format-standard","has-post-thumbnail","hentry","category-intencje"],"_links":{"self":[{"href":"https:\/\/swiety-jozef.pl\/index.php\/wp-json\/wp\/v2\/posts\/9164","targetHints":{"allow":["GET"]}}],"collection":[{"href":"https:\/\/swiety-jozef.pl\/index.php\/wp-json\/wp\/v2\/posts"}],"about":[{"href":"https:\/\/swiety-jozef.pl\/index.php\/wp-json\/wp\/v2\/types\/post"}],"author":[{"embeddable":true,"href":"https:\/\/swiety-jozef.pl\/index.php\/wp-json\/wp\/v2\/users\/3"}],"replies":[{"embeddable":true,"href":"https:\/\/swiety-jozef.pl\/index.php\/wp-json\/wp\/v2\/comments?post=9164"}],"version-history":[{"count":1,"href":"https:\/\/swiety-jozef.pl\/index.php\/wp-json\/wp\/v2\/posts\/9164\/revisions"}],"predecessor-version":[{"id":9165,"href":"https:\/\/swiety-jozef.pl\/index.php\/wp-json\/wp\/v2\/posts\/9164\/revisions\/9165"}],"wp:featuredmedia":[{"embeddable":true,"href":"https:\/\/swiety-jozef.pl\/index.php\/wp-json\/wp\/v2\/media\/4429"}],"wp:attachment":[{"href":"https:\/\/swiety-jozef.pl\/index.php\/wp-json\/wp\/v2\/media?parent=9164"}],"wp:term":[{"taxonomy":"category","embeddable":true,"href":"https:\/\/swiety-jozef.pl\/index.php\/wp-json\/wp\/v2\/categories?post=9164"},{"taxonomy":"post_tag","embeddable":true,"href":"https:\/\/swiety-jozef.pl\/index.php\/wp-json\/wp\/v2\/tags?post=9164"}],"curies":[{"name":"wp","href":"https:\/\/api.w.org\/{rel}","templated":true}]}}