{"id":9162,"date":"2026-04-25T20:51:55","date_gmt":"2026-04-25T18:51:55","guid":{"rendered":"https:\/\/swiety-jozef.pl\/?p=9162"},"modified":"2026-04-25T20:51:57","modified_gmt":"2026-04-25T18:51:57","slug":"ogloszenia-duszpasterskie-26-04-2026-r","status":"publish","type":"post","link":"https:\/\/swiety-jozef.pl\/index.php\/2026\/04\/25\/ogloszenia-duszpasterskie-26-04-2026-r\/","title":{"rendered":"Og\u0142oszenia duszpasterskie 26.04.2026 r."},"content":{"rendered":"\n<!--more-->\n\n\n\n<p class=\"has-text-align-right\">Nowa S\u00f3l 26.04.2026<\/p>\n\n\n\n<h4 class=\"wp-block-heading has-text-align-center\">Og\u0142oszenia duszpasterskie<br>IV NIEDZIELA Wielkanocna rok A<br>Niedziela Dobrego Pasterza<\/h4>\n\n\n\n<div style=\"height:25px\" aria-hidden=\"true\" class=\"wp-block-spacer\"><\/div>\n\n\n\n<ol class=\"wp-block-list\">\n<li><strong>Dzisiaj IV niedziela wielkanocna &#8211; <\/strong><strong>Niedziela Dobrego Pasterza<\/strong><\/li>\n\n\n\n<li><strong>W pi\u0105tek <\/strong><strong>1 Maja<\/strong><strong> uroczysto\u015bci odpustowa<\/strong>\u00a0\u00a0<strong>\u015aw. J\u00f3zefa Rzemie\u015blnika patrona naszej parafii. Msze \u015bw. o godz. 7<\/strong><sup><strong>00<\/strong><\/sup><strong>, 9<\/strong><sup><strong>00<\/strong><\/sup><strong>, 11<\/strong><sup><strong>00<\/strong><\/sup><strong>, 18<\/strong><sup><strong>00<\/strong><\/sup><strong>.<\/strong><\/li>\n\n\n\n<li><strong>Suma odpustowa o godz. 11<\/strong><sup><strong>00<\/strong><\/sup><strong>\u00a0kt\u00f3rej przewodniczy\u0142 b\u0119dzie ks. Stanis\u0142aw Podfigurny dyrektor Caritas naszej diecezji.<\/strong><\/li>\n\n\n\n<li><strong>Po sumie odpustowej zapraszamy na wsp\u00f3lne biesiadowanie na placu przed ko\u015bcio\u0142em. B\u0119d\u0105 zabawy i konkursy dla dzieci, gor\u0105cy posi\u0142ek, kie\u0142baski z grilla. Dobrowolne ofiary b\u0119d\u0105 przeznaczone na remont wie\u017cy naszego ko\u015bcio\u0142a.<\/strong><\/li>\n\n\n\n<li><strong>Osoby chc\u0105ce upiec ciasto proszone s\u0105 o zg\u0142oszenie si\u0119 do zakrystii. B\u00f3g Zap\u0142a\u0107.<\/strong><\/li>\n\n\n\n<li><strong>Na festynie parafialnym chcemy zorganizowa\u0107 stoisko z atrakcyjnymi fantami jako wsparcie remontu wie\u017c naszego ko\u015bcio\u0142a. Je\u017celi kto\u015b z Pa\u0144stwa ma atrakcyjne fanty &#8211; nowe, kt\u00f3re chcia\u0142by przekaza\u0107 na kiermasz to mo\u017cna je przynie\u015b\u0107 do zakrystii naszego ko\u015bcio\u0142a.<\/strong><\/li>\n\n\n\n<li><strong>Pan\u00f3w prosimy o pomoc w przewiezieniu sto\u0142\u00f3w w czwartek 30IV o godz. 17<\/strong><sup><strong>00<\/strong><\/sup><strong> &#8211; zg\u0142oszenie w zakrystii.<\/strong><\/li>\n\n\n\n<li><strong>Zapraszamy rodzic\u00f3w z dziewczynkami do sypania kwiat\u00f3w w czasie procesji odpustowej, pr\u00f3ba w \u015brod\u0119 o godz. 17<\/strong><sup><strong>00<\/strong><\/sup><strong>.<\/strong><\/li>\n\n\n\n<li><strong>Biskup diecezjalny udziela dyspensy od pokarm\u00f3w mi\u0119snych w pi\u0105tek 1 maja.<\/strong><\/li>\n\n\n\n<li><strong>Od pi\u0105tku<\/strong>\u00a0<strong>nabo\u017ce\u0144stwa Majowe w dni powszednie o godz. 17<\/strong><sup><strong>30<\/strong><\/sup><strong>\u00a0w niedziele o godz. 18<\/strong><sup><strong>00<\/strong><\/sup><strong>. Dzieci prosimy aby na nabo\u017ce\u0144stwa majowe przynosi\u0142y kwiatki, kt\u00f3re umie\u015bcimy przed figur\u0105 Matki Bo\u017cej.<\/strong><\/li>\n\n\n\n<li><strong>W sobot\u0119 2 maja przeniesiona z niedzieli Uroczysto\u015b\u0107 MB Kr\u00f3lowej Polski.<\/strong>\u00a0Msze \u015bw.<strong>\u00a0o godz. 7<\/strong><sup><strong>00<\/strong><\/sup><strong>, 9<\/strong><sup><strong>00<\/strong><\/sup><strong>, 16<\/strong><sup><strong>30<\/strong><\/sup><strong>, 18<\/strong><sup><strong>00<\/strong><\/sup><strong>.<\/strong><strong> Msza \u015bw. z udzieleniem sakramentu Bierzmowania o godz. 16<\/strong><sup><strong>30<\/strong><\/sup><\/li>\n\n\n\n<li><strong>W przysz\u0142\u0105 niedziele Msza \u015bw. za OJCZYZN\u0118 w naszym ko\u015bciele o godz. 12<\/strong><sup><strong>30<\/strong><\/sup><strong> &#8211; Rocznica Konstytucji 3 Maja i wspomnienie \u015bw. Floriana patrona stra\u017cak\u00f3w.<\/strong><\/li>\n\n\n\n<li><strong>Prosimy o udekorowanie naszych dom\u00f3w i mieszka\u0144 flagami religijnymi i narodowymi.<\/strong><\/li>\n\n\n\n<li><strong>W przysz\u0142\u0105 niedziele na Mszy \u015bw. o godz.\u00a0 7<\/strong><sup><strong>30<\/strong><\/sup><strong>\u00a0zmiana tajemnic \u017cywego R\u00f3\u017ca\u0144ca a po Mszy \u015bw. o godz. 18<\/strong><sup><strong>30\u00a0<\/strong><\/sup><strong>nauka dla rodzic\u00f3w i chrzestnych przed chrztem \u015bw, dzieci<\/strong>.<\/li>\n\n\n\n<li><strong>W tym tygodniu I pi\u0105tek i I sobota miesi\u0105ca.\u00a0<\/strong><\/li>\n\n\n\n<li><strong>Spowied\u017a I pi\u0105tkowa 30 min przed ka\u017cd\u0105 Msz\u0105 \u015bw. i od godz. 17<\/strong><sup><strong>00<\/strong><\/sup><\/li>\n\n\n\n<li><strong>Chorych z pos\u0142ug\u0105 sakramentaln\u0105 <\/strong><strong>odwiedzimy w 2 sobot\u0119 maja<\/strong>\u00a0<strong>\/9 maja\/, nowych chorych mo\u017cna zg\u0142asza\u0107 w zakrystii.<\/strong><\/li>\n\n\n\n<li><strong>Kurs przedma\u0142\u017ce\u0144ski odb\u0119dzie si\u0119 w dniach 9-10; 16-17 maja. Nauki w parafiach: 9V \u015bw. Micha\u0142a godz 18<\/strong><sup><strong>45<\/strong><\/sup><strong>; 10V \u015bw. J\u00f3zefa godz. 19<\/strong><sup><strong>30<\/strong><\/sup><strong>; 16V \u015bw. Antoni godz. 19<\/strong><sup><strong>30<\/strong><\/sup><strong>; 17V par. Plesz\u00f3wek godz. 18<\/strong><sup><strong>45<\/strong><\/sup><\/li>\n\n\n\n<li><strong>Rodzice Laury Wolniewicz zwr\u00f3cili si\u0119 z pro\u015bb\u0105 o wsparcie w leczeniu terapi\u0105 genow\u0105 3 letniej Laury. Dzisiaj po mszach \u015bw. odb\u0119dzie si\u0119 zbi\u00f3rka do puszek, oraz cegie\u0142ka wsparcia w postaci paczek z zabawkami. Dzi\u0119kujemy za ka\u017cde wsparcie.<\/strong><\/li>\n\n\n\n<li><strong>Dzieci klas II po Mszy \u015bw. zapraszamy do kaplicy, dzieci klas III prosimy o pozostanie w ko\u015bciele.<\/strong><\/li>\n\n\n\n<li><strong>Dzi\u0119kuj\u0119 2 osobom z ul. <\/strong><strong>Staszica blok nr. 3 i blok nr 5 <\/strong><strong>i 4 osobom ch\u0119tnym za sprz\u0105tanie ko\u015bcio\u0142a i ofiary na kwiaty. Msza \u015bw. za te osoby 13.05.2026 o godz. 18<\/strong><sup><strong>00<\/strong><\/sup><\/li>\n\n\n\n<li><strong>W sobot\u0119 na godz. 10<\/strong><sup><strong>00<\/strong><\/sup><strong> do sprz\u0105tania ko\u015bcio\u0142a prosz\u0119 wiernych zam. ul. Staszica blok nr. 7 i nr 9<\/strong><\/li>\n\n\n\n<li><strong><em>Dzi\u0119kujemy za ofiary na tac\u0119 i za przelewy na konto parafii &#8211; B\u00f3g Zap\u0142a\u0107. Numer konta bankowego parafii: 58 9673 0007 0000 0300 4864 0001 <\/em><\/strong><strong>za trosk\u0119, zrozumienie i ofiary serdeczne B\u00f3g zap\u0142a\u0107.<\/strong><\/li>\n\n\n\n<li><strong>Zach\u0119camy do zakupu i lektury prasy katolickiej: Tygodnika NIEDZIELA, GO\u015a\u0106 NIEDZIELNY<\/strong><\/li>\n\n\n\n<li><strong>W minionym tygodniu z naszej parafii zmarli: <\/strong>Jerzy <strong>Janowski <\/strong>z ul. Krasi\u0144skiego; Jan<strong> Gwizda\u0142a<\/strong> z ul. Fredry; Janina<strong> Andrzejewska <\/strong>z o\u015b. Konstytucji 3 Maja; \u0141ucja<strong> Haluch <\/strong>z ul. Staszica; Jan<strong> Abramczyk <\/strong>z ul. Matejki &#8211; pami\u0119tajmy w modlitwie.<\/li>\n\n\n\n<li><strong>Pozdrawiamy wszystkich chorych, pami\u0119tamy o Was w modlitwie, \u017cycz\u0105c szybkiego powrotu do zdrowia<\/strong><\/li>\n\n\n\n<li><strong>Wszystkim parafianom\u00a0i go\u015bciom \u017cyczymy dobrej niedzieli i Bo\u017cego b\u0142ogos\u0142awie\u0144stwa.<\/strong><\/li>\n<\/ol>\n\n\n\n<p class=\"has-text-align-right\">Ks. Krzysztof Kocz<br>Proboszcz<\/p>\n\n\n\n<div style=\"height:40px\" aria-hidden=\"true\" class=\"wp-block-spacer\"><\/div>\n","protected":false},"excerpt":{"rendered":"","protected":false},"author":3,"featured_media":3316,"comment_status":"closed","ping_status":"closed","sticky":false,"template":"","format":"standard","meta":{"_lmt_disableupdate":"","_lmt_disable":"","footnotes":""},"categories":[19],"tags":[],"class_list":["post-9162","post","type-post","status-publish","format-standard","has-post-thumbnail","hentry","category-ogloszenia"],"_links":{"self":[{"href":"https:\/\/swiety-jozef.pl\/index.php\/wp-json\/wp\/v2\/posts\/9162","targetHints":{"allow":["GET"]}}],"collection":[{"href":"https:\/\/swiety-jozef.pl\/index.php\/wp-json\/wp\/v2\/posts"}],"about":[{"href":"https:\/\/swiety-jozef.pl\/index.php\/wp-json\/wp\/v2\/types\/post"}],"author":[{"embeddable":true,"href":"https:\/\/swiety-jozef.pl\/index.php\/wp-json\/wp\/v2\/users\/3"}],"replies":[{"embeddable":true,"href":"https:\/\/swiety-jozef.pl\/index.php\/wp-json\/wp\/v2\/comments?post=9162"}],"version-history":[{"count":1,"href":"https:\/\/swiety-jozef.pl\/index.php\/wp-json\/wp\/v2\/posts\/9162\/revisions"}],"predecessor-version":[{"id":9163,"href":"https:\/\/swiety-jozef.pl\/index.php\/wp-json\/wp\/v2\/posts\/9162\/revisions\/9163"}],"wp:featuredmedia":[{"embeddable":true,"href":"https:\/\/swiety-jozef.pl\/index.php\/wp-json\/wp\/v2\/media\/3316"}],"wp:attachment":[{"href":"https:\/\/swiety-jozef.pl\/index.php\/wp-json\/wp\/v2\/media?parent=9162"}],"wp:term":[{"taxonomy":"category","embeddable":true,"href":"https:\/\/swiety-jozef.pl\/index.php\/wp-json\/wp\/v2\/categories?post=9162"},{"taxonomy":"post_tag","embeddable":true,"href":"https:\/\/swiety-jozef.pl\/index.php\/wp-json\/wp\/v2\/tags?post=9162"}],"curies":[{"name":"wp","href":"https:\/\/api.w.org\/{rel}","templated":true}]}}