{"id":9144,"date":"2026-04-04T19:28:32","date_gmt":"2026-04-04T17:28:32","guid":{"rendered":"https:\/\/swiety-jozef.pl\/?p=9144"},"modified":"2026-04-04T19:28:35","modified_gmt":"2026-04-04T17:28:35","slug":"intencje-mszalne-05-04-12-04-2026-r","status":"publish","type":"post","link":"https:\/\/swiety-jozef.pl\/index.php\/2026\/04\/04\/intencje-mszalne-05-04-12-04-2026-r\/","title":{"rendered":"Intencje mszalne 05.04 \u2013 12.04.2026 r."},"content":{"rendered":"\n<!--more-->\n\n\n\n<div style=\"height:25px\" aria-hidden=\"true\" class=\"wp-block-spacer\"><\/div>\n\n\n\n<p class=\"has-vivid-red-color has-text-color has-link-color wp-elements-e1fcc8e4397377427dcabeb463de27a1\"><strong>Niedziela ZMARTWYCHWSTANIE PA\u0143SKIE 05.04.2026r.<\/strong><\/p>\n\n\n\n<p><strong>6<\/strong><sup><strong>00<\/strong><\/sup> <strong>1. <\/strong>Za Parafian<\/p>\n\n\n\n<p>2. +Miko\u0142aj i Nadzieja Bogusz<\/p>\n\n\n\n<p><strong>9<\/strong><sup><strong>30<\/strong><\/sup><sup> <\/sup><strong>1.<\/strong> Dz. B\u0142: w int. J\u00f3zef \/on\/ Bo\u017ce b\u0142ogos\u0142.<\/p>\n\n\n\n<p><strong>2.<\/strong> +Jan Porowski<\/p>\n\n\n\n<p><strong>11<\/strong><sup><strong>00<\/strong><\/sup> <strong>1. <\/strong>+Zyta WERES<\/p>\n\n\n\n<p><strong>12<\/strong><sup><strong>30<\/strong><\/sup><sup> <\/sup><strong>1. <\/strong>+Zdzis\u0142aw 20 r.\u015bm., ++ z Rodz. Bana\u015b, Sucho\u0144<\/p>\n\n\n\n<p><strong>14<\/strong><sup><strong>00<\/strong><\/sup> <strong>1. <\/strong>+Marian Pa\u0144tak 1 r.\u015bm.<\/p>\n\n\n\n<p><strong>18<\/strong><sup><strong>30<\/strong><\/sup> <strong>1. <\/strong>+Marian Czerniawski 20 r.\u015bm., +Grzegorz Lorych 2 r.\u015bm. i ++ z obu Rodzin.<\/p>\n\n\n\n<div style=\"height:25px\" aria-hidden=\"true\" class=\"wp-block-spacer\"><\/div>\n\n\n\n<p class=\"has-vivid-red-color has-text-color has-link-color wp-elements-005139f98caf14752fa7538b5b65bd3c\"><strong>Poniedzia\u0142ek Wielkanocny 06.04.2026r.<\/strong><\/p>\n\n\n\n<p><strong>7<\/strong><sup><strong>30<\/strong><\/sup> <strong>1. <\/strong>+Romuald Burzymski 17 r.\u015bm.<\/p>\n\n\n\n<p><strong>9<\/strong><sup><strong>30<\/strong><\/sup> <strong>1. <\/strong>+W\u0142adys\u0142aw Szlachetka 7 r.\u015bm.<\/p>\n\n\n\n<p><strong>11<\/strong><sup><strong>00<\/strong><\/sup> <strong>1. <\/strong>+Antoni Faron greg.<\/p>\n\n\n\n<p><strong>12<\/strong><sup><strong>30<\/strong><\/sup> <strong>1. <\/strong>Za Parafian<\/p>\n\n\n\n<p><strong>14<\/strong><sup><strong>00<\/strong><\/sup> <strong>1. <\/strong>+Marek Szarwark. +Tomasz, +Tomasz Kaliszewscy<\/p>\n\n\n\n<p><strong>18<\/strong><sup><strong>00<\/strong><\/sup> <strong>1. <\/strong>+Anna 15 r.\u015bm., +Jerzy<\/p>\n\n\n\n<div style=\"height:25px\" aria-hidden=\"true\" class=\"wp-block-spacer\"><\/div>\n\n\n\n<p><strong>Wtorek 07.04.2026r.<\/strong><\/p>\n\n\n\n<p><strong>7<\/strong><sup><strong>00<\/strong><\/sup> <strong>1.<\/strong> +Antoni Faron greg. 2<\/p>\n\n\n\n<p><strong>18<\/strong><sup><strong>00<\/strong><\/sup> <strong>1. <\/strong>+Pelagia i Kazimierz Wi\u0107ko \/ks. Tomasz\/<\/p>\n\n\n\n<p><strong>2.<\/strong> +Marek, Michalina i Miko\u0142aj<\/p>\n\n\n\n<div style=\"height:25px\" aria-hidden=\"true\" class=\"wp-block-spacer\"><\/div>\n\n\n\n<p><strong>\u015aroda 08.04.2026r.<\/strong><\/p>\n\n\n\n<p><strong>7<\/strong><sup><strong>00<\/strong><\/sup><sup> <\/sup><strong>1. <\/strong>+Antoni Faron greg. 3<\/p>\n\n\n\n<p><strong>18<\/strong><sup><strong>00<\/strong><\/sup> <strong>INTENCJA ZBIOROWA:<\/strong><\/p>\n\n\n\n<p>&#8211; Dz.B\u0142: Maria Marczenia z ok. im. Int. R\u00f3\u017cy NSNMP<\/p>\n\n\n\n<p>&#8211; Dz.B\u0142: Jolanta Babiarz, Bogus\u0142awa Wo\u017aniak \u2013 int. z R\u00f3\u017cy MB Wychowawczyni Powo\u0142a\u0144 Kap\u0142a\u0144skich<\/p>\n\n\n\n<p>-Dz.B\u0142: Julia Klamecka, Irena Pi\u0105tek, Zofia Wojciechowska, Ryszarda Kasperska z ok. Imienin \u2013 int. z R\u00f3\u017cy \u015aw. Anny<\/p>\n\n\n\n<p>&#8211; Dz.B\u0142: Kazimiera (ona) 84 r.ur., Aleksander (on) 7 r.urodzin \u2013 o potrz. \u0141aski i b\u0142. Bo\u017ce<\/p>\n\n\n\n<p>&#8211; Dz.B\u0142: Katarzyna i Micha\u0142 (i ca\u0142ej Rodziny) \u2013 int. z ok. Imienin<\/p>\n\n\n\n<p>&#8211; w int. sprz\u0105taj\u0105cych K-\u0142 z ul. Fredry bl. 1 i 2, 2 os. ch\u0119tnych i ich rodzin<\/p>\n\n\n\n<div style=\"height:25px\" aria-hidden=\"true\" class=\"wp-block-spacer\"><\/div>\n\n\n\n<p><strong>Czwartek 09.04.2026r.<\/strong><\/p>\n\n\n\n<p><strong>7<\/strong><sup><strong>00<\/strong><\/sup> <strong>1<\/strong>. +Antoni Faron greg. 4<\/p>\n\n\n\n<p><strong>18<\/strong><sup><strong>00<\/strong><\/sup> <strong>1.<\/strong> +\u0141ucja Duda i Jan Mosbauer<\/p>\n\n\n\n<div style=\"height:25px\" aria-hidden=\"true\" class=\"wp-block-spacer\"><\/div>\n\n\n\n<p><strong>Pi\u0105tek 10.04.2026r.<\/strong><\/p>\n\n\n\n<p><strong>7<\/strong><sup><strong>00<\/strong><\/sup> <strong>1<\/strong>. +Edward Lewicki 8 r.\u015bm.<\/p>\n\n\n\n<p><strong>18<\/strong><sup><strong>00<\/strong><\/sup> <strong>1.<\/strong> +Tadeusz Sienicki (2 r.\u015bm.), +Jadwiga Radajewska<\/p>\n\n\n\n<p><strong>2.<\/strong> +Antoni Faron greg. 5<\/p>\n\n\n\n<p><strong>3.<\/strong> +Marian Ko\u0142adziej i zm. z rodz.<\/p>\n\n\n\n<div style=\"height:25px\" aria-hidden=\"true\" class=\"wp-block-spacer\"><\/div>\n\n\n\n<p><strong>Sobota 11.04.2026r.<\/strong><\/p>\n\n\n\n<p><strong>7<\/strong><sup><strong>00<\/strong><\/sup> <strong>1<\/strong>. +Antoni Faron greg. 6<\/p>\n\n\n\n<p><strong>18<\/strong><sup><strong>00<\/strong><\/sup> <strong>1.<\/strong> Dz.B\u0142: Wanda i J\u00f3zef \u0106wirko z ok. 60 r. \u015blubu<\/p>\n\n\n\n<p><strong>2.<\/strong> Dz.B\u0142: Tomasz Szymlet 48 r.ur o \u0142ask\u0119 zdrowia, b\u0142og. Bo\u017ce i opiek\u0119 Matki Naj\u015bwi\u0119tszej<\/p>\n\n\n\n<div style=\"height:25px\" aria-hidden=\"true\" class=\"wp-block-spacer\"><\/div>\n\n\n\n<p class=\"has-vivid-red-color has-text-color has-link-color wp-elements-4fabcbe9b88175afba89960f52e24437\"><strong>Niedziela 12.04.2026r.<\/strong><\/p>\n\n\n\n<p><strong>7<\/strong><sup><strong>30<\/strong><\/sup> <strong>1. <\/strong>+Eugeniusz, Stanis\u0142awa (ona), Boles\u0142aw, Adam<\/p>\n\n\n\n<p>2.+Zyta WERES<\/p>\n\n\n\n<p><strong>9<\/strong><sup><strong>30<\/strong><\/sup><sup> <\/sup><strong>1.<\/strong> +Antoni Faron greg. 7<\/p>\n\n\n\n<p><strong>2.<\/strong> +Czes\u0142aw Szyma\u0144ski 20 r.\u015bm., +Helena Urba\u0144ska<\/p>\n\n\n\n<p><strong>11<\/strong><sup><strong>00<\/strong><\/sup> <strong>1. <\/strong>++z Rodz. Nowak i Jakubowczak<\/p>\n\n\n\n<p><strong>2. <\/strong>Dz.B\u0142: za wnuki: Marta, Wojciech, Bartosz<\/p>\n\n\n\n<p><strong>12<\/strong><sup><strong>30<\/strong><\/sup><sup> <\/sup><strong>1. <\/strong>Za Parafian<\/p>\n\n\n\n<p><strong>14<\/strong><sup><strong>00<\/strong><\/sup> <strong>1. <\/strong>+Anna Ho\u0142tyn<\/p>\n\n\n\n<p><strong>2.<\/strong> Dz.B\u0142: Halina WEGNER 80 r.ur.<\/p>\n\n\n\n<p><strong>18<\/strong><sup><strong>30<\/strong><\/sup> <strong>1. <\/strong>+Zofia, Lucyna, Leszek GZIK<\/p>\n\n\n\n<div style=\"height:40px\" aria-hidden=\"true\" class=\"wp-block-spacer\"><\/div>\n","protected":false},"excerpt":{"rendered":"","protected":false},"author":3,"featured_media":4429,"comment_status":"closed","ping_status":"closed","sticky":false,"template":"","format":"standard","meta":{"_lmt_disableupdate":"","_lmt_disable":"","footnotes":""},"categories":[20],"tags":[],"class_list":["post-9144","post","type-post","status-publish","format-standard","has-post-thumbnail","hentry","category-intencje"],"_links":{"self":[{"href":"https:\/\/swiety-jozef.pl\/index.php\/wp-json\/wp\/v2\/posts\/9144","targetHints":{"allow":["GET"]}}],"collection":[{"href":"https:\/\/swiety-jozef.pl\/index.php\/wp-json\/wp\/v2\/posts"}],"about":[{"href":"https:\/\/swiety-jozef.pl\/index.php\/wp-json\/wp\/v2\/types\/post"}],"author":[{"embeddable":true,"href":"https:\/\/swiety-jozef.pl\/index.php\/wp-json\/wp\/v2\/users\/3"}],"replies":[{"embeddable":true,"href":"https:\/\/swiety-jozef.pl\/index.php\/wp-json\/wp\/v2\/comments?post=9144"}],"version-history":[{"count":1,"href":"https:\/\/swiety-jozef.pl\/index.php\/wp-json\/wp\/v2\/posts\/9144\/revisions"}],"predecessor-version":[{"id":9145,"href":"https:\/\/swiety-jozef.pl\/index.php\/wp-json\/wp\/v2\/posts\/9144\/revisions\/9145"}],"wp:featuredmedia":[{"embeddable":true,"href":"https:\/\/swiety-jozef.pl\/index.php\/wp-json\/wp\/v2\/media\/4429"}],"wp:attachment":[{"href":"https:\/\/swiety-jozef.pl\/index.php\/wp-json\/wp\/v2\/media?parent=9144"}],"wp:term":[{"taxonomy":"category","embeddable":true,"href":"https:\/\/swiety-jozef.pl\/index.php\/wp-json\/wp\/v2\/categories?post=9144"},{"taxonomy":"post_tag","embeddable":true,"href":"https:\/\/swiety-jozef.pl\/index.php\/wp-json\/wp\/v2\/tags?post=9144"}],"curies":[{"name":"wp","href":"https:\/\/api.w.org\/{rel}","templated":true}]}}