{"id":9142,"date":"2026-04-04T19:25:09","date_gmt":"2026-04-04T17:25:09","guid":{"rendered":"https:\/\/swiety-jozef.pl\/?p=9142"},"modified":"2026-04-05T10:30:58","modified_gmt":"2026-04-05T08:30:58","slug":"ogloszenia-duszpasterskie-05-04-2026-r","status":"publish","type":"post","link":"https:\/\/swiety-jozef.pl\/index.php\/2026\/04\/04\/ogloszenia-duszpasterskie-05-04-2026-r\/","title":{"rendered":"Og\u0142oszenia duszpasterskie 05.04.2026 r."},"content":{"rendered":"\n<!--more-->\n\n\n\n<p class=\"has-text-align-right\">Nowa S\u00f3l 05.04.2026<\/p>\n\n\n\n<h4 class=\"wp-block-heading has-text-align-center\">Og\u0142oszenia duszpasterskie<br>I NIEDZIELA Wielkanocna<br>ZMARTWYCHWSTANIA PA\u0143SKIEGO rok A<\/h4>\n\n\n\n<div style=\"height:25px\" aria-hidden=\"true\" class=\"wp-block-spacer\"><\/div>\n\n\n\n<ol class=\"wp-block-list\">\n<li><strong>Dzisiaj niedziela Zmartwychwstania Pana Jezusa. Msze \u015bw. w naszym ko\u015bciele:<\/strong> <strong>o godz. 6<\/strong><sup><strong>00<\/strong><\/sup><strong>z procesj\u0105 rezurekcyjn\u0105, o godz.: 9<\/strong><sup><strong>30<\/strong><\/sup><strong>, 11<\/strong><sup><strong>00<\/strong><\/sup><strong>,12<\/strong><sup><strong>30<\/strong><\/sup><strong>, 14<\/strong><sup><strong>00 <\/strong><\/sup><strong>i 18<\/strong><sup><strong>30<\/strong><\/sup><\/li>\n\n\n\n<li><strong>Jutro drugi dzie\u0144 \u015awi\u0105t Wielkanocnych. Msze \u015bw. w dniu jutrzejszym b\u0119d\u0105 wed\u0142ug porz\u0105dku niedzielnego, czyli o godz.<\/strong><strong> 7.30, 9.30, 11.00, 12.30, 14.00 i 18.30.<\/strong><\/li>\n\n\n\n<li><strong>Ofiary na tac\u0119 z drugiego dnia Wielkanocy tradycyjnie przeznaczone s\u0105 na Katolicki Uniwersytet Lubelski i Instytut Filozoficzno &#8211; Teologiczny w Zielonej G\u00f3rze.<\/strong><\/li>\n\n\n\n<li><strong>W przysz\u0142\u0105 niedziel\u0119 prze\u017cywa\u0107 b\u0119dziemy <\/strong><em><strong>\u015awi\u0119to Mi\u0142osierdzia Bo\u017cego.<\/strong><\/em><\/li>\n\n\n\n<li><strong>Trwamy w modlitwie<\/strong><strong> nowenny do Mi\u0142osierdzia Bo\u017cego, zapraszamy codziennie o godz. 15<\/strong><sup><strong>00<\/strong><\/sup><strong> do naszej kaplicy ca\u0142odniowej adoracji Naj\u015bwi\u0119tszego Sakramentu.<\/strong><\/li>\n\n\n\n<li><strong>Pragn\u0119 wyrazi\u0107 szczer\u0105 i serdeczn\u0105 wdzi\u0119czno\u015b\u0107 Ks. Tomaszowi za pos\u0142ug\u0119 w konfesjonale w okresie Wielkiego Postu. Dzi\u0119kuj\u0119 za przygotowanie konstrukcji o\u0142tarzy Grobu Pa\u0144skiego p. Paw\u0142owi i p. Kasi Chmiel. Dzi\u0119kuje p. Magdalenie Rybi\u0144skiej za projekt o\u0142tarzy i u\u0142o\u017cenie kwiat\u00f3w, siostrze Mari. p. Markowi Tokarek, Mietkowi Wawrzyniakowi, Adamowi Hoffmanowi, Micha\u0142owi Galus, Piotrowi Piwko, Krystianowi Serafi\u0144skiemu za aktywn\u0105 pomoc w dekoracji \u2013 dzi\u0119kuj\u0119 wszystkim kt\u00f3rzy z\u0142o\u017cyli ofiar\u0119 na kwiaty do Bo\u017cego Grobu. Dzi\u0119kuje za opraw\u0119 liturgii: ceremoniarzom na czele z Miko\u0142ajom Ostojskim, szafarzom, panom ministrantom i ca\u0142ej S\u0142u\u017cbie Liturgicznej O\u0142tarza. Dzi\u0119kuj\u0119 za starann\u0105 pos\u0142ug\u0119 podczas Triduum Paschalnego; Ch\u00f3rowi i siostrze Magdalenie, panu Hubertowi i Parafialnej Orkiestrze D\u0119tej FERMATA BAND za udzia\u0142 w dzisiejszej uroczysto\u015bci rezurekcyjnej. Dzi\u0119kuj\u0119 za ciasto i specja\u0142y, kt\u00f3re otrzymali\u015bmy na plebani\u0119.<\/strong> <strong>Niech Dobry B\u00f3g wszystkim stokrotnie wynagrodzi za ka\u017cdy trud i ka\u017cde dobro wniesione dla<\/strong> <strong>wi\u0119kszej chwa\u0142y i duchowego dobra wiernych.<\/strong><\/li>\n\n\n\n<li><strong>W \u015brod\u0119 o godz. 18<\/strong><sup>00 <\/sup><strong>nowenna do MB Nieustaj\u0105cej Pomocy i \u015bw. J\u00f3zefa.<\/strong><\/li>\n\n\n\n<li><strong>W pi\u0105tek w oktawie Wielkanocy nie obowi\u0105zuj post od pokarm\u00f3w mi\u0119snych.<\/strong><\/li>\n\n\n\n<li><strong>Spotkanie m\u0142odzie\u017cy przygotowuj\u0105cej do sakramentu bierzmowania odb\u0119dzie si\u0119 w tym tygodniu: klas VII w czwartek, klasy VIII w pi\u0105tek. Spotkanie obowi\u0105zkowe rozpoczyna si\u0119 Msz\u0105 \u015bw. o godz. 18:00, m\u0142odzie\u017c, kt\u00f3ra ma zaleg\u0142o\u015bci i nie otrzyma\u0142a po\u015bwi\u0119conych krzy\u017cy te\u017c zapraszamy na to spotkanie.<\/strong><\/li>\n\n\n\n<li><strong>Zmiana tajemnic \u017bywego R\u00f3\u017ca\u0144ca przysz\u0142\u0105 w niedziele na Mszy \u015bw. o godz. 7<\/strong><sup><strong>30<\/strong><\/sup><\/li>\n\n\n\n<li><strong>W przysz\u0142\u0105 niedziel\u0119 zbi\u00f3rka do puszek na dzia\u0142alno\u015bci charytatywn\u0105 Caritas naszej Diecezji.<\/strong><\/li>\n\n\n\n<li><strong>Zapraszamy na warsztaty dla rodzic\u00f3w o wychowaniu dzieci we wsp\u00f3\u0142czesnym \u015bwiecie, kt\u00f3re odb\u0119d\u0105 si\u0119 11 kwietnia od 10<\/strong><sup><strong>00<\/strong><\/sup><strong> do 14<\/strong><sup><strong>00<\/strong><\/sup><strong> w szkole katolickiej. Szczeg\u00f3\u0142y w gablocie.<\/strong><\/li>\n\n\n\n<li><strong>Dzi\u0119kuj\u0119 9 osobom ch\u0119tnymi 2 dziewczynkom przed I Komuni\u0105 \u015bw. za posprz\u0105tanie ko\u015bcio\u0142a na dzisiejsz\u0105 uroczysto\u015b\u0107. Msza \u015bw. za te osoby 22.04.2026 o godz. 18<\/strong><sup><strong>00<\/strong><\/sup><\/li>\n\n\n\n<li><strong>W sobot\u0119 na godz. 9<\/strong><sup><strong>00<\/strong><\/sup><strong> do sprz\u0105tania ko\u015bcio\u0142a prosz\u0119 wiernych zam. ul. Fredry nr. 5 i blok nr 6<\/strong><\/li>\n\n\n\n<li><strong><em>Dzi\u0119kujemy za ofiary na tac\u0119 i za przelewy na konto parafii. B\u00f3g Zap\u0142a\u0107. Numer konta bankowego parafii: 58 9673 0007 0000 0300 4864 0001.<\/em><\/strong><\/li>\n\n\n\n<li><strong>Zach\u0119camy do zakupu i lektury prasy katolickiej: Tygodnika NIEDZIELA, GO\u015a\u0106 NIEDZIELNY I,<\/strong><\/li>\n\n\n\n<li><strong>W minionym tygodniu z naszej parafii zmar\u0142: <\/strong>+Aleksandra<strong>Pucha\u0142a <\/strong>zam. ul. Fredry; +Marianna<strong>Patyk <\/strong>zam. os Konst. 3 Maja; +Stanis\u0142aw <strong>Radzewicz<\/strong> zam. os Konst. 3 Maja<\/li>\n\n\n\n<li><strong>Pozdrawiamy wszystkich chorych, pami\u0119tamy o Was w modlitwie, \u017cycz\u0105c szybkiego powrotu do zdrowia<\/strong><\/li>\n\n\n\n<li><strong>Drodzy Siostry i Bracia! Chrystus Zmartwychwsta\u0142, prawdziwie Zmartwychwsta\u0142!!! Alleluja!!! Pragniemy \u017cyczy\u0107 Wam jako Duszpasterze, aby Chrystus obecny w EUCHARYSTII odnowi\u0142 i opromieni\u0142 Was blaskiem Swego Zmartwychwstania. Niechaj rado\u015b\u0107 i nadzieja, kt\u00f3re wyp\u0142ywaj\u0105 z Groty Zmartwychwstania pozostan\u0105 na zawsze w Waszych Sercach. \u017byczymy Wam, aby Tajemnica Paschalna nape\u0142ni\u0142a ka\u017cdego z Was wiar\u0105 i rado\u015bci\u0105! Niech wyzwala w Waszych wn\u0119trzach Moc do pomna\u017cania dobra w rodzinach, parafii i naszej Ojczy\u017anie. \u017byczenia POKOJU i wszelkiego dobra od Zmartwychwsta\u0142ego Pana sk\u0142adamy r\u00f3wnie\u017c wszystkim przyby\u0142ym Go\u015bciom! Niech B\u00f3g Wszechmog\u0105cy Wszystkim za wszelkie ofiary, dobro\u0107, modlitw\u0119 i prace stokrotnie wynagrodzi. B\u00f3g Zap\u0142a\u0107!<\/strong><\/li>\n<\/ol>\n\n\n\n<p class=\"has-text-align-right\">Ks. Krzysztof Kocz<br>Proboszcz<\/p>\n\n\n\n<div style=\"height:40px\" aria-hidden=\"true\" class=\"wp-block-spacer\"><\/div>\n","protected":false},"excerpt":{"rendered":"","protected":false},"author":3,"featured_media":3316,"comment_status":"closed","ping_status":"closed","sticky":false,"template":"","format":"standard","meta":{"_lmt_disableupdate":"","_lmt_disable":"","footnotes":""},"categories":[19],"tags":[],"class_list":["post-9142","post","type-post","status-publish","format-standard","has-post-thumbnail","hentry","category-ogloszenia"],"_links":{"self":[{"href":"https:\/\/swiety-jozef.pl\/index.php\/wp-json\/wp\/v2\/posts\/9142","targetHints":{"allow":["GET"]}}],"collection":[{"href":"https:\/\/swiety-jozef.pl\/index.php\/wp-json\/wp\/v2\/posts"}],"about":[{"href":"https:\/\/swiety-jozef.pl\/index.php\/wp-json\/wp\/v2\/types\/post"}],"author":[{"embeddable":true,"href":"https:\/\/swiety-jozef.pl\/index.php\/wp-json\/wp\/v2\/users\/3"}],"replies":[{"embeddable":true,"href":"https:\/\/swiety-jozef.pl\/index.php\/wp-json\/wp\/v2\/comments?post=9142"}],"version-history":[{"count":2,"href":"https:\/\/swiety-jozef.pl\/index.php\/wp-json\/wp\/v2\/posts\/9142\/revisions"}],"predecessor-version":[{"id":9146,"href":"https:\/\/swiety-jozef.pl\/index.php\/wp-json\/wp\/v2\/posts\/9142\/revisions\/9146"}],"wp:featuredmedia":[{"embeddable":true,"href":"https:\/\/swiety-jozef.pl\/index.php\/wp-json\/wp\/v2\/media\/3316"}],"wp:attachment":[{"href":"https:\/\/swiety-jozef.pl\/index.php\/wp-json\/wp\/v2\/media?parent=9142"}],"wp:term":[{"taxonomy":"category","embeddable":true,"href":"https:\/\/swiety-jozef.pl\/index.php\/wp-json\/wp\/v2\/categories?post=9142"},{"taxonomy":"post_tag","embeddable":true,"href":"https:\/\/swiety-jozef.pl\/index.php\/wp-json\/wp\/v2\/tags?post=9142"}],"curies":[{"name":"wp","href":"https:\/\/api.w.org\/{rel}","templated":true}]}}