{"id":9125,"date":"2026-03-22T00:38:39","date_gmt":"2026-03-21T23:38:39","guid":{"rendered":"https:\/\/swiety-jozef.pl\/?p=9125"},"modified":"2026-03-22T00:38:43","modified_gmt":"2026-03-21T23:38:43","slug":"intencje-mszalne-22-03-29-03-2026-r","status":"publish","type":"post","link":"https:\/\/swiety-jozef.pl\/index.php\/2026\/03\/22\/intencje-mszalne-22-03-29-03-2026-r\/","title":{"rendered":"Intencje mszalne 22.03 \u2013 29.03.2026 r."},"content":{"rendered":"\n<!--more-->\n\n\n\n<div style=\"height:25px\" aria-hidden=\"true\" class=\"wp-block-spacer\"><\/div>\n\n\n\n<p class=\"has-vivid-red-color has-text-color has-link-color wp-elements-5ee07d21b9f90fd7f627b500da0b3af7\"><strong>Niedziela \u2013 REKOLEKCJE &#8211; 22.03.2026r.<\/strong><\/p>\n\n\n\n<p><strong>7<\/strong><sup><strong>30<\/strong><\/sup> <strong>1. <\/strong>+Maria G\u0105dek 9 r.\u015bm.<\/p>\n\n\n\n<p>2. +Regina, J\u00f3zef, Miros\u0142aw Szczotarscy, +Boles\u0142aw Zuza\u0144ski, Edmund Wojtysiak<\/p>\n\n\n\n<p><strong>9<\/strong><sup><strong>30<\/strong><\/sup><sup> <\/sup><strong>1.<\/strong> +W\u0142adys\u0142aw Sowula<\/p>\n\n\n\n<p><strong>2.<\/strong> +Natalia, Zenon, Marianna, Stanis\u0142aw Kwiatkowscy i Aniela Cisowska, +Ignacy Olech<\/p>\n\n\n\n<p><strong>11<\/strong><sup><strong>00<\/strong><\/sup> <strong>1. <\/strong>Dz.B\u0142: Szymon 40 r. ur.<\/p>\n\n\n\n<p><strong>2.<\/strong> +Jerzy Picewicz 1 r.\u015bm.<\/p>\n\n\n\n<p><strong>12<\/strong><sup><strong>30<\/strong><\/sup><sup> <\/sup><strong>1. <\/strong>Za Parafian <strong>[CHRZEST: Maria Wojna]<\/strong><\/p>\n\n\n\n<p><strong>14<\/strong><sup><strong>00<\/strong><\/sup> <strong>1. <\/strong>+Helena 11 r.\u015bm.<\/p>\n\n\n\n<p><strong>2.<\/strong> +Mariusz Krzyszto\u0144 26 r.\u015bm.<\/p>\n\n\n\n<p><strong>18<\/strong><sup><strong>30<\/strong><\/sup> <strong>1. <\/strong>Dz.B\u0142: z ok. 12 rocznicy urodzin Miecia<\/p>\n\n\n\n<div style=\"height:25px\" aria-hidden=\"true\" class=\"wp-block-spacer\"><\/div>\n\n\n\n<p><strong>Poniedzia\u0142ek 23.03.2026r.<\/strong><\/p>\n\n\n\n<p><strong>7<\/strong><sup><strong>00<\/strong><\/sup> <strong>1. <\/strong>+Ignacy Piasecki \u2013 int. od DETY z rodz.<\/p>\n\n\n\n<p><strong>9<\/strong><sup><strong>00<\/strong><\/sup> <strong>1. <\/strong>+Maria Kasper 6 r.\u015bm.<\/p>\n\n\n\n<p><strong>16<\/strong><sup><strong>30<\/strong><\/sup> <strong>1. <\/strong>+Krzysztof i W\u0142adys\u0142aw Ostrowski<\/p>\n\n\n\n<p><strong>18<\/strong><sup><strong>00<\/strong><\/sup> <strong>1. <\/strong>+Zbigniew Komar 23 r.\u015bm<\/p>\n\n\n\n<div style=\"height:25px\" aria-hidden=\"true\" class=\"wp-block-spacer\"><\/div>\n\n\n\n<p><strong>Wtorek 24.03.2026r.<\/strong><\/p>\n\n\n\n<p><strong>7<\/strong><sup><strong>00<\/strong><\/sup> <strong>1.<\/strong> +Kazimiera i Tadeusz Jasi\u0144scy, ++ z Rodz. Jasi\u0144skich i Jankiewicz<\/p>\n\n\n\n<p><strong>9<\/strong><sup><strong>00<\/strong><\/sup> <strong>1.<\/strong> +Ignacy Parys<\/p>\n\n\n\n<p><strong>16<\/strong><sup><strong>30<\/strong><\/sup> <strong>1.<\/strong> <em>Intencja wolna<\/em><\/p>\n\n\n\n<p><strong>18<\/strong><sup><strong>00<\/strong><\/sup> <strong>1. <\/strong>+Stanis\u0142awa (ona), Zbigniew Muszy\u0144ski<\/p>\n\n\n\n<div style=\"height:25px\" aria-hidden=\"true\" class=\"wp-block-spacer\"><\/div>\n\n\n\n<p><strong>\u015aroda 25.03.2026r.<\/strong><\/p>\n\n\n\n<p><strong>7<\/strong><sup><strong>00<\/strong><\/sup><sup> <\/sup><strong>1. <\/strong>+Maria Koco\u0142 \u2013 int. od Rodz. \u0141uckich<\/p>\n\n\n\n<p><strong>9<\/strong><sup><strong>00<\/strong><\/sup> <strong>1.<\/strong> Dz.B\u0142: o zdrowie i b\u0142og. Bo\u017ce dla mamy Danuty oraz Grzesia, Piotra, Paw\u0142a i Emilii z Rodzinami<\/p>\n\n\n\n<p><strong>16<\/strong><sup><strong>30<\/strong><\/sup> <strong>1.<\/strong> <em>Intencja wolna<\/em><\/p>\n\n\n\n<p><strong>18<\/strong><sup><strong>00<\/strong><\/sup> <strong>INTENCJA ZBIOROWA:<\/strong><\/p>\n\n\n\n<p>&#8211; w int. 3 os\u00f3b ch\u0119tnych sprz\u0105taj\u0105cych K-\u0142<\/p>\n\n\n\n<p>&#8211; Dz. B\u0142: w int. Anna, Wojciech z ok. im. i Jakub<\/p>\n\n\n\n<p>&#8211; +Alicja, Zbigniew w rocz. \u015bm. i ++ z Rodz. Kowalskich, Jakubczyk<\/p>\n\n\n\n<p>&#8211; +Maria Florek \u2013 int. od \u017bywego R\u00f3\u017ca\u0144ca<\/p>\n\n\n\n<p>&#8211; +Janina CWOJDZI\u0143SKA 1 m-c po \u015bm.<\/p>\n\n\n\n<div style=\"height:25px\" aria-hidden=\"true\" class=\"wp-block-spacer\"><\/div>\n\n\n\n<p><strong>Czwartek 26.03.2026r.<\/strong><\/p>\n\n\n\n<p><strong>7<\/strong><sup><strong>00<\/strong><\/sup> <strong>1<\/strong>. +Ewa, Zofia, Jan, Piotr i zm. z rodz. Garbacz<\/p>\n\n\n\n<p><strong>18<\/strong><sup><strong>00<\/strong><\/sup> <strong>1.<\/strong> +Tadeusz Bia\u0142as (37 r.\u015bm.), +Walenty Drobnik (57 r.\u015bm.), ++ z obu stron<\/p>\n\n\n\n<div style=\"height:25px\" aria-hidden=\"true\" class=\"wp-block-spacer\"><\/div>\n\n\n\n<p><strong>Pi\u0105tek 27.03.2026r.<\/strong><\/p>\n\n\n\n<p><strong>7<\/strong><sup><strong>00<\/strong><\/sup> <strong>1.<\/strong> +Kazimierz G\u0105dek \u2013 int. od siostry Zofii z Rodzin\u0105<\/p>\n\n\n\n<p><strong>18<\/strong><sup><strong>00<\/strong><\/sup> <strong>1. <\/strong>+Maria, Eugeniusz Niepsuj<\/p>\n\n\n\n<p><strong>2.<\/strong> +Halina Henicz 2 r.\u015bm. i Jerzy Henicz 1 r.\u015bm.<\/p>\n\n\n\n<div style=\"height:25px\" aria-hidden=\"true\" class=\"wp-block-spacer\"><\/div>\n\n\n\n<p><strong>Sobota 28.03.2026r.<\/strong><\/p>\n\n\n\n<p><strong>7<\/strong><sup><strong>00 <\/strong><\/sup><strong>1. <\/strong>+Zbigniew Muszy\u0144ski \u2013 int. od przyjaci\u00f3\u0142 z \u017bar, Zielonej G\u00f3ry i G\u0142ogowa<\/p>\n\n\n\n<p><strong>18<\/strong><sup><strong>00<\/strong><\/sup> <strong>1. <\/strong>+Ryszard Skrzypczak w 7 r.\u015bm.<\/p>\n\n\n\n<p>2. +Karol Dynowski 6 r.\u015bm.<\/p>\n\n\n\n<div style=\"height:25px\" aria-hidden=\"true\" class=\"wp-block-spacer\"><\/div>\n\n\n\n<p class=\"has-vivid-red-color has-text-color has-link-color wp-elements-af59f7fdbadfb3bf87e645a1b7d46cdb\"><strong>Niedziela 29.03.2026r.<\/strong><\/p>\n\n\n\n<p><strong>7<\/strong><sup><strong>30<\/strong><\/sup> <strong>1. <\/strong>+Joanna Turok (15 r.\u015bm.) i ++ z Rodz.<\/p>\n\n\n\n<p><strong>9<\/strong><sup><strong>30<\/strong><\/sup><sup> <\/sup><strong>1.<\/strong> +Berta i Zygmunt GIERA i +Marianna i J\u00f3zef Gruszka<\/p>\n\n\n\n<p><strong>2.<\/strong> +Helena Kowalewska, +Alina Nowak, ++ z Rodz.<\/p>\n\n\n\n<p><strong>11<\/strong><sup><strong>00<\/strong><\/sup> <strong>1. <\/strong>+Jan Chor\u0105\u017cyk 15 r.\u015bm.<\/p>\n\n\n\n<p><strong>2.<\/strong> +Franciszek Bagi\u0144ski 23 r.\u015bm. i ++z Rodz. Bagi\u0144skich<\/p>\n\n\n\n<p><strong>12<\/strong><sup><strong>30<\/strong><\/sup><strong>1. <\/strong>Dz. B\u0142: Krzysztof Janus z ok. 70 r. ur.<\/p>\n\n\n\n<p><strong>[CHRZEST: Bastian Walentowski]<\/strong><\/p>\n\n\n\n<p><strong>14<\/strong><sup><strong>00<\/strong><\/sup> <strong>1. <\/strong>+Wiktoria, J\u00f3zef Lopko 24 r.\u015bm.<\/p>\n\n\n\n<p><strong>2.<\/strong> Dz. B\u0142: Magdalena 30 r. urodzin<\/p>\n\n\n\n<p><strong>18<\/strong><sup><strong>30<\/strong><\/sup> <strong>1. <\/strong>Dz.B\u0142: Szymon Kasprzyk 18 r. ur. oraz brat Karol 14 r. ur.<\/p>\n\n\n\n<div style=\"height:40px\" aria-hidden=\"true\" class=\"wp-block-spacer\"><\/div>\n","protected":false},"excerpt":{"rendered":"","protected":false},"author":3,"featured_media":4429,"comment_status":"closed","ping_status":"closed","sticky":false,"template":"","format":"standard","meta":{"_lmt_disableupdate":"","_lmt_disable":"","footnotes":""},"categories":[20],"tags":[],"class_list":["post-9125","post","type-post","status-publish","format-standard","has-post-thumbnail","hentry","category-intencje"],"_links":{"self":[{"href":"https:\/\/swiety-jozef.pl\/index.php\/wp-json\/wp\/v2\/posts\/9125","targetHints":{"allow":["GET"]}}],"collection":[{"href":"https:\/\/swiety-jozef.pl\/index.php\/wp-json\/wp\/v2\/posts"}],"about":[{"href":"https:\/\/swiety-jozef.pl\/index.php\/wp-json\/wp\/v2\/types\/post"}],"author":[{"embeddable":true,"href":"https:\/\/swiety-jozef.pl\/index.php\/wp-json\/wp\/v2\/users\/3"}],"replies":[{"embeddable":true,"href":"https:\/\/swiety-jozef.pl\/index.php\/wp-json\/wp\/v2\/comments?post=9125"}],"version-history":[{"count":1,"href":"https:\/\/swiety-jozef.pl\/index.php\/wp-json\/wp\/v2\/posts\/9125\/revisions"}],"predecessor-version":[{"id":9126,"href":"https:\/\/swiety-jozef.pl\/index.php\/wp-json\/wp\/v2\/posts\/9125\/revisions\/9126"}],"wp:featuredmedia":[{"embeddable":true,"href":"https:\/\/swiety-jozef.pl\/index.php\/wp-json\/wp\/v2\/media\/4429"}],"wp:attachment":[{"href":"https:\/\/swiety-jozef.pl\/index.php\/wp-json\/wp\/v2\/media?parent=9125"}],"wp:term":[{"taxonomy":"category","embeddable":true,"href":"https:\/\/swiety-jozef.pl\/index.php\/wp-json\/wp\/v2\/categories?post=9125"},{"taxonomy":"post_tag","embeddable":true,"href":"https:\/\/swiety-jozef.pl\/index.php\/wp-json\/wp\/v2\/tags?post=9125"}],"curies":[{"name":"wp","href":"https:\/\/api.w.org\/{rel}","templated":true}]}}