{"id":9116,"date":"2026-03-14T20:00:07","date_gmt":"2026-03-14T19:00:07","guid":{"rendered":"https:\/\/swiety-jozef.pl\/?p=9116"},"modified":"2026-03-14T20:00:11","modified_gmt":"2026-03-14T19:00:11","slug":"intencje-mszalne-15-03-22-03-2026-r","status":"publish","type":"post","link":"https:\/\/swiety-jozef.pl\/index.php\/2026\/03\/14\/intencje-mszalne-15-03-22-03-2026-r\/","title":{"rendered":"Intencje mszalne 15.03 \u2013 22.03.2026 r."},"content":{"rendered":"\n<!--more-->\n\n\n\n<div style=\"height:25px\" aria-hidden=\"true\" class=\"wp-block-spacer\"><\/div>\n\n\n\n<p class=\"has-vivid-red-color has-text-color has-link-color wp-elements-9c8598e400299f3d92db7f8748f48b39\"><strong>Niedziela 15.03.2026r.<\/strong><\/p>\n\n\n\n<p><strong>7<\/strong><sup><strong>30<\/strong><\/sup> <strong>1. <\/strong>+Bo\u017cenna Kaczkowska<\/p>\n\n\n\n<p><strong>9<\/strong><sup><strong>30<\/strong><\/sup><sup> <\/sup><strong>1.<\/strong> +Aniela 36 r.\u015bm., +J\u00f3zef Adamczak 7 r.\u015bm., +Maria i J\u00f3zef Adamczak, +Jan, Kazimierz Dubelt\u00f3wka, Cyryl Wo\u017aniak i ++ z Rodz.<\/p>\n\n\n\n<p><strong>2.<\/strong> +Stefania, Jan Buda i ++ z Rodz.<\/p>\n\n\n\n<p><strong>11<\/strong><sup><strong>00<\/strong><\/sup> <strong>1. <\/strong>+Danuta, Zdzis\u0142aw Zawierucha, ++ z Rodz.<\/p>\n\n\n\n<p><strong>2.<\/strong> +Zofia Waszak 2 r.\u015bm. i +Edmund Waszak<\/p>\n\n\n\n<p><strong>12<\/strong><sup><strong>30<\/strong><\/sup><sup> <\/sup><strong>1. <\/strong>Za Parafian<\/p>\n\n\n\n<p>2. +W\u0142adys\u0142awa Rok greg. 25<\/p>\n\n\n\n<p><strong>14<\/strong><sup><strong>00<\/strong><\/sup> <strong>1. <\/strong>+Zbigniew Muszy\u0144ski 2 m-c po \u015bm.<\/p>\n\n\n\n<p><strong>2.<\/strong> Dz.B\u0142: Krzysztof Maciejewski 40 r. ur. o potrzebne \u0142aski i dla ca\u0142ej rodziny<\/p>\n\n\n\n<p><strong>18<\/strong><sup><strong>30<\/strong><\/sup> <strong>1. <\/strong>+Janina i Hieronim ZANDECCY<\/p>\n\n\n\n<div style=\"height:25px\" aria-hidden=\"true\" class=\"wp-block-spacer\"><\/div>\n\n\n\n<p><strong>Poniedzia\u0142ek 16.03.2026r.<\/strong><\/p>\n\n\n\n<p><strong>7<\/strong><sup><strong>00<\/strong><\/sup> <strong>1. <\/strong>+Kazimierz G\u0105dek \u2013 int. od rodz. Borelowskich<\/p>\n\n\n\n<p><strong>2.<\/strong> +Feliks Ciesielski 1 m-c po \u015bm.<\/p>\n\n\n\n<p><strong>18<\/strong><sup><strong>00<\/strong><\/sup> <strong>1. <\/strong>+Teresa Suszko 3 r.\u015bm.<\/p>\n\n\n\n<p><strong>2.<\/strong> +W\u0142adys\u0142awa Rok greg. 26<\/p>\n\n\n\n<div style=\"height:25px\" aria-hidden=\"true\" class=\"wp-block-spacer\"><\/div>\n\n\n\n<p><strong>Wtorek 17.03.2026r.<\/strong><\/p>\n\n\n\n<p><strong>7<\/strong><sup><strong>00<\/strong><\/sup> <strong>1.<\/strong> +Czes\u0142awa Gockowska<\/p>\n\n\n\n<p>2. +W\u0142adys\u0142awa Rok greg. 27<\/p>\n\n\n\n<p><strong>18<\/strong><sup><strong>00<\/strong><\/sup> <strong>1. <\/strong>+Zbigniew D\u0119bicki i ++ z rodz.<\/p>\n\n\n\n<div style=\"height:25px\" aria-hidden=\"true\" class=\"wp-block-spacer\"><\/div>\n\n\n\n<p><strong>\u015aroda 18.03.2026r.<\/strong><\/p>\n\n\n\n<p><strong>7<\/strong><sup><strong>00<\/strong><\/sup><sup> <\/sup><strong>1. <\/strong>+Stanis\u0142awa P\u0142ocka 2 m-c po \u015bm.<\/p>\n\n\n\n<p><strong>2.<\/strong> +W\u0142adys\u0142awa Rok greg. 28<\/p>\n\n\n\n<p><strong>18<\/strong><sup><strong>00<\/strong><\/sup> <strong>INTENCJA ZBIOROWA:<\/strong><\/p>\n\n\n\n<ul class=\"wp-block-list\">\n<li>w int. R\u00f3\u017cy pw. \u015aw. J\u00f3zefa<\/li>\n\n\n\n<li>w int. sprz\u0105taj\u0105cych K-\u0142 z ul. Dygasi\u0144skiego, Lelewela, 3 os. ch\u0119tnych i ich rodzin<\/li>\n\n\n\n<li>w int. sprz\u0105taj\u0105cych K-\u0142 z ul. Sk\u0142od.-Curie, 2 os. ch\u0119tnych i ich rodzin<\/li>\n\n\n\n<li>+Stanis\u0142aw 13 r.\u015bm., +Pawe\u0142 5 r.\u015bm. ++ z Rodz. Zawadzkich<\/li>\n\n\n\n<li>+Edward Dancewicz 2 r.\u015bm.<\/li>\n\n\n\n<li>+J\u00f3zef W\u00f3jcik i jego rodzic\u00f3w i rodze\u0144stwo<\/li>\n<\/ul>\n\n\n\n<div style=\"height:25px\" aria-hidden=\"true\" class=\"wp-block-spacer\"><\/div>\n\n\n\n<p><strong>Czwartek 19.03.2026r.<\/strong><\/p>\n\n\n\n<p><strong>7<\/strong><sup><strong>00<\/strong><\/sup> <strong>1<\/strong>. Dz.B\u0142: Ewa Knurowska z pro\u015bb\u0105 o dalsz\u0105 opiek\u0119 nad rodzin\u0105<\/p>\n\n\n\n<p>2. Dz.B\u0142: J\u00f3zef \u0141ucki z ok. imienin \u2013 int. od \u017cony i dzieci<\/p>\n\n\n\n<p><strong>18<\/strong><sup><strong>00<\/strong><\/sup> <strong>1.<\/strong> +J\u00f3zef Pielech i ++ z rodziny<\/p>\n\n\n\n<p>2. +W\u0142adys\u0142awa Rok greg 29<\/p>\n\n\n\n<div style=\"height:25px\" aria-hidden=\"true\" class=\"wp-block-spacer\"><\/div>\n\n\n\n<p><strong>Pi\u0105tek 20.03.2026r.<\/strong><\/p>\n\n\n\n<p><strong>7<\/strong><sup><strong>00<\/strong><\/sup> <strong>1.<\/strong> +Emilia (ona) i ++ z rodz. Karpi\u0144scy, Sznajder<\/p>\n\n\n\n<p>2. +W\u0142adys\u0142awa Rok greg. 30<\/p>\n\n\n\n<p><strong>18<\/strong><sup><strong>00<\/strong><\/sup> <strong>1. <\/strong>+Dorota Bajak 4 r.\u015bm.<\/p>\n\n\n\n<div style=\"height:25px\" aria-hidden=\"true\" class=\"wp-block-spacer\"><\/div>\n\n\n\n<p><strong>Sobota 21.03.2026r.<\/strong><\/p>\n\n\n\n<p><strong>7<\/strong><sup><strong>00 <\/strong><\/sup><strong>1. <\/strong>+Maria Florek<\/p>\n\n\n\n<p><strong>18<\/strong><sup><strong>00<\/strong><\/sup> <strong>1. <\/strong>+Alicja G\u0105carzewicz 20 r.\u015bm.<\/p>\n\n\n\n<p>2. +Filomena, Franciszka (ona), +Wilhelm, ++ z rodz. St\u0119pkowskich<\/p>\n\n\n\n<div style=\"height:25px\" aria-hidden=\"true\" class=\"wp-block-spacer\"><\/div>\n\n\n\n<p class=\"has-vivid-red-color has-text-color has-link-color wp-elements-5ee07d21b9f90fd7f627b500da0b3af7\"><strong>Niedziela \u2013 REKOLEKCJE &#8211; 22.03.2026r.<\/strong><\/p>\n\n\n\n<p><strong>7<\/strong><sup><strong>30<\/strong><\/sup> <strong>1. <\/strong>+Maria G\u0105dek 9 r.\u015bm.<\/p>\n\n\n\n<p>2. +Regina, J\u00f3zef, Miros\u0142aw Szczotarscy, +Boles\u0142aw Zuza\u0144ski, Edmund Wojtysiak<\/p>\n\n\n\n<p><strong>9<\/strong><sup><strong>30<\/strong><\/sup><sup> <\/sup><strong>1.<\/strong> +W\u0142adys\u0142aw Sowula<\/p>\n\n\n\n<p><strong>2.<\/strong> +Natalia, Zenon, Marianna, Stanis\u0142aw Kwiatkowscy i Aniela Cisowska, +Ignacy Olech<\/p>\n\n\n\n<p><strong>11<\/strong><sup><strong>00<\/strong><\/sup> <strong>1. <\/strong>Dz.B\u0142: Szymon 40 r. ur.<\/p>\n\n\n\n<p><strong>2.<\/strong> +Jerzy Picewicz 1 r.\u015bm.<\/p>\n\n\n\n<p><strong>12<\/strong><sup><strong>30<\/strong><\/sup><sup> <\/sup><strong>1. <\/strong>Za Parafian <strong>[CHRZEST: Maria Wojna]<\/strong><\/p>\n\n\n\n<p><strong>14<\/strong><sup><strong>00<\/strong><\/sup> <strong>1. <\/strong>+Helena 11 r.\u015bm.<\/p>\n\n\n\n<p><strong>2.<\/strong> +Mariusz Krzyszto\u0144 26 r.\u015bm.<\/p>\n\n\n\n<p><strong>18<\/strong><sup><strong>30<\/strong><\/sup> <strong>1. <\/strong>Dz.B\u0142: z ok. 12 rocznicy urodzin Miecia<\/p>\n\n\n\n<div style=\"height:40px\" aria-hidden=\"true\" class=\"wp-block-spacer\"><\/div>\n","protected":false},"excerpt":{"rendered":"","protected":false},"author":3,"featured_media":4429,"comment_status":"closed","ping_status":"closed","sticky":false,"template":"","format":"standard","meta":{"_lmt_disableupdate":"","_lmt_disable":"","footnotes":""},"categories":[20],"tags":[],"class_list":["post-9116","post","type-post","status-publish","format-standard","has-post-thumbnail","hentry","category-intencje"],"_links":{"self":[{"href":"https:\/\/swiety-jozef.pl\/index.php\/wp-json\/wp\/v2\/posts\/9116","targetHints":{"allow":["GET"]}}],"collection":[{"href":"https:\/\/swiety-jozef.pl\/index.php\/wp-json\/wp\/v2\/posts"}],"about":[{"href":"https:\/\/swiety-jozef.pl\/index.php\/wp-json\/wp\/v2\/types\/post"}],"author":[{"embeddable":true,"href":"https:\/\/swiety-jozef.pl\/index.php\/wp-json\/wp\/v2\/users\/3"}],"replies":[{"embeddable":true,"href":"https:\/\/swiety-jozef.pl\/index.php\/wp-json\/wp\/v2\/comments?post=9116"}],"version-history":[{"count":1,"href":"https:\/\/swiety-jozef.pl\/index.php\/wp-json\/wp\/v2\/posts\/9116\/revisions"}],"predecessor-version":[{"id":9117,"href":"https:\/\/swiety-jozef.pl\/index.php\/wp-json\/wp\/v2\/posts\/9116\/revisions\/9117"}],"wp:featuredmedia":[{"embeddable":true,"href":"https:\/\/swiety-jozef.pl\/index.php\/wp-json\/wp\/v2\/media\/4429"}],"wp:attachment":[{"href":"https:\/\/swiety-jozef.pl\/index.php\/wp-json\/wp\/v2\/media?parent=9116"}],"wp:term":[{"taxonomy":"category","embeddable":true,"href":"https:\/\/swiety-jozef.pl\/index.php\/wp-json\/wp\/v2\/categories?post=9116"},{"taxonomy":"post_tag","embeddable":true,"href":"https:\/\/swiety-jozef.pl\/index.php\/wp-json\/wp\/v2\/tags?post=9116"}],"curies":[{"name":"wp","href":"https:\/\/api.w.org\/{rel}","templated":true}]}}