{"id":9104,"date":"2026-03-07T20:20:50","date_gmt":"2026-03-07T19:20:50","guid":{"rendered":"https:\/\/swiety-jozef.pl\/?p=9104"},"modified":"2026-03-07T20:20:53","modified_gmt":"2026-03-07T19:20:53","slug":"intencje-mszalne-08-03-15-03-2026-r","status":"publish","type":"post","link":"https:\/\/swiety-jozef.pl\/index.php\/2026\/03\/07\/intencje-mszalne-08-03-15-03-2026-r\/","title":{"rendered":"Intencje mszalne 08.03 \u2013 15.03.2026 r."},"content":{"rendered":"\n<!--more-->\n\n\n\n<div style=\"height:25px\" aria-hidden=\"true\" class=\"wp-block-spacer\"><\/div>\n\n\n\n<p class=\"has-vivid-red-color has-text-color has-link-color wp-elements-2b82ae5e154f3a178af14696962f1662\"><strong>Niedziela 08.03.2026r.<\/strong><\/p>\n\n\n\n<p><strong>7<\/strong><sup><strong>30<\/strong><\/sup> <strong>1. <\/strong>+Janusz Libner 11 r.\u015bm. ++ z Rodz. Libner i Wydysz<\/p>\n\n\n\n<p><strong>9<\/strong><sup><strong>30<\/strong><\/sup><sup> <\/sup><strong>1.<\/strong> ++ Rodzic\u00f3w: Teresa i Tadeusz, z rodz. Chreptowicz i HUS.<\/p>\n\n\n\n<p><strong>2.<\/strong> +Ryszard Fr\u0105tczak 5 r.\u015bm.<\/p>\n\n\n\n<p><strong>11<\/strong><sup><strong>00<\/strong><\/sup> <strong>1. <\/strong>+Julianna, Boles\u0142aw \u0141obacz, +Wojciech Ostrowski, +Marta Polak<\/p>\n\n\n\n<p><strong>2.<\/strong> +Stanis\u0142awa (ona) 9 r.\u015bm., ++ z rodz.<\/p>\n\n\n\n<p><strong>12<\/strong><sup><strong>30<\/strong><\/sup><sup> <\/sup><strong>1. <\/strong>+Stanis\u0142aw Bugajski 7 r.\u015bm., +Jan, Helena Mr\u00f3z, +Krystyna, J\u00f3zef Bugajski<\/p>\n\n\n\n<p><strong>2.<\/strong> +Helena Grzegorczyk 1 m-c po \u015bm.<\/p>\n\n\n\n<p><strong>CRZEST: Stanis\u0142aw Jaskulski<\/strong><\/p>\n\n\n\n<p><strong>14<\/strong><sup><strong>00<\/strong><\/sup> <strong>1. <\/strong>+J\u00f3zef 12 r.\u015bm., +Stefania 10 r.\u015bm., ++ z rodz. Niemyckich<\/p>\n\n\n\n<p><strong>2.<\/strong> +Tomasz Osiad\u0142y 1 m-c po \u015bm.<\/p>\n\n\n\n<p><strong>18<\/strong><sup><strong>30<\/strong><\/sup> <strong>1. <\/strong>+Agnieszka Sikora oraz +Stefania i J\u00f3zef Sikora<\/p>\n\n\n\n<p><strong>2.<\/strong> +W\u0142adys\u0142awa Rok greg. 18<\/p>\n\n\n\n<div style=\"height:25px\" aria-hidden=\"true\" class=\"wp-block-spacer\"><\/div>\n\n\n\n<p><strong>Poniedzia\u0142ek 09.03.2026r.<\/strong><\/p>\n\n\n\n<p><strong>7<\/strong><sup><strong>00<\/strong><\/sup> <strong>1. <\/strong>+Jan, Ludwika (ona), Eugeniusz Dudek<\/p>\n\n\n\n<p><strong>2.<\/strong> +W\u0142adys\u0142awa Rok greg. 19<\/p>\n\n\n\n<p><strong>18<\/strong><sup><strong>00<\/strong><\/sup> <strong>1. <\/strong>+Aleksander OLIFIERCZUK, +Maria, Jan Dudziak, +Andrzej, Felicja Olifierczuk<\/p>\n\n\n\n<div style=\"height:25px\" aria-hidden=\"true\" class=\"wp-block-spacer\"><\/div>\n\n\n\n<p><strong>Wtorek 10.03.2026r.<\/strong><\/p>\n\n\n\n<p><strong>7<\/strong><sup><strong>00<\/strong><\/sup> <strong>1.<\/strong> Dz. B\u0142. J\u00f3zef \u2013 90 r. ur. o potrzebne \u0142aski i opiek\u0119 Matki Bo\u017cej<\/p>\n\n\n\n<p>2. +W\u0142adys\u0142awa Rok greg. 20<\/p>\n\n\n\n<p><strong>18<\/strong><sup><strong>00<\/strong><\/sup> <strong>1. <\/strong>+Anna Nakonieczna 13 r.\u015bm.<\/p>\n\n\n\n<div style=\"height:25px\" aria-hidden=\"true\" class=\"wp-block-spacer\"><\/div>\n\n\n\n<p><strong>\u015aroda 11.03.2026r.<\/strong><\/p>\n\n\n\n<p><strong>7<\/strong><sup><strong>00<\/strong><\/sup><sup> <\/sup><strong>1. <\/strong>o Bo\u017ce b\u0142ogos\u0142awie\u0144stwo dla Bogus\u0142awy i Waldemara oraz za Mari\u0119 i Kazimierza<\/p>\n\n\n\n<p><strong>2.<\/strong> +W\u0142adys\u0142awa Rok greg. 21<\/p>\n\n\n\n<p><strong>18<\/strong><sup><strong>00<\/strong><\/sup> <strong>INTENCJA ZBIOROWA:<\/strong><\/p>\n\n\n\n<ul class=\"wp-block-list\">\n<li>Krystyna DRUTEL i Krystyna WOJTECZEK z ok. Imienin od R\u00f3\u017cy MB Klenickiej<\/li>\n\n\n\n<li>Krystyna KOCHAJEWSKA, Krystyna KUCZY\u0143SKA \u2013 int. od R\u00f3\u017cy Wychowawczyni Powo\u0142a\u0144 Kap\u0142a\u0144skich<\/li>\n\n\n\n<li>Kazimiera WI\u015aNIEWSKA, Beata HOFFMANN, Krystyna BANDUROWSKA, J\u00f3zefa HULEWICZ z ok. im. \u2013 od R\u00f3\u017cy MB Nieust. Pomocy<\/li>\n\n\n\n<li>Bo\u017cena KO\u0141ODZIEJ, Helena GALUS, Krystyna WOJTECZEK \u2013 z ok. im. Int. R\u00f3\u017cy \u015aw. Katarzyny<\/li>\n\n\n\n<li>Dz. B\u0142: Henryk Kochajewski \u2013 z ok. urodzin \u2013 o Bo\u017ce b\u0142ogos\u0142awie\u0144stwo i opiek\u0119 MB i \u015bw. J\u00f3zefa.<\/li>\n\n\n\n<li><strong>+Pelagia Celkowska<\/strong> \u2013 int. z ok. imienin i urodzin<\/li>\n\n\n\n<li>+Rajmund, ALEKSIEJ, Andrzej, rodzice i te\u015bciowie<\/li>\n\n\n\n<li>+Kazimierz Mroskowiak<\/li>\n\n\n\n<li>+Jerzy Wojtala<\/li>\n<\/ul>\n\n\n\n<div style=\"height:25px\" aria-hidden=\"true\" class=\"wp-block-spacer\"><\/div>\n\n\n\n<p><strong>Czwartek 12.03.2026r.<\/strong><\/p>\n\n\n\n<p><strong>7<\/strong><sup><strong>00<\/strong><\/sup> <strong>1<\/strong>. +Maria, Kazimierz G\u0105dek \u2013 int. od Rodz. Po\u0142czy\u0144skich<\/p>\n\n\n\n<p>2. +W\u0142adys\u0142awa Rok greg. 22<\/p>\n\n\n\n<p><strong>18<\/strong><sup><strong>00<\/strong><\/sup> <strong>1.<\/strong> +Edmund Waszak \u2013 int. od Rodz. Pietraszak<\/p>\n\n\n\n<div style=\"height:21px\" aria-hidden=\"true\" class=\"wp-block-spacer\"><\/div>\n\n\n\n<p><strong>Pi\u0105tek 13.03.2026r.<\/strong><\/p>\n\n\n\n<p><strong>7<\/strong><sup><strong>00<\/strong><\/sup> <strong>1.<\/strong> +Anastazja, Szczepan, Zbigniew, Zofia, Adam Zamojscy<\/p>\n\n\n\n<p>2. Dz. B\u0142: Amelia Wojciechowska z ok 18 r. ur.<\/p>\n\n\n\n<p><strong>18<\/strong><sup><strong>00<\/strong><\/sup> <strong>1. <\/strong>Dz. B\u0142: Krystyna Por\u0119bska z ok. imienin i urodzin<\/p>\n\n\n\n<p><strong>2.<\/strong> +W\u0142adys\u0142awa Rok greg. 23<\/p>\n\n\n\n<div style=\"height:25px\" aria-hidden=\"true\" class=\"wp-block-spacer\"><\/div>\n\n\n\n<p><strong>Sobota 14.03.2026r.<\/strong><\/p>\n\n\n\n<p><strong>7<\/strong><sup><strong>00 <\/strong><\/sup><strong>1. <\/strong>+Przemys\u0142aw Przyby\u0142a 1 r.\u015bm.<\/p>\n\n\n\n<p>2. +W\u0142adys\u0142awa Rok (Greg. 24)<\/p>\n\n\n\n<p><strong>18<\/strong><sup><strong>00<\/strong><\/sup> <strong>1. <\/strong>+Adela Jastrubczak 43 r.\u015bm., +Bazyli<\/p>\n\n\n\n<div style=\"height:25px\" aria-hidden=\"true\" class=\"wp-block-spacer\"><\/div>\n\n\n\n<p class=\"has-vivid-red-color has-text-color has-link-color wp-elements-9c8598e400299f3d92db7f8748f48b39\"><strong>Niedziela 15.03.2026r.<\/strong><\/p>\n\n\n\n<p><strong>7<\/strong><sup><strong>30<\/strong><\/sup> <strong>1. <\/strong>+Bo\u017cenna Kaczkowska<\/p>\n\n\n\n<p>2. +W\u0142ads\u0142awa Rok greg. 25<\/p>\n\n\n\n<p><strong>9<\/strong><sup><strong>30<\/strong><\/sup><sup> <\/sup><strong>1.<\/strong> +Aniela 36 r. \u015bm., +J\u00f3zef Adamczak 7 r. \u015bm., +Maria i J\u00f3zef Adamczak, +Jan, Kazimierz Dubelt\u00f3wka, Cyryl Wo\u017aniak i ++ z rodz.<\/p>\n\n\n\n<p><strong>2.<\/strong> +Stefania, Jan Buda i ++ z rodz.<\/p>\n\n\n\n<p><strong>11<\/strong><sup><strong>00<\/strong><\/sup> <strong>1. <\/strong>+Danuta, Zdzis\u0142aw Zawierucha, ++ z rodz.<\/p>\n\n\n\n<p><strong>2.<\/strong> +Zofia Waszak 2 r.\u015bm. i Edmund Waszak<\/p>\n\n\n\n<p><strong>12<\/strong><sup><strong>30<\/strong><\/sup><sup> <\/sup><strong>1. <\/strong>Za Parafian<\/p>\n\n\n\n<p><strong>14<\/strong><sup><strong>00<\/strong><\/sup> <strong>1. <\/strong>+Zbigniew Muszy\u0144ski 2 m-c po \u015bm.<\/p>\n\n\n\n<p><strong>2.<\/strong> Dz. B\u0142: Krzysztof Maciejewski z ok. 40 r. ur. o potrzebne \u0142aski i dla ca\u0142ej Rodziny<\/p>\n\n\n\n<p><strong>18<\/strong><sup><strong>30<\/strong><\/sup> <strong>1. <\/strong>+Janina i Hieronim ZANDECCY<\/p>\n\n\n\n<div style=\"height:40px\" aria-hidden=\"true\" class=\"wp-block-spacer\"><\/div>\n","protected":false},"excerpt":{"rendered":"","protected":false},"author":3,"featured_media":4429,"comment_status":"closed","ping_status":"closed","sticky":false,"template":"","format":"standard","meta":{"_lmt_disableupdate":"","_lmt_disable":"","footnotes":""},"categories":[20],"tags":[],"class_list":["post-9104","post","type-post","status-publish","format-standard","has-post-thumbnail","hentry","category-intencje"],"_links":{"self":[{"href":"https:\/\/swiety-jozef.pl\/index.php\/wp-json\/wp\/v2\/posts\/9104","targetHints":{"allow":["GET"]}}],"collection":[{"href":"https:\/\/swiety-jozef.pl\/index.php\/wp-json\/wp\/v2\/posts"}],"about":[{"href":"https:\/\/swiety-jozef.pl\/index.php\/wp-json\/wp\/v2\/types\/post"}],"author":[{"embeddable":true,"href":"https:\/\/swiety-jozef.pl\/index.php\/wp-json\/wp\/v2\/users\/3"}],"replies":[{"embeddable":true,"href":"https:\/\/swiety-jozef.pl\/index.php\/wp-json\/wp\/v2\/comments?post=9104"}],"version-history":[{"count":1,"href":"https:\/\/swiety-jozef.pl\/index.php\/wp-json\/wp\/v2\/posts\/9104\/revisions"}],"predecessor-version":[{"id":9105,"href":"https:\/\/swiety-jozef.pl\/index.php\/wp-json\/wp\/v2\/posts\/9104\/revisions\/9105"}],"wp:featuredmedia":[{"embeddable":true,"href":"https:\/\/swiety-jozef.pl\/index.php\/wp-json\/wp\/v2\/media\/4429"}],"wp:attachment":[{"href":"https:\/\/swiety-jozef.pl\/index.php\/wp-json\/wp\/v2\/media?parent=9104"}],"wp:term":[{"taxonomy":"category","embeddable":true,"href":"https:\/\/swiety-jozef.pl\/index.php\/wp-json\/wp\/v2\/categories?post=9104"},{"taxonomy":"post_tag","embeddable":true,"href":"https:\/\/swiety-jozef.pl\/index.php\/wp-json\/wp\/v2\/tags?post=9104"}],"curies":[{"name":"wp","href":"https:\/\/api.w.org\/{rel}","templated":true}]}}