{"id":9102,"date":"2026-03-07T20:17:25","date_gmt":"2026-03-07T19:17:25","guid":{"rendered":"https:\/\/swiety-jozef.pl\/?p=9102"},"modified":"2026-03-07T20:46:42","modified_gmt":"2026-03-07T19:46:42","slug":"ogloszenia-duszpasterskie-08-03-2026-r","status":"publish","type":"post","link":"https:\/\/swiety-jozef.pl\/index.php\/2026\/03\/07\/ogloszenia-duszpasterskie-08-03-2026-r\/","title":{"rendered":"Og\u0142oszenia duszpasterskie 08.03.2026 r."},"content":{"rendered":"\n<!--more-->\n\n\n\n<p class=\"has-text-align-right\">Nowa S\u00f3l 08.03.2026<\/p>\n\n\n\n<h4 class=\"wp-block-heading has-text-align-center\">Og\u0142oszenia duszpasterskie<br>III Niedziela Wielkiego Postu rok A<\/h4>\n\n\n\n<div style=\"height:25px\" aria-hidden=\"true\" class=\"wp-block-spacer\"><\/div>\n\n\n\n<ol class=\"wp-block-list\">\n<li><strong>Dzisiaj III niedziela Wielkiego Postu.<\/strong><\/li>\n\n\n\n<li><strong>Dzisiaj 8 marca wszystkim, Paniom \u017cyczymy opieki Matki Naj\u015bwi\u0119tszej i Bo\u017cego B\u0142ogos\u0142awie\u0144stwa.<\/strong><\/li>\n\n\n\n<li><strong>W ka\u017cdy pi\u0105tek Wielkiego Postu:<\/strong><strong>Nabo\u017ce\u0144stwo Drogi Krzy\u017cowej.<\/strong><\/li>\n<\/ol>\n\n\n\n<ul class=\"wp-block-list\">\n<li><strong>godz. 16.30<\/strong><strong> \u2013 Droga Krzy\u017cowa wok\u00f3\u0142 ko\u015bcio\u0142a dla dzieci.<\/strong><\/li>\n\n\n\n<li><strong>godz. 17.30<\/strong><strong> \u2013 Droga Krzy\u017cowa dla starszych i po niej bezpo\u015brednio Msza \u015bw.<\/strong><\/li>\n\n\n\n<li><strong>godz. 18.30<\/strong><strong> \u2013 Droga Krzy\u017cowa <\/strong><strong>dla m\u0142odzie\u017cy.<\/strong><\/li>\n<\/ul>\n\n\n\n<ol start=\"4\" class=\"wp-block-list\">\n<li><strong>W ka\u017cd\u0105 niedziel\u0119 Wielkiego Postu nabo\u017ce\u0144stwo pasyjne Gorzkich \u017bali z kazaniem o Mece Pa\u0144skiej o godz. 17<\/strong><sup><strong>30<\/strong><\/sup><strong>, ofiary sk\u0142adane przy adoracji krzy\u017ca przeznaczone s\u0105 na kwiaty do Bo\u017cego Grobu.<\/strong><\/li>\n\n\n\n<li><strong>Spotkanie m\u0142odzie\u017cy przygotowuj\u0105cej do sakramentu bierzmowania odb\u0119dzie si\u0119 w tym tygodniu:<\/strong><\/li>\n<\/ol>\n\n\n\n<ul class=\"wp-block-list\">\n<li><strong>&#8211; klas VII <\/strong><strong>w czwartek<\/strong><strong>&#8211; spotkanie rozpoczyna si\u0119 Msz\u0105 \u015bw. o godz. 18<\/strong><sup><strong>00<\/strong><\/sup><strong>;<\/strong><\/li>\n\n\n\n<li><strong>&#8211; klasy VIII <\/strong><strong>w pi\u0105tek &#8211; <\/strong><strong>spotkanie rozpoczyna si\u0119 Drog\u0105 Krzy\u017cow\u0105 o godz. 18<\/strong><sup><strong>30<\/strong><\/sup><\/li>\n<\/ul>\n\n\n\n<ol start=\"6\" class=\"wp-block-list\">\n<li><strong>Przy chrzcielnicy jest wy\u0142o\u017cona Ksi\u0119ga Abstynencji.<\/strong><\/li>\n\n\n\n<li><strong>Parafialny Zesp\u00f3\u0142 Caritas informuje, \u017ce organizuje zbi\u00f3rk\u0119 \u017cywno\u015bci dla najbardziej potrzebuj\u0105cych w parafii. Przed o\u0142tarzem w kaplicy i ko\u015bciele s\u0105 wystawiane kosze do kt\u00f3rych mo\u017cna sk\u0142ada\u0107 artyku\u0142y spo\u017cywcze d\u0142ugoterminowe. Ju\u017c dzisiaj dzi\u0119kujemy za tak\u0105 ja\u0142mu\u017cn\u0119 postn\u0105.<\/strong><\/li>\n\n\n\n<li><strong>Zapraszamy ma\u0142\u017ce\u0144stwa i narzeczonych na rekolekcje w formie adoracji Naj\u015bwi\u0119tszego Sakramentu&nbsp;\u201eDwoje przed Jedynym\u201d do kaplicy w ko\u015bciele \u015bw. J\u00f3zefa&nbsp;w ka\u017cdy czwartek Wielkiego Postu po Mszy \u015bw. wieczornej. To pi\u0119\u0107&nbsp; 45 minutowych wieczor\u00f3w dla par, kt\u00f3re chc\u0105 w ciszy i modlitwie uczy\u0107 si\u0119 mi\u0142o\u015bci w obecno\u015bci Jezusa \u2013 szczeg\u00f3\u0142y na plakacie<\/strong>.<\/li>\n\n\n\n<li><strong>Rekolekcje wielkopostne w naszej parafii prowadzi\u0142 b\u0119dzie ks. Infu\u0142at prof. Bogdan Czy\u017cewski z Gniezna. Rekolekcje rozpoczn\u0105 si\u0119 od V niedzieli Wielkiego Postu w dniach od 22 do 25 marca.<\/strong><\/li>\n\n\n\n<li><strong>Dekretem Ks. Bp Diecezjalnego z dniem 23 lutego 2026 ks. Tomasz Duszczak zako\u0144czy\u0142 pos\u0142ug\u0119 duszpastersk\u0105 w naszej parafii. Dzi\u0119kujemy za pos\u0142ug\u0119 kapelana i rezydenta w naszej parafii.<\/strong><\/li>\n\n\n\n<li><strong>W \u015brod\u0119 o godz. 18<\/strong><sup><strong>00<\/strong><\/sup><strong> zapraszamy Nowenn\u0119 do MB Nieostaj\u0105cej Pomocy i \u015bw. J\u00f3zefa.<\/strong><\/li>\n\n\n\n<li><strong>Przy wyj\u015bciu z ko\u015bcio\u0142a na stoliku mo\u017cna naby\u0107 nasze parafialne kalendarze.<\/strong><\/li>\n\n\n\n<li><strong>Od przysz\u0142ej niedziel\u0119 dzieci z oazy i scholii parafialnej b\u0119d\u0105 rozprowadza\u0107 palmy, ofiary za palmy pomog\u0105 im w uczestnictwie w wakacyjnych rekolekcjach.<\/strong><\/li>\n\n\n\n<li><strong>Po mszach cz\u0142onkowie orkiestry b\u0119d\u0105 rozdawa\u0107 ulotki z nr KRS, gdzie ch\u0119tni mog\u0105 przekazywa\u0107 1,5% podatku na orkiestr\u0119.<\/strong><\/li>\n\n\n\n<li><strong>Od 6 marca w ka\u017cdy pi\u0105tek od godz. 17<\/strong><sup><strong>00<\/strong><\/sup><strong>w salce orkiestry&nbsp; (wej\u015bcie po lewej stronie od drzwi na plebani\u0119, schodami w d\u00f3\u0142) b\u0119d\u0105 dy\u017curowa\u0107 osoby, kt\u00f3re rozlicza PIT za 2025 rok.&nbsp;Prosz\u0119 wzi\u0105\u0107 ze sob\u0105 PIT za rok 2024.<\/strong><\/li>\n\n\n\n<li><strong>Dzieci klas III po Mszy \u015bw. prosimy o pozostanie w ko\u015bciele po wpisy do dzienniczk\u00f3w; dzieci klas II i m\u0142odsze zapraszamy do kaplicy po naklejki z dzisiejszej ewangelii.<\/strong><\/li>\n\n\n\n<li><strong>Po\u015bwi\u0119cenie ksi\u0105\u017ceczek do I Komunii \u015bw. dla dzieci klas III w przysz\u0142\u0105 niedziele na Mszy \u015bw. o godz. 11<\/strong><sup><strong>00<\/strong><\/sup><strong>, ksi\u0105\u017ceczki mo\u017cna naby\u0107 w zakrystii po mszach \u015bw. w niedziele i dni powszednie.<\/strong><\/li>\n\n\n\n<li><strong>Ch\u0142opc\u00f3w, kt\u00f3rzy chcieliby zosta\u0107 ministrantami zapraszamy na zbi\u00f3rki w niedziele po Mszy \u015bw. o godz. 11<\/strong><sup><strong>0<\/strong><\/sup><sup><strong>0<\/strong><\/sup><\/li>\n\n\n\n<li><strong><em>Dzi\u0119kujemy za ofiary tac\u0119 i za przelew na konto parafii. B\u00f3g Zap\u0142a\u0107. Numer konta bankowego parafii: 58 9673 0007 0000 0300 4864 0001<\/em><\/strong><\/li>\n\n\n\n<li><strong>Za tydzie\u0144 3 niedziela miesi\u0105ca \u2013 taca przeznaczona na potrzeby parafii. Za zrozumienie, trosk\u0119 i ofiar\u0119 \u2013 B\u00f3g zap\u0142a\u0107<\/strong><\/li>\n\n\n\n<li><strong>Dzi\u0119kujemy 8 osobom z ul. Sk\u0142odowskiej Curie i 2 osobom ch\u0119tnym za sprz\u0105tanie ko\u015bcio\u0142a i ofiary na kwiaty. Msza \u015bw. za te rodziny odb\u0119dzie si\u0119 18.03.2026 godz. 18<\/strong><sup><strong>00<\/strong><\/sup><strong>.<\/strong><\/li>\n\n\n\n<li><strong>W sobot\u0119 o godz. 9<\/strong><sup><strong>00<\/strong><\/sup><strong>&nbsp;do sprz\u0105tania ko\u015bcio\u0142a zapraszam wiernych z ul. Kr\u00f3tka, Pasieczna, Broniewskiego i Ga\u0142czy\u0144skiego.<\/strong><\/li>\n\n\n\n<li><strong>Zach\u0119camy do zakupu prasy katolickiej: NIEDZIELA, GO\u015a\u0106 NIEDZIELNY, Ma\u0142y Go\u015b\u0107 Niedzielny.<\/strong><\/li>\n\n\n\n<li><strong>W minionym tygodniu z naszej parafii zmarli:<\/strong><strong> <\/strong>+Kazimierz<strong> S\u0142o\u0144ski <\/strong>z ul. Sienkiewicza; +Aurelia<strong> Losiak <\/strong>z ul. Wojska Polskiego.<\/li>\n<\/ol>\n\n\n\n<p>Pozdrawiamy wszystkich chorych, pami\u0119tamy o Was w modlitwie, \u017cycz\u0105c szybkiego powrotu do zdrowia. <strong>Wszystkim parafianom&nbsp;i go\u015bciom \u017cyczymy dobrej niedzieli \u2013 niech B\u00f3g &#8211; Jezus b\u0142ogos\u0142awi Wasze Rodziny<\/strong><\/p>\n\n\n\n<p class=\"has-text-align-right\">Ks. Krzysztof Kocz<br>Proboszcz<\/p>\n\n\n\n<div style=\"height:40px\" aria-hidden=\"true\" class=\"wp-block-spacer\"><\/div>\n","protected":false},"excerpt":{"rendered":"","protected":false},"author":3,"featured_media":3316,"comment_status":"closed","ping_status":"closed","sticky":false,"template":"","format":"standard","meta":{"_lmt_disableupdate":"","_lmt_disable":"","footnotes":""},"categories":[19],"tags":[],"class_list":["post-9102","post","type-post","status-publish","format-standard","has-post-thumbnail","hentry","category-ogloszenia"],"_links":{"self":[{"href":"https:\/\/swiety-jozef.pl\/index.php\/wp-json\/wp\/v2\/posts\/9102","targetHints":{"allow":["GET"]}}],"collection":[{"href":"https:\/\/swiety-jozef.pl\/index.php\/wp-json\/wp\/v2\/posts"}],"about":[{"href":"https:\/\/swiety-jozef.pl\/index.php\/wp-json\/wp\/v2\/types\/post"}],"author":[{"embeddable":true,"href":"https:\/\/swiety-jozef.pl\/index.php\/wp-json\/wp\/v2\/users\/3"}],"replies":[{"embeddable":true,"href":"https:\/\/swiety-jozef.pl\/index.php\/wp-json\/wp\/v2\/comments?post=9102"}],"version-history":[{"count":2,"href":"https:\/\/swiety-jozef.pl\/index.php\/wp-json\/wp\/v2\/posts\/9102\/revisions"}],"predecessor-version":[{"id":9107,"href":"https:\/\/swiety-jozef.pl\/index.php\/wp-json\/wp\/v2\/posts\/9102\/revisions\/9107"}],"wp:featuredmedia":[{"embeddable":true,"href":"https:\/\/swiety-jozef.pl\/index.php\/wp-json\/wp\/v2\/media\/3316"}],"wp:attachment":[{"href":"https:\/\/swiety-jozef.pl\/index.php\/wp-json\/wp\/v2\/media?parent=9102"}],"wp:term":[{"taxonomy":"category","embeddable":true,"href":"https:\/\/swiety-jozef.pl\/index.php\/wp-json\/wp\/v2\/categories?post=9102"},{"taxonomy":"post_tag","embeddable":true,"href":"https:\/\/swiety-jozef.pl\/index.php\/wp-json\/wp\/v2\/tags?post=9102"}],"curies":[{"name":"wp","href":"https:\/\/api.w.org\/{rel}","templated":true}]}}