{"id":9020,"date":"2026-01-03T21:04:23","date_gmt":"2026-01-03T20:04:23","guid":{"rendered":"https:\/\/swiety-jozef.pl\/?p=9020"},"modified":"2026-01-31T21:10:29","modified_gmt":"2026-01-31T20:10:29","slug":"ogloszenia-duszpasterskie-04-01-2025-r","status":"publish","type":"post","link":"https:\/\/swiety-jozef.pl\/index.php\/2026\/01\/03\/ogloszenia-duszpasterskie-04-01-2025-r\/","title":{"rendered":"Og\u0142oszenia duszpasterskie 04.01.2026 r."},"content":{"rendered":"\n<!--more-->\n\n\n\n<p class=\"has-text-align-right\">Nowa S\u00f3l 04.01.2026<\/p>\n\n\n\n<h4 class=\"wp-block-heading has-text-align-center\">Og\u0142oszenia duszpasterskie<br>II Niedziela okresu Bo\u017cego Narodzenia<\/h4>\n\n\n\n<div style=\"height:25px\" aria-hidden=\"true\" class=\"wp-block-spacer\"><\/div>\n\n\n\n<ol class=\"wp-block-list\">\n<li><strong>Dzisiaj zmiana tajemnic \u017bywego R\u00f3\u017ca\u0144ca po mszy \u015bw. o godz. 7<\/strong><sup><strong>30<\/strong><\/sup><strong> a po mszy \u015bw. o godz. 18<\/strong><sup><strong>30 <\/strong><\/sup><strong>nauka przed chrztem \u015bw. dla rodzic\u00f3w i rodzic\u00f3w chrzestnych<\/strong><\/li>\n\n\n\n<li><strong>We wtorek 6 stycznia<\/strong> <strong>uroczysto\u015b\u0107 Objawienia Pa\u0144skiego \u2013 Trzech Kr\u00f3li<\/strong>. Msze \u015bw. wed\u0142ug porz\u0105dku niedzielnego. Na wszystkich Mszach \u015bwi\u0119tych po\u015bwiecenie kredy i kadzid\u0142a. <strong>Dzieci przychodz\u0105 w koronach na g\u0142owie<\/strong> i po <strong>Mszy \u015bw. b\u0119d\u0105 rozdawa\u0107 kred\u0119 i kadzid\u0142o a zebrane ofiary przeka\u017cemy dla dzieci w krajach misyjnych. Taca przeznaczona jest na Dzia\u0142alno\u015b\u0107 Misyjn\u0105 Ko\u015bcio\u0142a.<\/strong><\/li>\n\n\n\n<li><strong>Wszystkie parafie Nowo Solskie razem z Urz\u0119dem Miasta zapraszaj\u0105 na Orszak Trzech Kr\u00f3li. <\/strong><strong>Orszak wyruszy o godz. 12<\/strong><sup><strong>15<\/strong><\/sup><strong> sprzed ko\u015bcio\u0142a \u015bw. Antoniego w kierunku ko\u015bcio\u0142a \u015bw. J\u00f3zefa Rzemie\u015blnika. <\/strong><strong>Parafianie par. \u015bw. J\u00f3zefa proszeni s\u0105 o ubi\u00f3r w kolorze czerwonym.<\/strong><\/li>\n\n\n\n<li><strong>Na placu przed ko\u015bcio\u0142em \u015bw. J\u00f3zefa odb\u0119dzie si\u0119 \u015bpiew kol\u0119d, gor\u0105cy pocz\u0119stunek, groch\u00f3wka, kie\u0142baski, kawa, herbata. Zapraszamy<\/strong><\/li>\n\n\n\n<li><strong>Dzisiaj pierwsza niedziela miesi\u0105ca PZC b\u0119dzie zbiera\u0142 ofiary do puszek dla najbardziej potrzebuj\u0105cych z naszej parafii. B\u00f3g Zap\u0142a\u0107<\/strong><\/li>\n\n\n\n<li><strong>Przy wyj\u015bciu z ko\u015bcio\u0142a mo\u017cna naby\u0107 parafialny kalendarz \u2013 ofiara 20 z\u0142 jest przeznaczona na uregulowanie nale\u017cno\u015bci za wykonan\u0105 prac\u0119 remontu wie\u017c naszego ko\u015bcio\u0142a.<\/strong><\/li>\n\n\n\n<li><strong>Rozpocz\u0119li\u015bmy kol\u0119d\u0119 \u2013 dok\u0142adny plan kol\u0119dy jest umieszczony w gablotach i na stronie internetowej parafii.<\/strong><\/li>\n\n\n\n<li><strong>Kol\u0119d\u0119 rozpoczynamy od godz. 15<\/strong><sup><strong>30<\/strong><\/sup><strong>. W sobot\u0119 rano od godz. 9<\/strong><sup><strong>00<\/strong><\/sup><strong>, po po\u0142udniu od godz. 13<\/strong><sup><strong>00<\/strong><\/sup><strong>.<\/strong><\/li>\n\n\n\n<li><strong>Celem kol\u0119dy jest wsp\u00f3lna modlitwa z b\u0142ogos\u0142awie\u0144stwem domu<\/strong> oraz rozmowa na tematy \u017cycia religijnego w rodzinie i spraw duszpasterstwa w parafii.<\/li>\n\n\n\n<li>Na kol\u0119d\u0119 powinien by\u0107 st\u00f3\u0142 <strong>nakryty bia\u0142ym obrusem, na nim ustawiony krzy\u017c i zapalone \u015bwiece, naczynie z wod\u0105 \u015bwi\u0119con\u0105 i kropid\u0142o oraz Ksi\u0119ga Pisma \u015awi\u0119tego<\/strong>, a gdy s\u0105 dzieci w wieku szkolnym to tak\u017ce <strong>zeszyty z religii oraz indeksy<\/strong> kandydat\u00f3w do bierzmowania i I Komunii \u015bw.<\/li>\n\n\n\n<li><strong>Dzieci klas III po Mszy \u015bw. prosimy o pozostanie w ko\u015bciele po wpisy do dzienniczk\u00f3w; dzieci klas II i m\u0142odsze zapraszamy do kaplicy po naklejki z dzisiejszej ewangelii.<\/strong><\/li>\n\n\n\n<li><strong>W zakrystii po mszach \u015bw. mo\u017cna naby\u0107 komplety kol\u0119dowe <\/strong>(krzy\u017cyk i 2 lichtarze)<strong>.<\/strong><\/li>\n\n\n\n<li><strong>W dni powszednie msze \u015bw. b\u0119d\u0105 odbywa\u0142y si\u0119 w kaplicy, kt\u00f3ra jest ogrzewana.<\/strong><\/li>\n\n\n\n<li><em><strong>Dzi\u0119kujemy za ofiary tac\u0119 i za przelew na konto parafii. B\u00f3g Zap\u0142a\u0107. Numer konta bankowego parafii: 58 9673 0007 0000 0300 4864 0001<\/strong><\/em><\/li>\n\n\n\n<li><strong>Dzi\u0119kujemy 15 wiernym mieszkaj\u0105cym na o\u015b. Konst. 3 Maja blok 25 i 26 i 3 osobom ch\u0119tnym za sprz\u0105tanie ko\u015bcio\u0142a i ofiary na kwiaty &#8211; Msza \u015bw. za te rodziny odb\u0119dzie si\u0119 4.02.2025 godz. 18<\/strong><sup><strong>00<\/strong><\/sup><strong>.<\/strong><\/li>\n\n\n\n<li><strong>W sobot\u0119 o godz. 9<\/strong><sup><strong>00<\/strong><\/sup><strong>&nbsp;do sprz\u0105tania ko\u015bcio\u0142a zapraszam wiernych z ul. Armii Krajowej blok 3 i blok 4<\/strong><\/li>\n\n\n\n<li><strong>Zach\u0119camy do zakupu i lektury prasy katolickiej: NIEDZIELA, GO\u015a\u0106 NIEDZIELNY, Ma\u0142y Go\u015b\u0107 Niedzielny, Historia Ko\u015bcio\u0142a<\/strong><\/li>\n\n\n\n<li><strong>W minionym tygodniu z naszej parafii zmarli:<\/strong>+Piotr<strong> Kope\u0107 <\/strong>zam. ul. Matejki; +Jerzy<strong> Walaszek <\/strong>zam. ul. Kili\u0144skiego; +Wanda<strong> Furmanowicz <\/strong>zam. ul. Chopina<\/li>\n\n\n\n<li><strong>Pozdrawiamy wszystkich chorych, pami\u0119tamy o Was w modlitwie, \u017cycz\u0105c szybkiego powrotu do zdrowia.<\/strong><\/li>\n<\/ol>\n\n\n\n<p><strong>Wszystkim parafianom&nbsp;i go\u015bciom \u017cyczymy dobrej niedzieli \u2013 niech Rodz\u0105cy si\u0119 Jezus b\u0142ogos\u0142awi Wasze Rodziny<\/strong><\/p>\n\n\n\n<p class=\"has-text-align-right\">Ks. Krzysztof Kocz<br>Proboszcz<\/p>\n\n\n\n<div style=\"height:40px\" aria-hidden=\"true\" class=\"wp-block-spacer\"><\/div>\n","protected":false},"excerpt":{"rendered":"","protected":false},"author":3,"featured_media":3316,"comment_status":"closed","ping_status":"closed","sticky":false,"template":"","format":"standard","meta":{"_lmt_disableupdate":"","_lmt_disable":"","footnotes":""},"categories":[19],"tags":[],"class_list":["post-9020","post","type-post","status-publish","format-standard","has-post-thumbnail","hentry","category-ogloszenia"],"_links":{"self":[{"href":"https:\/\/swiety-jozef.pl\/index.php\/wp-json\/wp\/v2\/posts\/9020","targetHints":{"allow":["GET"]}}],"collection":[{"href":"https:\/\/swiety-jozef.pl\/index.php\/wp-json\/wp\/v2\/posts"}],"about":[{"href":"https:\/\/swiety-jozef.pl\/index.php\/wp-json\/wp\/v2\/types\/post"}],"author":[{"embeddable":true,"href":"https:\/\/swiety-jozef.pl\/index.php\/wp-json\/wp\/v2\/users\/3"}],"replies":[{"embeddable":true,"href":"https:\/\/swiety-jozef.pl\/index.php\/wp-json\/wp\/v2\/comments?post=9020"}],"version-history":[{"count":2,"href":"https:\/\/swiety-jozef.pl\/index.php\/wp-json\/wp\/v2\/posts\/9020\/revisions"}],"predecessor-version":[{"id":9067,"href":"https:\/\/swiety-jozef.pl\/index.php\/wp-json\/wp\/v2\/posts\/9020\/revisions\/9067"}],"wp:featuredmedia":[{"embeddable":true,"href":"https:\/\/swiety-jozef.pl\/index.php\/wp-json\/wp\/v2\/media\/3316"}],"wp:attachment":[{"href":"https:\/\/swiety-jozef.pl\/index.php\/wp-json\/wp\/v2\/media?parent=9020"}],"wp:term":[{"taxonomy":"category","embeddable":true,"href":"https:\/\/swiety-jozef.pl\/index.php\/wp-json\/wp\/v2\/categories?post=9020"},{"taxonomy":"post_tag","embeddable":true,"href":"https:\/\/swiety-jozef.pl\/index.php\/wp-json\/wp\/v2\/tags?post=9020"}],"curies":[{"name":"wp","href":"https:\/\/api.w.org\/{rel}","templated":true}]}}