{"id":9017,"date":"2025-12-31T23:41:01","date_gmt":"2025-12-31T22:41:01","guid":{"rendered":"https:\/\/swiety-jozef.pl\/?p=9017"},"modified":"2026-01-31T21:11:05","modified_gmt":"2026-01-31T20:11:05","slug":"ogloszenia-duszpasterskie-01-01-2025-r-2","status":"publish","type":"post","link":"https:\/\/swiety-jozef.pl\/index.php\/2025\/12\/31\/ogloszenia-duszpasterskie-01-01-2025-r-2\/","title":{"rendered":"Og\u0142oszenia duszpasterskie 01.01.2026 r."},"content":{"rendered":"\n<!--more-->\n\n\n\n<p class=\"has-text-align-right\">Nowa S\u00f3l 01.01.2026<\/p>\n\n\n\n<h4 class=\"wp-block-heading has-text-align-center\">Og\u0142oszenia duszpasterskie<br>Nowy Rok<br>\u015awi\u0119tej Bo\u017cej Rodzicielki Maryi.<\/h4>\n\n\n\n<div style=\"height:25px\" aria-hidden=\"true\" class=\"wp-block-spacer\"><\/div>\n\n\n\n<ol class=\"wp-block-list\">\n<li><strong>Dzisiaj Nowy Rok<\/strong> a zarazem uroczysto\u015b\u0107 <strong>Maryi \u015awi\u0119tej Bo\u017cej Rodzicielki<\/strong>. Msze \u015bw. w naszym ko\u015bciele b\u0119d\u0105: o godz.<strong>9<\/strong><sup><strong>30<\/strong><\/sup><strong>, 11<\/strong><sup><strong>00<\/strong><\/sup><strong>, 12<\/strong><sup><strong>30<\/strong><\/sup><strong>, 14<\/strong><sup><strong>00<\/strong><\/sup><strong> i 18<\/strong><sup><strong>30<\/strong><\/sup><strong>.<\/strong><\/li>\n\n\n\n<li><strong>Mo\u017cemy dzisiaj zyska\u0107 odpust zupe\u0142ny- przyjmuj\u0105c Komunie \u015bw. i uwielbi\u0107 Boga hymnem \u201eO Stworzycielu Duchu przyjd\u017a\u201d \u2013 co uczynimy przed b\u0142ogos\u0142awie\u0144stwem.<\/strong><\/li>\n\n\n\n<li>W tym tygodniu <strong>I czwartek, I pi\u0105tek i I sobota miesi\u0105ca<\/strong>.\n<ol style=\"list-style-type:lower-alpha\" class=\"wp-block-list\">\n<li>&#8211; <strong>W czwartek<\/strong> od godz. 17<sup>00<\/sup> modlitwa <strong>w intencji powo\u0142a\u0144 kap\u0142a\u0144skich i zakonnych.<\/strong><\/li>\n\n\n\n<li>&#8211; <strong>W pi\u0105tek<\/strong> od godz. 15<sup>00<\/sup>\u2013 Godzina Mi\u0142osierdzia i Adoracja Naj\u015bwi\u0119tszego Sakramentu<\/li>\n\n\n\n<li><strong>&#8211; Spowied\u017a \u015bw. pierwszopi\u0105tkowa w pi\u0105tek od godz. 17<\/strong><sup><strong>30 <\/strong><\/sup><strong>do 18<\/strong><sup><strong>00<\/strong><\/sup><strong>.<\/strong><\/li>\n\n\n\n<li>&#8211; <strong>Odwiedzimy wszystkich chorych w tym miesi\u0105cu w czasie wizyty kol\u0119dowej.<\/strong><\/li>\n\n\n\n<li><strong>&#8211; W sobot\u0119<\/strong> zapraszamy na <strong>Nabo\u017ce\u0144stwo I Sob\u00f3t<\/strong> <strong>o godz. 17<\/strong><sup><strong>00<\/strong><\/sup><strong>.<\/strong><\/li>\n<\/ol>\n<\/li>\n\n\n\n<li><strong>Zmiana tajemnic \u017bywego R\u00f3\u017ca\u0144ca w przysz\u0142\u0105 niedziele<\/strong><\/li>\n\n\n\n<li><strong>We wtorek 6 stycznia<\/strong> <strong>uroczysto\u015b\u0107 Objawienia Pa\u0144skiego \u2013 Trzech Kr\u00f3li<\/strong>. Na wszystkich Mszach \u015bwi\u0119tych po\u015bwiecenie kredy i kadzid\u0142a. <strong>Dzieci przychodz\u0105 w koronach na g\u0142owie<\/strong> i po <strong>Mszy \u015bw. b\u0119d\u0105 rozdawa\u0107 kred\u0119 i kadzid\u0142o a zebrane ofiary przeka\u017cemy dla dzieci w krajach misyjnych. Taca przeznaczona jest na Dzia\u0142alno\u015b\u0107 Misyjn\u0105 Ko\u015bcio\u0142a.<\/strong><\/li>\n\n\n\n<li><strong>Wszystkie parafie Nowo Solskie razem z Urz\u0119dem Miasta zapraszaj\u0105 na Orszak Trzech Kr\u00f3li. <\/strong><strong>Orszak wyruszy o godz. 12<\/strong><sup><strong>00<\/strong><\/sup><strong> sprzed ko\u015bcio\u0142a \u015bw. Antoniego w kierunku ko\u015bcio\u0142a \u015bw. J\u00f3zefa Rzemie\u015blnika. P<\/strong><strong>lan na plakatach. Parafianie par. \u015bw. J\u00f3zefa proszeni s\u0105 o ubi\u00f3r w kolorze czerwonym.<\/strong><\/li>\n\n\n\n<li><strong>Na placu przed ko\u015bcio\u0142em \u015bw. J\u00f3zefa odb\u0119dzie si\u0119 \u015bpiew kol\u0119d, gor\u0105cy pocz\u0119stunek, groch\u00f3wka, kie\u0142baski, kawa, herbata. Zapraszamy<\/strong><\/li>\n\n\n\n<li><strong>Rozpocz\u0119li\u015bmy duszpasterskie wizyty w rodzinach naszej parafii zwane kol\u0119d\u0105. Kol\u0119d\u0119 rozpoczynamy od godz. 15<\/strong><sup><strong>30<\/strong><\/sup><strong>. W sobot\u0119 rano od godz. 9<\/strong><sup><strong>00<\/strong><\/sup><strong>, po po\u0142udniu od godz. 13<\/strong><sup><strong>00<\/strong><\/sup><strong>.<\/strong><\/li>\n\n\n\n<li><strong>Plan kol\u0119dy wywieszony w gablotach i na stronie internetowej parafii, jednak mo\u017ce ulec ma\u0142ym zmianom.<\/strong><\/li>\n\n\n\n<li><strong>Przy wyj\u015bciu z ko\u015bcio\u0142a mo\u017cna naby\u0107 parafialny kalendarz \u2013ofiara 20z\u0142 jest przeznaczona na op\u0142aty zwi\u0105zane z remontem wie\u017c naszego ko\u015bcio\u0142a.<\/strong><\/li>\n\n\n\n<li><strong>W zakrystii po mszach \u015bw. mo\u017cna naby\u0107 komplety kol\u0119dowe <\/strong>(krzy\u017cyk i 2 lichtarze)<strong>.<\/strong><\/li>\n\n\n\n<li><strong><em>Dzi\u0119kujemy za ofiary tac\u0119 i za przelew na konto parafii. B\u00f3g Zap\u0142a\u0107. Numer konta bankowego parafii: 58 9673 0007 0000 0300 4864 0001<\/em><\/strong><\/li>\n\n\n\n<li>Pozdrawiamy wszystkich chorych.<\/li>\n<\/ol>\n\n\n\n<p><strong>Wszystkim parafianom<\/strong><strong> i go\u015bciom \u017cyczymy pi\u0119knego czasu spotkania z rodzin\u0105 i z najbli\u017cszymi. Niech Narodzony B\u00f3g na Nowy 2026 Rok udziela nam swoich dar\u00f3w Mi\u0142o\u015bci, Rado\u015bci i pokoju.<\/strong><\/p>\n\n\n\n<p class=\"has-text-align-right\">Ks. Krzysztof Kocz<br>Proboszcz<\/p>\n\n\n\n<div style=\"height:40px\" aria-hidden=\"true\" class=\"wp-block-spacer\"><\/div>\n","protected":false},"excerpt":{"rendered":"","protected":false},"author":3,"featured_media":3316,"comment_status":"closed","ping_status":"closed","sticky":false,"template":"","format":"standard","meta":{"_lmt_disableupdate":"","_lmt_disable":"","footnotes":""},"categories":[19],"tags":[],"class_list":["post-9017","post","type-post","status-publish","format-standard","has-post-thumbnail","hentry","category-ogloszenia"],"_links":{"self":[{"href":"https:\/\/swiety-jozef.pl\/index.php\/wp-json\/wp\/v2\/posts\/9017","targetHints":{"allow":["GET"]}}],"collection":[{"href":"https:\/\/swiety-jozef.pl\/index.php\/wp-json\/wp\/v2\/posts"}],"about":[{"href":"https:\/\/swiety-jozef.pl\/index.php\/wp-json\/wp\/v2\/types\/post"}],"author":[{"embeddable":true,"href":"https:\/\/swiety-jozef.pl\/index.php\/wp-json\/wp\/v2\/users\/3"}],"replies":[{"embeddable":true,"href":"https:\/\/swiety-jozef.pl\/index.php\/wp-json\/wp\/v2\/comments?post=9017"}],"version-history":[{"count":2,"href":"https:\/\/swiety-jozef.pl\/index.php\/wp-json\/wp\/v2\/posts\/9017\/revisions"}],"predecessor-version":[{"id":9068,"href":"https:\/\/swiety-jozef.pl\/index.php\/wp-json\/wp\/v2\/posts\/9017\/revisions\/9068"}],"wp:featuredmedia":[{"embeddable":true,"href":"https:\/\/swiety-jozef.pl\/index.php\/wp-json\/wp\/v2\/media\/3316"}],"wp:attachment":[{"href":"https:\/\/swiety-jozef.pl\/index.php\/wp-json\/wp\/v2\/media?parent=9017"}],"wp:term":[{"taxonomy":"category","embeddable":true,"href":"https:\/\/swiety-jozef.pl\/index.php\/wp-json\/wp\/v2\/categories?post=9017"},{"taxonomy":"post_tag","embeddable":true,"href":"https:\/\/swiety-jozef.pl\/index.php\/wp-json\/wp\/v2\/tags?post=9017"}],"curies":[{"name":"wp","href":"https:\/\/api.w.org\/{rel}","templated":true}]}}