{"id":9013,"date":"2025-12-27T20:29:42","date_gmt":"2025-12-27T19:29:42","guid":{"rendered":"https:\/\/swiety-jozef.pl\/?p=9013"},"modified":"2025-12-27T20:29:45","modified_gmt":"2025-12-27T19:29:45","slug":"ogloszenia-duszpasterskie-28-12-2025-r","status":"publish","type":"post","link":"https:\/\/swiety-jozef.pl\/index.php\/2025\/12\/27\/ogloszenia-duszpasterskie-28-12-2025-r\/","title":{"rendered":"Og\u0142oszenia duszpasterskie 28.12.2025 r."},"content":{"rendered":"\n<!--more-->\n\n\n\n<p class=\"has-text-align-right\">Nowa S\u00f3l 28.12.2025<\/p>\n\n\n\n<h4 class=\"wp-block-heading has-text-align-center\">Og\u0142oszenia duszpasterskie<br>I Niedziela BN<br>NIEDZIELA \u015aWI\u0118TEJ RODZINY<\/h4>\n\n\n\n<div style=\"height:25px\" aria-hidden=\"true\" class=\"wp-block-spacer\"><\/div>\n\n\n\n<ol class=\"wp-block-list\">\n<li>Dzisiaj niedziela w Oktawie Bo\u017cego Narodzenia \u2013\u00a0<strong>Niedziela \u015awi\u0119tej Rodziny<\/strong>. Na ka\u017cdej Mszy \u015bw.\u00a0<strong>odnowienie przyrzecze\u0144 ma\u0142\u017ce\u0144skich oraz b\u0142ogos\u0142awie\u0144stwo ma\u0142\u017conk\u00f3w<\/strong>.<\/li>\n\n\n\n<li>Dzisiaj po mszy \u015bw. o godz.11<sup>00 <\/sup>zapraszam do wsp\u00f3lnego kol\u0119dowania z naszym parafialnym ch\u00f3rem i schyl\u0105<\/li>\n\n\n\n<li><strong>W \u015brod\u0119 31 XII,<\/strong>\u00a0<strong>zako\u0144czenie Starego Roku<\/strong>. Rano Msza \u015bw. o godz. 7.00, natomiast wieczorem uroczysta Msza \u015bw. z\u00a0<strong>nabo\u017ce\u0144stwem dzi\u0119kczynno \u2013 przeb\u0142agalnym\u00a0o godz. 16:00.<\/strong><\/li>\n\n\n\n<li><strong>W czwartek Nowy Rok<\/strong>\u00a0a zarazem uroczysto\u015b\u0107\u00a0<strong>Maryi \u015awi\u0119tej Bo\u017cej Rodzicielki<\/strong>. Msze \u015bw. w naszym ko\u015bciele b\u0119d\u0105: o godz.<strong>9.30, 11.00, 12.30, 14.00 i 18.30.\u00a0<\/strong>W Nowy Rok\u00a0<strong>nie b\u0119dzie<\/strong>\u00a0<strong>Mszy \u015bw. o 7.30.<\/strong><\/li>\n\n\n\n<li><strong>W przysz\u0142\u0105 niedziel\u0119 na Mszy \u015bw. o godz. 7<\/strong><sup><strong>30<\/strong><\/sup><strong>\u00a0zmiana tajemnic \u017bywego R\u00f3\u017ca\u0144ca. A po Mszy \u015bw. o godz. 18<\/strong><sup><strong>30<\/strong><\/sup><strong>\u00a0nauka przed chrztem \u015bw. dla rodzic\u00f3w i chrzestnych.<\/strong><\/li>\n\n\n\n<li><strong>Za tydzie\u0144 pierwsza niedziela miesi\u0105ca PZC b\u0119dzie zbiera\u0142 ofiary do puszek dla najbardziej potrzebuj\u0105cych z naszej parafii. B\u00f3g Zap\u0142a\u0107<\/strong><\/li>\n\n\n\n<li><strong>Przy wyj\u015bciu z ko\u015bcio\u0142a mo\u017cna naby\u0107 parafialny kalendarz \u2013ofiara 20z\u0142 jest przeznaczona na op\u0142aty zwi\u0105zane z remontem wie\u017c naszego ko\u015bcio\u0142a.<\/strong><\/li>\n\n\n\n<li><strong>Rozpocz\u0119li\u015bmy kol\u0119d\u0119 \u2013 kompletujemy zaproszenia \u2013 dok\u0142adny plan kol\u0119dy jest umieszczony w gablotach i na stronie internetowej parafii.<\/strong><\/li>\n\n\n\n<li><strong>Kol\u0119d\u0119 rozpoczynamy od godz. 15<\/strong><sup><strong>30<\/strong><\/sup><strong>. W sobot\u0119 rano od godz. 9<\/strong><sup><strong>00<\/strong><\/sup><strong>, po po\u0142udniu od godz. 13<\/strong><sup><strong>00<\/strong><\/sup><strong>.<\/strong><\/li>\n\n\n\n<li><strong>Celem kol\u0119dy jest wsp\u00f3lna modlitwa z b\u0142ogos\u0142awie\u0144stwem domu<\/strong>\u00a0oraz rozmowa na tematy \u017cycia religijnego w rodzinie i spraw duszpasterstwa w parafii.<\/li>\n\n\n\n<li><strong>Kol\u0119da jest znakiem utrzymywania wi\u0119zi z parafi\u0105, jako wsp\u00f3lnot\u0105 wiary, dlatego pragniemy odwiedzi\u0107 wszystkie rodziny parafii.<\/strong><\/li>\n\n\n\n<li>Na kol\u0119d\u0119 powinien by\u0107 st\u00f3\u0142\u00a0<strong>nakryty bia\u0142ym obrusem, na nim ustawiony krzy\u017c i zapalone \u015bwiece, naczynie z wod\u0105 \u015bwi\u0119con\u0105 i kropid\u0142o oraz Ksi\u0119ga Pisma \u015awi\u0119tego<\/strong>, a gdy s\u0105 dzieci w wieku szkolnym to tak\u017ce\u00a0<strong>zeszyty z religii oraz indeksy<\/strong>\u00a0kandydat\u00f3w do bierzmowania.<\/li>\n\n\n\n<li><strong>W zakrystii po mszach \u015bw. mo\u017cna naby\u0107 komplety kol\u0119dowe <\/strong>(krzy\u017cyk i 2 lichtarze)<strong>.<\/strong><\/li>\n\n\n\n<li><strong>Dzieci klas III po Mszy \u015bw. prosimy o pozostanie w ko\u015bciele po wpisy do dzienniczk\u00f3w; dzieci klas II i m\u0142odsze zapraszamy do kaplicy po naklejki z dzisiejszej ewangelii.<\/strong><\/li>\n\n\n\n<li><strong>W dni powszednie msze \u015bw. b\u0119d\u0105 odbywa\u0142y si\u0119 w kaplicy, kt\u00f3ra b\u0119dzie ogrzewana.<\/strong><\/li>\n\n\n\n<li><em><strong>Dzi\u0119kujemy za ofiary tac\u0119 i za przelew na konto parafii. B\u00f3g Zap\u0142a\u0107. Numer konta bankowego parafii: 58 9673 0007 0000 0300 4864 0001<\/strong><\/em><\/li>\n\n\n\n<li><strong>Dzi\u0119kujemy 4 wiernym mieszkaj\u0105cym na o\u015b. Konst. 3 Maja blok 23 i 24 i 3 osobom ch\u0119tnym za sprz\u0105tanie ko\u015bcio\u0142a i ofiary na kwiaty &#8211; Msza \u015bw. za te rodziny odb\u0119dzie si\u0119 21.01.2025 godz. 18<\/strong><sup><strong>00<\/strong><\/sup><strong>.<\/strong><\/li>\n\n\n\n<li><strong>W sobot\u0119 o godz. 9<\/strong><sup><strong>00<\/strong><\/sup><strong>\u00a0do sprz\u0105tania ko\u015bcio\u0142a zapraszam wiernych z o\u015b. Konst. 3 Maja blok 25 i 26<\/strong><\/li>\n\n\n\n<li><strong>Zach\u0119camy do zakupu i lektury prasy katolickiej: NIEDZIELA, GO\u015a\u0106 NIEDZIELNY, Ma\u0142y Go\u015b\u0107 Niedzielny, Historia Ko\u015bcio\u0142a<\/strong><\/li>\n\n\n\n<li><strong>W minionym tygodniu z naszej parafii zmarli:<\/strong>+ S\u0142awomir <strong>Olejnik<\/strong> zam. o\u015b. Konstytucji 3 Maja; +Kazimierz <strong>G\u0105dek<\/strong> zam. ul. Wojska Polskiego<\/li>\n\n\n\n<li><strong>Pozdrawiamy wszystkich chorych, pami\u0119tamy o Was w modlitwie, \u017cycz\u0105c szybkiego powrotu do zdrowia.<\/strong><\/li>\n<\/ol>\n\n\n\n<p><strong>Wszystkim parafianom&nbsp;i go\u015bciom \u017cyczymy dobrej niedzieli \u2013 niech Rodz\u0105cy si\u0119 Jezus b\u0142ogos\u0142awi Wasze Rodziny<\/strong><\/p>\n\n\n\n<p class=\"has-text-align-right\">Ks. Krzysztof Kocz<br>Proboszcz<\/p>\n\n\n\n<div style=\"height:40px\" aria-hidden=\"true\" class=\"wp-block-spacer\"><\/div>\n","protected":false},"excerpt":{"rendered":"","protected":false},"author":3,"featured_media":3316,"comment_status":"closed","ping_status":"closed","sticky":false,"template":"","format":"standard","meta":{"_lmt_disableupdate":"","_lmt_disable":"","footnotes":""},"categories":[19],"tags":[],"class_list":["post-9013","post","type-post","status-publish","format-standard","has-post-thumbnail","hentry","category-ogloszenia"],"_links":{"self":[{"href":"https:\/\/swiety-jozef.pl\/index.php\/wp-json\/wp\/v2\/posts\/9013","targetHints":{"allow":["GET"]}}],"collection":[{"href":"https:\/\/swiety-jozef.pl\/index.php\/wp-json\/wp\/v2\/posts"}],"about":[{"href":"https:\/\/swiety-jozef.pl\/index.php\/wp-json\/wp\/v2\/types\/post"}],"author":[{"embeddable":true,"href":"https:\/\/swiety-jozef.pl\/index.php\/wp-json\/wp\/v2\/users\/3"}],"replies":[{"embeddable":true,"href":"https:\/\/swiety-jozef.pl\/index.php\/wp-json\/wp\/v2\/comments?post=9013"}],"version-history":[{"count":1,"href":"https:\/\/swiety-jozef.pl\/index.php\/wp-json\/wp\/v2\/posts\/9013\/revisions"}],"predecessor-version":[{"id":9014,"href":"https:\/\/swiety-jozef.pl\/index.php\/wp-json\/wp\/v2\/posts\/9013\/revisions\/9014"}],"wp:featuredmedia":[{"embeddable":true,"href":"https:\/\/swiety-jozef.pl\/index.php\/wp-json\/wp\/v2\/media\/3316"}],"wp:attachment":[{"href":"https:\/\/swiety-jozef.pl\/index.php\/wp-json\/wp\/v2\/media?parent=9013"}],"wp:term":[{"taxonomy":"category","embeddable":true,"href":"https:\/\/swiety-jozef.pl\/index.php\/wp-json\/wp\/v2\/categories?post=9013"},{"taxonomy":"post_tag","embeddable":true,"href":"https:\/\/swiety-jozef.pl\/index.php\/wp-json\/wp\/v2\/tags?post=9013"}],"curies":[{"name":"wp","href":"https:\/\/api.w.org\/{rel}","templated":true}]}}