{"id":8968,"date":"2025-11-15T20:01:12","date_gmt":"2025-11-15T19:01:12","guid":{"rendered":"https:\/\/swiety-jozef.pl\/?p=8968"},"modified":"2025-11-15T20:01:17","modified_gmt":"2025-11-15T19:01:17","slug":"intencje-mszalne-16-11-23-11-2025-r","status":"publish","type":"post","link":"https:\/\/swiety-jozef.pl\/index.php\/2025\/11\/15\/intencje-mszalne-16-11-23-11-2025-r\/","title":{"rendered":"Intencje mszalne 16.11. \u2013 23.11.2025 r."},"content":{"rendered":"\n<!--more-->\n\n\n\n<div style=\"height:25px\" aria-hidden=\"true\" class=\"wp-block-spacer\"><\/div>\n\n\n\n<p class=\"has-vivid-red-color has-text-color has-link-color wp-elements-e60b0117c029fa5287de90d834dc484d\"><strong>Niedziela 16.11.2025r.<\/strong><\/p>\n\n\n\n<p><strong>7<\/strong><sup><strong>30<\/strong><\/sup> <strong>1. <\/strong>+Janusz Trojanowski 10 r.\u015bm.<\/p>\n\n\n\n<p><strong>2. <\/strong>+Micha\u0142 Czernecki greg. 7<\/p>\n\n\n\n<p><strong>9<\/strong><sup><strong>30<\/strong><\/sup><sup> <\/sup><strong>1.<\/strong> Dz. B\u0142: Danuta Sawczuk 75 r. ur. z R\u00f3\u017cy Niepok. Serca NMP<\/p>\n\n\n\n<p><strong>2.<\/strong> Dz. B\u0142: Szymon \u2013 2 r. ur.<\/p>\n\n\n\n<p><strong>11<\/strong><sup><strong>00<\/strong><\/sup> <strong>1. <\/strong>+Jan M\u0142ynarczyk i ++ z rodz.<\/p>\n\n\n\n<p><strong>2.<\/strong> +Janina Kub\u00f3w \u2013 rok po \u015bm.<\/p>\n\n\n\n<p><strong>12<\/strong><sup><strong>30<\/strong><\/sup><sup> <\/sup><strong>1. <\/strong>Dz. B\u0142: w int. Piotrusia w 3 r. ur.<\/p>\n\n\n\n<p><strong>14<\/strong><sup><strong>00<\/strong><\/sup> <strong>1.<\/strong> +Marianna Polito<\/p>\n\n\n\n<p><strong>18<\/strong><sup><strong>30<\/strong><\/sup> <strong>1. <\/strong>+Henryk Stali\u0144ski \u2013 1 r.\u015bm.<\/p>\n\n\n\n<div style=\"height:25px\" aria-hidden=\"true\" class=\"wp-block-spacer\"><\/div>\n\n\n\n<p><strong>Poniedzia\u0142ek 17.11.2025r.<\/strong><\/p>\n\n\n\n<p><strong>7<\/strong><sup><strong>00<\/strong><\/sup> <strong>1. <\/strong>+Micha\u0142 Czernecki greg. 8<\/p>\n\n\n\n<p><strong>18<\/strong><sup><strong>00<\/strong><\/sup> <strong>1. <\/strong>+Feliks Janus 28 r.\u015bm. i ++ z rodz. Janus, Wici\u0144skich i Pro\u0107<\/p>\n\n\n\n<p><strong>2.<\/strong> +Czes\u0142aw Bugajewski 1 m-c po \u015bm.<\/p>\n\n\n\n<div style=\"height:25px\" aria-hidden=\"true\" class=\"wp-block-spacer\"><\/div>\n\n\n\n<p><strong>Wtorek 18.11.2025r.<\/strong><\/p>\n\n\n\n<p><strong>7<\/strong><sup><strong>00<\/strong><\/sup> <strong>1. <\/strong>+Micha\u0142 Czernecki greg. 9<\/p>\n\n\n\n<p><strong>7<\/strong><sup><strong>30 <\/strong><\/sup><strong>1. <\/strong>+ Natalia Kwiatkowska pogrzeb godz. 12<sup>00<\/sup> Oty\u0144<\/p>\n\n\n\n<p><strong>18<\/strong><sup><strong>00<\/strong><\/sup> <strong>1. <\/strong>+Teresa Rakowska 10 r.\u015bm. i +Anna Pietraszkiewicz<\/p>\n\n\n\n<p><strong>2.<\/strong> +Antoni w 26 r.\u015bm., Tadeusz i ++ z tych rodzin<\/p>\n\n\n\n<div style=\"height:25px\" aria-hidden=\"true\" class=\"wp-block-spacer\"><\/div>\n\n\n\n<p><strong>\u015aroda 19.11.2025r.<\/strong><\/p>\n\n\n\n<p><strong>7<\/strong><sup><strong>00<\/strong><\/sup><sup> <\/sup><strong>1. <\/strong>+Micha\u0142 Czernecki greg. 10<\/p>\n\n\n\n<p><strong>18<\/strong><sup><strong>00<\/strong><\/sup><sup> <\/sup>1. J\u00f3zefa Iwasieczko 1 m-c po \u015bm.<\/p>\n\n\n\n<p>2. <strong>MSZA WSP\u00d3LNA:<\/strong><\/p>\n\n\n\n<p><strong>* <\/strong>Dz. B\u0142: Mateusz 10 r. ur. i Bartosz 14 r. ur o Bo\u017ce b\u0142og i potrzebne \u0142aski nad dalsze lata \u017cycia<\/p>\n\n\n\n<p><strong>* <\/strong>w int. sprz\u0105taj\u0105cych K-\u0142 z Os. Konst. III Maja blok nr 1 i 2, 2 os\u00f3b ch\u0119tnych i ich Rodzin<\/p>\n\n\n\n<p><strong>*<\/strong> w int. sprz\u0105taj\u0105cych K-\u0142 z Os. Konst. III Maja blok nr 3 i 4, 1 os\u00f3b ch\u0119tnych i ich Rodzin<\/p>\n\n\n\n<p><strong>* <\/strong>++ z R\u00f3\u017cy MB Fatimskiej, El\u017cbieta Paw\u0142owska, Janina Gajcy, Anna Ho\u0142tyn, Zofia Hajdukiewicz, Jadwiga Jamroszczyk, Krystyna Witkiewicz i Krystyna K\u0119trzy\u0144ska<\/p>\n\n\n\n<p><strong>* <\/strong>Dz. B\u0142: El\u017cbieta Faron i Zdzis\u0142awa (ona) Micha\u0142owska<\/p>\n\n\n\n<p><strong>* <\/strong>+Zdzis\u0142awa (ona) J\u0119drasiak 1 r. \u015bm.<\/p>\n\n\n\n<p><strong>* <\/strong>++ z Rodz. Kalinowskich i Mazur<\/p>\n\n\n\n<div style=\"height:25px\" aria-hidden=\"true\" class=\"wp-block-spacer\"><\/div>\n\n\n\n<p><strong>Czwartek 20.11.2025r.<\/strong><\/p>\n\n\n\n<p><strong>7<\/strong><sup><strong>00<\/strong><\/sup><sup> <\/sup><strong>1. <\/strong>+Krystyna i Roman Jakubowscy<\/p>\n\n\n\n<p>2. +Micha\u0142 Czernecki greg. 11 \/ks. Tomasz\/<\/p>\n\n\n\n<p><strong>18<\/strong><sup><strong>00<\/strong><\/sup> <strong>1.<\/strong> +Tomasz Haniszewski i ++ z rodz.<\/p>\n\n\n\n<div style=\"height:25px\" aria-hidden=\"true\" class=\"wp-block-spacer\"><\/div>\n\n\n\n<p><strong>Pi\u0105tek 21.11.2025r<\/strong><\/p>\n\n\n\n<p><strong>7<\/strong><sup><strong>00<\/strong><\/sup> <strong>1.<\/strong> +Micha\u0142 Czernecki greg. 12<\/p>\n\n\n\n<p><strong>18<\/strong><sup><strong>00<\/strong><\/sup><sup> <\/sup><strong>1.<\/strong> +Wies\u0142awa (ona) Kuleta 4 r.\u015bm.<\/p>\n\n\n\n<div style=\"height:25px\" aria-hidden=\"true\" class=\"wp-block-spacer\"><\/div>\n\n\n\n<p><strong>Sobota 22.11.2025r.<\/strong><\/p>\n\n\n\n<p><strong>7<\/strong><sup><strong>00 <\/strong><\/sup><strong>1. <\/strong>+Micha\u0142 Czernecki (Greg. 13)<\/p>\n\n\n\n<p><strong>18<\/strong><sup><strong>00<\/strong><\/sup> <strong>1. <\/strong>+Stanis\u0142awa (ona) Pietras, Stanis\u0142aw, i Krzysztof Pietras<\/p>\n\n\n\n<p><strong>2.<\/strong> +Stefania Kujawska 18 r.\u015bm., Lech i Marcin Kujawski, +Micha\u0142 Watach<\/p>\n\n\n\n<div style=\"height:25px\" aria-hidden=\"true\" class=\"wp-block-spacer\"><\/div>\n\n\n\n<p class=\"has-vivid-red-color has-text-color has-link-color wp-elements-aee5cd56f336a56c3da2b9b76639a766\"><strong>Niedziela 23.11.2025r.<\/strong><\/p>\n\n\n\n<p><strong>7<\/strong><sup><strong>30<\/strong><\/sup> <strong>1. <\/strong>+Bogus\u0142awa Grzebieniowska 31 r.\u015bm. i Piotr Grzebieniowski<\/p>\n\n\n\n<p><strong>2. <\/strong>+Micha\u0142 Czernecki greg. 14<\/p>\n\n\n\n<p><strong>9<\/strong><sup><strong>30<\/strong><\/sup><sup> <\/sup><strong>1.<\/strong> +Helena i Czes\u0142aw Lipiak 5 r.\u015bm.<\/p>\n\n\n\n<p><strong>2.<\/strong> +Bogdan Grabowski 3 r.\u015bm.<\/p>\n\n\n\n<p><strong>11<\/strong><sup><strong>00<\/strong><\/sup> <strong>1. <\/strong>+Bronis\u0142awa (ona) i Marian Tyrakowscy<\/p>\n\n\n\n<p><strong>2.<\/strong> Dz. B\u0142: Miros\u0142awa (ona) i Tadeusz w 45 r. \u015blubu \u2013 o b\u0142og. Bo\u017ce na dalsze lata \u017cycia<\/p>\n\n\n\n<p><strong>12<\/strong><sup><strong>30<\/strong><\/sup><sup> <\/sup><strong>1. <\/strong>Za parafian<\/p>\n\n\n\n<p><strong>14<\/strong><sup><strong>00<\/strong><\/sup> <strong>1. <\/strong>+Anna Ho\u0142tyn 17 r.\u015bm.<\/p>\n\n\n\n<p><strong>2.<\/strong> Dz. B\u0142: Zdzis\u0142awa Lewandowska i Zdzis\u0142awa Micha\u0142owska \u2013 z ok. im. o Bo\u017ce b\u0142og. i opiek\u0119 MB dla rodziny. \u2013 int. od R\u00f3\u017cy MB Klenickiej<\/p>\n\n\n\n<p><strong>18<\/strong><sup><strong>30<\/strong><\/sup> <strong>1. <\/strong>+Aniela, Roman Kanareccy i ++ z rodz.<\/p>\n\n\n\n<div style=\"height:40px\" aria-hidden=\"true\" class=\"wp-block-spacer\"><\/div>\n","protected":false},"excerpt":{"rendered":"","protected":false},"author":3,"featured_media":4429,"comment_status":"closed","ping_status":"closed","sticky":false,"template":"","format":"standard","meta":{"_lmt_disableupdate":"","_lmt_disable":"","footnotes":""},"categories":[20],"tags":[],"class_list":["post-8968","post","type-post","status-publish","format-standard","has-post-thumbnail","hentry","category-intencje"],"_links":{"self":[{"href":"https:\/\/swiety-jozef.pl\/index.php\/wp-json\/wp\/v2\/posts\/8968","targetHints":{"allow":["GET"]}}],"collection":[{"href":"https:\/\/swiety-jozef.pl\/index.php\/wp-json\/wp\/v2\/posts"}],"about":[{"href":"https:\/\/swiety-jozef.pl\/index.php\/wp-json\/wp\/v2\/types\/post"}],"author":[{"embeddable":true,"href":"https:\/\/swiety-jozef.pl\/index.php\/wp-json\/wp\/v2\/users\/3"}],"replies":[{"embeddable":true,"href":"https:\/\/swiety-jozef.pl\/index.php\/wp-json\/wp\/v2\/comments?post=8968"}],"version-history":[{"count":1,"href":"https:\/\/swiety-jozef.pl\/index.php\/wp-json\/wp\/v2\/posts\/8968\/revisions"}],"predecessor-version":[{"id":8969,"href":"https:\/\/swiety-jozef.pl\/index.php\/wp-json\/wp\/v2\/posts\/8968\/revisions\/8969"}],"wp:featuredmedia":[{"embeddable":true,"href":"https:\/\/swiety-jozef.pl\/index.php\/wp-json\/wp\/v2\/media\/4429"}],"wp:attachment":[{"href":"https:\/\/swiety-jozef.pl\/index.php\/wp-json\/wp\/v2\/media?parent=8968"}],"wp:term":[{"taxonomy":"category","embeddable":true,"href":"https:\/\/swiety-jozef.pl\/index.php\/wp-json\/wp\/v2\/categories?post=8968"},{"taxonomy":"post_tag","embeddable":true,"href":"https:\/\/swiety-jozef.pl\/index.php\/wp-json\/wp\/v2\/tags?post=8968"}],"curies":[{"name":"wp","href":"https:\/\/api.w.org\/{rel}","templated":true}]}}