{"id":8966,"date":"2025-11-15T19:56:56","date_gmt":"2025-11-15T18:56:56","guid":{"rendered":"https:\/\/swiety-jozef.pl\/?p=8966"},"modified":"2025-11-15T19:56:59","modified_gmt":"2025-11-15T18:56:59","slug":"ogloszenia-duszpasterskie-16-11-2025-r","status":"publish","type":"post","link":"https:\/\/swiety-jozef.pl\/index.php\/2025\/11\/15\/ogloszenia-duszpasterskie-16-11-2025-r\/","title":{"rendered":"Og\u0142oszenia duszpasterskie 16.11.2025 r."},"content":{"rendered":"\n<!--more-->\n\n\n\n<p class=\"has-text-align-right\">Nowa S\u00f3l 16.11.2025<\/p>\n\n\n\n<h4 class=\"wp-block-heading has-text-align-center\">Og\u0142oszenia duszpasterskie<br>XXXIII Niedziela okresu zwyk\u0142ego rok C<\/h4>\n\n\n\n<div style=\"height:25px\" aria-hidden=\"true\" class=\"wp-block-spacer\"><\/div>\n\n\n\n<ol class=\"wp-block-list\">\n<li><strong>Dzisiaj 33 niedziela okresu zwyk\u0142ego<\/strong><strong>, obchodzimy w Ko\u015bciele <\/strong><strong>IX \u015awiatowy Dzie\u0144 Ubogich.<\/strong><\/li>\n\n\n\n<li><strong>Parafialna Orkiestra Fermata Band serdecznie zaprasza na jesienny koncert, kt\u00f3ry odb\u0119dzie si\u0119 dzisiaj 16 listopada o godz. 16<\/strong><sup><strong>00<\/strong><\/sup><strong> w naszym ko\u015bciele.\u00a0<\/strong><\/li>\n\n\n\n<li><strong>W \u015brod\u0119 o godz. 18<\/strong><sup><strong>00<\/strong><\/sup><strong> Nowenna do Matki Bo\u017cej Nieustaj\u0105cej Pomocy i \u015bw. J\u00f3zefa<\/strong><\/li>\n\n\n\n<li><strong>W czwartek o godz. 18<\/strong><sup><strong>40<\/strong><\/sup><strong> spotkanie z rodzicami dzieci klas III w ramach przygotowania do I Komunii \u015bw. O godz. 18<\/strong><sup><strong>00 <\/strong><\/sup><strong>w szkole katolickiej mo\u017cliwo\u015b\u0107 zakupu medalik\u00f3w, \u0142a\u0144cuszk\u00f3w, kt\u00f3re po\u015bwi\u0119cimy 8 grudnia, b\u0119d\u0105 tak\u017ce \u015bwiece.<\/strong><\/li>\n\n\n\n<li><strong>Dzi\u0119kuj\u0119 za udekorowanie naszych dom\u00f3w, mieszka\u0144 flagami jako wdzi\u0119czna pami\u0119\u0107 o obro\u0144cach naszej Ojczyzny.<\/strong><\/li>\n\n\n\n<li><strong>W poniedzia\u0142ek 17 XI kancelaria parafialna czynna od godz. 18<\/strong><sup><strong>40<\/strong><\/sup><strong>do godz. 19<\/strong><sup><strong>15<\/strong><\/sup><\/li>\n\n\n\n<li><strong>Przysz\u0142a niedziela to uroczysto\u015b\u0107 Chrystusa Kr\u00f3la Wszech\u015bwiata<\/strong><strong>ko\u0144cz\u0105ca rok liturgiczny<\/strong>. <strong>Jest to \u015bwi\u0119to patronalne naszego Wy\u017cszego Seminarium Duchownego. Taca z tej niedzieli jest przeznaczona na utrzymanie naszego seminarium.<\/strong><\/li>\n\n\n\n<li><strong>Wypominki za zmar\u0142ych w dni powszednie o godz. 17<\/strong><sup>30 <\/sup><strong>w niedziel\u0119 o godz. 18<\/strong><sup>00<\/sup>. W czwartki do prowadzenia wypominek zapraszamy dzieci.<\/li>\n\n\n\n<li><strong>Rekolekcje Adwentowe rozpoczn\u0105 si\u0119 w naszej parafii w I niedziele adwentu &#8211; 30 listopada, prowadzi\u0142 je b\u0119dzie ks. Wojciech Lisiewicz \u2013 pami\u0119tajmy o nim w modlitwie.<\/strong><\/li>\n\n\n\n<li><strong>Dzieci klas III po Mszy \u015bw. prosimy o pozostanie w ko\u015bciele po wpisy do dzienniczk\u00f3w; dzieci klas II i m\u0142odsze zapraszamy do kaplicy po naklejki z dzisiejszej ewangelii.<\/strong><\/li>\n\n\n\n<li><strong>W niedziele 30 XI o godz. 17<\/strong><sup><strong>30<\/strong><\/sup><strong> w szkole katolickiej rozpocznie si\u0119 przygotowanie doros\u0142ych (po 21 roku \u017cycia) do Sakramentu Bierzmowania. Ch\u0119tnych zapraszamy po Mszy \u015bw. do zakrystii lub kancelarii w godzinach jej urz\u0119dowania.<\/strong><\/li>\n\n\n\n<li><strong><em>Dzi\u0119kujemy za ofiary na tac\u0119 i za przelewy na konto parafii. B\u00f3g Zap\u0142a\u0107. Numer konta bankowego parafii: 58 9673 0007 0000 0300 4864 0001<\/em><\/strong><\/li>\n\n\n\n<li><em><strong>Dzisiaj 3 niedziela miesi\u0105ca taca przeznaczona jest na potrzeby parafii &#8211; na uregulowanie nale\u017cno\u015bci za wykonane prace konserwacji wie\u017c i dachu naszego ko\u015bcio\u0142a.<\/strong><\/em><\/li>\n\n\n\n<li><strong>Dzi\u0119kujemy 12 wiernym i 3 dzieci mieszkaj\u0105cym na o\u015b. Konst. 3 Maja blok 10 i blok 11 i 2 osobom ch\u0119tnym za sprz\u0105tanie ko\u015bcio\u0142a i ofiary na kwiaty &#8211; Msza \u015bw. za te rodziny odb\u0119dzie si\u0119 26.11.2025 godz. 18<\/strong><sup><strong>00<\/strong><\/sup><strong>.<\/strong><\/li>\n\n\n\n<li><strong>W sobot\u0119 o godz. 9<\/strong><sup><strong>00<\/strong><\/sup><strong>\u00a0do sprz\u0105tania ko\u015bcio\u0142a zapraszam wiernych z o\u015b. Konst. 3 Maja blok 12 i blok 14<\/strong><\/li>\n\n\n\n<li><strong>Zach\u0119camy do zakupu i lektury prasy katolickiej: NIEDZIELA, GO\u015a\u0106 NIEDZIELNY, G\u0142os \u015aw. J\u00f3zefa<\/strong><\/li>\n\n\n\n<li><strong>W minionym tygodniu z naszej parafii zmarli:<\/strong>+Wanda<strong> Kruszelnicka <\/strong>zam. ul. Mickiewicza; +Natalia <strong>Kwiatkowska<\/strong> zam. ul. D\u0142uga<\/li>\n\n\n\n<li><strong>Pozdrawiamy wszystkich chorych, pami\u0119tamy o Was w modlitwie, \u017cycz\u0105c szybkiego powrotu do zdrowia.<\/strong><\/li>\n<\/ol>\n\n\n\n<p><strong>Wszystkim parafianom&nbsp;i go\u015bciom \u017cyczymy dobrej niedzieli i Bo\u017cego b\u0142ogos\u0142awie\u0144stwa.<\/strong><\/p>\n\n\n\n<p class=\"has-text-align-right\">Ks. Krzysztof Kocz<br>Proboszcz<\/p>\n\n\n\n<div style=\"height:40px\" aria-hidden=\"true\" class=\"wp-block-spacer\"><\/div>\n","protected":false},"excerpt":{"rendered":"","protected":false},"author":3,"featured_media":3316,"comment_status":"closed","ping_status":"closed","sticky":false,"template":"","format":"standard","meta":{"_lmt_disableupdate":"","_lmt_disable":"","footnotes":""},"categories":[19],"tags":[],"class_list":["post-8966","post","type-post","status-publish","format-standard","has-post-thumbnail","hentry","category-ogloszenia"],"_links":{"self":[{"href":"https:\/\/swiety-jozef.pl\/index.php\/wp-json\/wp\/v2\/posts\/8966","targetHints":{"allow":["GET"]}}],"collection":[{"href":"https:\/\/swiety-jozef.pl\/index.php\/wp-json\/wp\/v2\/posts"}],"about":[{"href":"https:\/\/swiety-jozef.pl\/index.php\/wp-json\/wp\/v2\/types\/post"}],"author":[{"embeddable":true,"href":"https:\/\/swiety-jozef.pl\/index.php\/wp-json\/wp\/v2\/users\/3"}],"replies":[{"embeddable":true,"href":"https:\/\/swiety-jozef.pl\/index.php\/wp-json\/wp\/v2\/comments?post=8966"}],"version-history":[{"count":1,"href":"https:\/\/swiety-jozef.pl\/index.php\/wp-json\/wp\/v2\/posts\/8966\/revisions"}],"predecessor-version":[{"id":8967,"href":"https:\/\/swiety-jozef.pl\/index.php\/wp-json\/wp\/v2\/posts\/8966\/revisions\/8967"}],"wp:featuredmedia":[{"embeddable":true,"href":"https:\/\/swiety-jozef.pl\/index.php\/wp-json\/wp\/v2\/media\/3316"}],"wp:attachment":[{"href":"https:\/\/swiety-jozef.pl\/index.php\/wp-json\/wp\/v2\/media?parent=8966"}],"wp:term":[{"taxonomy":"category","embeddable":true,"href":"https:\/\/swiety-jozef.pl\/index.php\/wp-json\/wp\/v2\/categories?post=8966"},{"taxonomy":"post_tag","embeddable":true,"href":"https:\/\/swiety-jozef.pl\/index.php\/wp-json\/wp\/v2\/tags?post=8966"}],"curies":[{"name":"wp","href":"https:\/\/api.w.org\/{rel}","templated":true}]}}