{"id":8953,"date":"2025-11-08T20:07:05","date_gmt":"2025-11-08T19:07:05","guid":{"rendered":"https:\/\/swiety-jozef.pl\/?p=8953"},"modified":"2025-11-09T15:09:57","modified_gmt":"2025-11-09T14:09:57","slug":"ogloszenia-duszpasterskie-09-11-2025-r","status":"publish","type":"post","link":"https:\/\/swiety-jozef.pl\/index.php\/2025\/11\/08\/ogloszenia-duszpasterskie-09-11-2025-r\/","title":{"rendered":"Og\u0142oszenia duszpasterskie 09.11.2025 r."},"content":{"rendered":"\n<!--more-->\n\n\n\n<p class=\"has-text-align-right\">Nowa S\u00f3l 09.11.2025<\/p>\n\n\n\n<h4 class=\"wp-block-heading has-text-align-center\">Og\u0142oszenia duszpasterskie<br>XXXII Niedziela okresu zwyk\u0142ego rok C<\/h4>\n\n\n\n<div style=\"height:25px\" aria-hidden=\"true\" class=\"wp-block-spacer\"><\/div>\n\n\n\n<ol class=\"wp-block-list\">\n<li><strong>Dzisiaj 32 niedziela okresu zwyk\u0142ego.<\/strong><\/li>\n\n\n\n<li><strong>Dzisiaj po mszach \u015bw. zbi\u00f3rka do puszek na Pomoc Ko\u015bcio\u0142owi w potrzebie. W tym roku pod has\u0142em: <\/strong><em><strong>Dzie\u0144 Solidarno\u015bci z Ko\u015bcio\u0142em Prze\u015bladowanym w Nigerii \u2013 krajowi,&nbsp;w&nbsp;kt\u00f3rym wiara kosztuje tak wiele\u2026<\/strong><\/em><\/li>\n\n\n\n<li><strong>We wtorek 11 listopada &#8211; Narodowe \u015awi\u0119to Niepodleg\u0142o\u015bci 107 rocznica odzyskania niepodleg\u0142o\u015bci. Uroczysta Msza \u015bw. obchod\u00f3w Miejskich w ko\u015bciele \u015bw. J\u00f3zefa o godz. 10<\/strong><sup><strong>30 <\/strong><\/sup><strong>dalsza cz\u0119\u015b\u0107 uroczysto\u015bci pod pomnikiem o godz. 12<\/strong><sup><strong>00<\/strong><\/sup><strong>. Msze \u015bw. w naszej parafii o godz.: 7<\/strong><sup><strong>00<\/strong><\/sup><strong>; 10<\/strong><sup><strong>30<\/strong><\/sup><strong>; 18<\/strong><sup><strong>00<\/strong><\/sup><\/li>\n\n\n\n<li><strong>Przypominam i bardzo prosz\u0119 o udekorowanie naszych dom\u00f3w, mieszka\u0144 flagami jako wdzi\u0119czna pami\u0119\u0107 o obro\u0144cach naszej Ojczyzny.<\/strong><\/li>\n\n\n\n<li><strong>W \u015brod\u0119 o godz. 18<\/strong><sup><strong>00<\/strong><\/sup><strong> Nowenna do Matki Bo\u017cej Nieustaj\u0105cej Pomocy i \u015bw. J\u00f3zefa.<\/strong><\/li>\n\n\n\n<li><strong>Parafialna Orkiestra Fermata Band serdecznie zaprasza na jesienny koncert, kt\u00f3ry odb\u0119dzie si\u0119 w niedziel\u0119 16 listopada o godz. 16<\/strong><sup><strong>00<\/strong><\/sup><strong> w naszym ko\u015bciele.&nbsp;<\/strong><\/li>\n\n\n\n<li><strong>Wypominki za zmar\u0142ych w dni powszednie o godz. 17<\/strong><sup><strong>30<\/strong><\/sup><sup> <\/sup><strong>w niedziel\u0119 o godz. 18<\/strong><sup><strong>00<\/strong><\/sup>. W czwartki do prowadzenia wypominek zapraszamy dzieci.<\/li>\n\n\n\n<li><strong>Wypominki ca\u0142oroczne sk\u0142adamy wy\u0142\u0105cznie w zakrystii.<\/strong><\/li>\n\n\n\n<li><strong>W tym tygodnie odb\u0119d\u0105 si\u0119 spotkania m\u0142odzie\u017cy w ramach przygotowania do sakr. Bierzmowania: kl. VII \u2013 w czwartek, kl. VIII \u2013 w pi\u0105tek, spotkania rozpoczynaj\u0105 si\u0119 Msz\u0105 \u015bw. o godz. 18.<\/strong><sup><strong>00<\/strong><\/sup><strong>.<\/strong><\/li>\n\n\n\n<li><strong>Dzieci klas III po Mszy \u015bw. prosimy o pozostanie w ko\u015bciele po wpisy do dzienniczk\u00f3w; dzieci klas II i m\u0142odsze zapraszamy do kaplicy po naklejki z dzisiejszej ewangelii.<\/strong><\/li>\n\n\n\n<li><strong>Kurs przedma\u0142\u017ce\u0144ski odb\u0119dzie si\u0119 w naszym dekanacie w dniach 15; 16; 22; 23 listopada. Rozpocznie si\u0119 w par. \u015bw. Micha\u0142a 15 IX o godz. 19<\/strong><sup><strong>20<\/strong><\/sup><\/li>\n\n\n\n<li><strong>Przygotowanie doros\u0142ych (po 21 roku \u017cycia) do sakramentu bierzmowania rozpocznie si\u0119 30 XI. W dniach 30 XI,7,14 XII; 4,11,18,25 I; 1,8.15 II<\/strong><\/li>\n\n\n\n<li><strong><em>Dzi\u0119kujemy za ofiary na tac\u0119 i za przelewy na konto parafii. B\u00f3g Zap\u0142a\u0107. Numer konta bankowego parafii: 58 9673 0007 0000 0300 4864 0001<\/em><\/strong><\/li>\n\n\n\n<li><em><strong>Za tydzie\u0144 3 niedziela miesi\u0105ca taca przeznaczona jest na potrzeby parafii &#8211; na uregulowanie nale\u017cno\u015bci za wykonane prace konserwacji wie\u017c i dachu naszego ko\u015bcio\u0142a.<\/strong><\/em><\/li>\n\n\n\n<li><strong>Dzi\u0119kujemy 8 wiernym mieszkaj\u0105cym na o\u015b. Konst. 3 Maja blok 9 klatka A i blok 8 i 1 dziecku i 2 osobom ch\u0119tnym za sprz\u0105tanie ko\u015bcio\u0142a i ofiary na kwiaty &#8211; Msza \u015bw. za te rodziny odb\u0119dzie si\u0119 26.11.2025 godz. 18<\/strong><sup><strong>00<\/strong><\/sup><strong>. Z o\u015b. Konst. 3 Maja z  bloku  9 opr\u00f3cz klatki  A nikt nie przyszed\u0142 sprz\u0105ta\u0107 ko\u015bcio\u0142a<\/strong><\/li>\n\n\n\n<li><strong>W sobot\u0119 o godz. 9<\/strong><sup><strong>00<\/strong><\/sup><strong>&nbsp;do sprz\u0105tania ko\u015bcio\u0142a zapraszam wiernych z o\u015b. Konst. 3 Maja blok 10 i blok 11<\/strong><\/li>\n\n\n\n<li><strong>Zach\u0119camy do zakupu i lektury prasy katolickiej: NIEDZIELA, GO\u015a\u0106 NIEDZIELNY, G\u0142os \u015aw. J\u00f3zefa<\/strong><\/li>\n\n\n\n<li><strong>W minionym tygodniu nikt z naszej parafii zmarli:<\/strong>+Krystyna <strong>Niemycka <\/strong>z ul. Kossaka;<strong> +<\/strong>Roman <strong>Adamkiewicz <\/strong>z os. Konstytucji 3 Maja; +Krystyna <strong>Kobierska<\/strong> z ul. Rydla<\/li>\n\n\n\n<li><strong>Pozdrawiamy wszystkich chorych, pami\u0119tamy o Was w modlitwie, \u017cycz\u0105c szybkiego powrotu do zdrowia.<\/strong><\/li>\n<\/ol>\n\n\n\n<p><strong>Wszystkim parafianom&nbsp;i go\u015bciom \u017cyczymy dobrej niedzieli i Bo\u017cego b\u0142ogos\u0142awie\u0144stwa.<\/strong><\/p>\n\n\n\n<p class=\"has-text-align-right\">Ks. Krzysztof Kocz<br>Proboszcz<\/p>\n\n\n\n<div style=\"height:40px\" aria-hidden=\"true\" class=\"wp-block-spacer\"><\/div>\n","protected":false},"excerpt":{"rendered":"","protected":false},"author":3,"featured_media":3316,"comment_status":"closed","ping_status":"closed","sticky":false,"template":"","format":"standard","meta":{"_lmt_disableupdate":"","_lmt_disable":"","footnotes":""},"categories":[19],"tags":[],"class_list":["post-8953","post","type-post","status-publish","format-standard","has-post-thumbnail","hentry","category-ogloszenia"],"_links":{"self":[{"href":"https:\/\/swiety-jozef.pl\/index.php\/wp-json\/wp\/v2\/posts\/8953","targetHints":{"allow":["GET"]}}],"collection":[{"href":"https:\/\/swiety-jozef.pl\/index.php\/wp-json\/wp\/v2\/posts"}],"about":[{"href":"https:\/\/swiety-jozef.pl\/index.php\/wp-json\/wp\/v2\/types\/post"}],"author":[{"embeddable":true,"href":"https:\/\/swiety-jozef.pl\/index.php\/wp-json\/wp\/v2\/users\/3"}],"replies":[{"embeddable":true,"href":"https:\/\/swiety-jozef.pl\/index.php\/wp-json\/wp\/v2\/comments?post=8953"}],"version-history":[{"count":3,"href":"https:\/\/swiety-jozef.pl\/index.php\/wp-json\/wp\/v2\/posts\/8953\/revisions"}],"predecessor-version":[{"id":8959,"href":"https:\/\/swiety-jozef.pl\/index.php\/wp-json\/wp\/v2\/posts\/8953\/revisions\/8959"}],"wp:featuredmedia":[{"embeddable":true,"href":"https:\/\/swiety-jozef.pl\/index.php\/wp-json\/wp\/v2\/media\/3316"}],"wp:attachment":[{"href":"https:\/\/swiety-jozef.pl\/index.php\/wp-json\/wp\/v2\/media?parent=8953"}],"wp:term":[{"taxonomy":"category","embeddable":true,"href":"https:\/\/swiety-jozef.pl\/index.php\/wp-json\/wp\/v2\/categories?post=8953"},{"taxonomy":"post_tag","embeddable":true,"href":"https:\/\/swiety-jozef.pl\/index.php\/wp-json\/wp\/v2\/tags?post=8953"}],"curies":[{"name":"wp","href":"https:\/\/api.w.org\/{rel}","templated":true}]}}