{"id":8930,"date":"2025-10-11T20:21:44","date_gmt":"2025-10-11T18:21:44","guid":{"rendered":"https:\/\/swiety-jozef.pl\/?p=8930"},"modified":"2025-10-11T20:21:48","modified_gmt":"2025-10-11T18:21:48","slug":"kurs-przedmalzenski-w-dekanacie-nowosolskim-15-23-11-2025","status":"publish","type":"post","link":"https:\/\/swiety-jozef.pl\/index.php\/2025\/10\/11\/kurs-przedmalzenski-w-dekanacie-nowosolskim-15-23-11-2025\/","title":{"rendered":"Kurs przedma\u0142\u017ce\u0144ski w dekanacie nowosolskim 15-23.11.2025"},"content":{"rendered":"\n<!--more-->\n\n\n\n<div style=\"height:25px\" aria-hidden=\"true\" class=\"wp-block-spacer\"><\/div>\n\n\n\n<p><strong>Kurs przedma\u0142\u017ce\u0144ski w dekanacie nowosolskim<\/strong><\/p>\n\n\n\n<p>termin: 15-23.11.2025<\/p>\n\n\n\n<p>cz\u0119stotliwo\u015b\u0107 spotka\u0144: sobota, niedziela, sobota, niedziela<\/p>\n\n\n\n<p>miejsce: cztery ko\u015bcio\u0142y Nowej Soli<\/p>\n\n\n\n<p>godzina: po wieczornej Mszy \u015bw.<\/p>\n\n\n\n<p>kalendarium:<\/p>\n\n\n\n<p><strong>\u015aw. Micha\u0142<\/strong> 15. sobota \u2013 zapisy (18.45);<\/p>\n\n\n\n<p><strong>\u015aw. J\u00f3zef<\/strong> 16. niedziela (19.15);<\/p>\n\n\n\n<p><strong>Plesz\u00f3wek<\/strong> 22. sobota (18.45).<\/p>\n\n\n\n<p><strong>\u015aw. Antoni<\/strong> 23. niedziela (19.15) rozdanie za\u015bwiadcze\u0144;<\/p>\n\n\n\n<p><strong>Rozpocz\u0119cie, zapisy i informacje: 15 listopada (sobota) godz. 18.45, ko\u015bci\u00f3\u0142 \u015aw. Micha\u0142a<\/strong><\/p>\n\n\n\n<div style=\"height:40px\" aria-hidden=\"true\" class=\"wp-block-spacer\"><\/div>\n","protected":false},"excerpt":{"rendered":"","protected":false},"author":3,"featured_media":8707,"comment_status":"closed","ping_status":"closed","sticky":false,"template":"","format":"standard","meta":{"_lmt_disableupdate":"","_lmt_disable":"","footnotes":""},"categories":[1],"tags":[],"class_list":["post-8930","post","type-post","status-publish","format-standard","has-post-thumbnail","hentry","category-bez-kategorii"],"_links":{"self":[{"href":"https:\/\/swiety-jozef.pl\/index.php\/wp-json\/wp\/v2\/posts\/8930","targetHints":{"allow":["GET"]}}],"collection":[{"href":"https:\/\/swiety-jozef.pl\/index.php\/wp-json\/wp\/v2\/posts"}],"about":[{"href":"https:\/\/swiety-jozef.pl\/index.php\/wp-json\/wp\/v2\/types\/post"}],"author":[{"embeddable":true,"href":"https:\/\/swiety-jozef.pl\/index.php\/wp-json\/wp\/v2\/users\/3"}],"replies":[{"embeddable":true,"href":"https:\/\/swiety-jozef.pl\/index.php\/wp-json\/wp\/v2\/comments?post=8930"}],"version-history":[{"count":2,"href":"https:\/\/swiety-jozef.pl\/index.php\/wp-json\/wp\/v2\/posts\/8930\/revisions"}],"predecessor-version":[{"id":8932,"href":"https:\/\/swiety-jozef.pl\/index.php\/wp-json\/wp\/v2\/posts\/8930\/revisions\/8932"}],"wp:featuredmedia":[{"embeddable":true,"href":"https:\/\/swiety-jozef.pl\/index.php\/wp-json\/wp\/v2\/media\/8707"}],"wp:attachment":[{"href":"https:\/\/swiety-jozef.pl\/index.php\/wp-json\/wp\/v2\/media?parent=8930"}],"wp:term":[{"taxonomy":"category","embeddable":true,"href":"https:\/\/swiety-jozef.pl\/index.php\/wp-json\/wp\/v2\/categories?post=8930"},{"taxonomy":"post_tag","embeddable":true,"href":"https:\/\/swiety-jozef.pl\/index.php\/wp-json\/wp\/v2\/tags?post=8930"}],"curies":[{"name":"wp","href":"https:\/\/api.w.org\/{rel}","templated":true}]}}