{"id":8928,"date":"2025-10-11T20:10:37","date_gmt":"2025-10-11T18:10:37","guid":{"rendered":"https:\/\/swiety-jozef.pl\/?p=8928"},"modified":"2025-10-11T20:10:40","modified_gmt":"2025-10-11T18:10:40","slug":"intencje-mszalne-12-10-19-10-2025-r","status":"publish","type":"post","link":"https:\/\/swiety-jozef.pl\/index.php\/2025\/10\/11\/intencje-mszalne-12-10-19-10-2025-r\/","title":{"rendered":"Intencje mszalne 12.10. \u2013 19.10.2025 r."},"content":{"rendered":"\n<!--more-->\n\n\n\n<div style=\"height:25px\" aria-hidden=\"true\" class=\"wp-block-spacer\"><\/div>\n\n\n\n<p class=\"has-vivid-red-color has-text-color has-link-color wp-elements-49cfbf658941571ed5c8dbc84dc77dd1\"><strong>Niedziela 12.10.2025r.<\/strong><\/p>\n\n\n\n<p><strong>7<\/strong><sup><strong>30<\/strong><\/sup> <strong>1. <\/strong>+W\u0142adys\u0142awa Telec 46 r. \u015bm., +Jan i Franciszek<\/p>\n\n\n\n<p><strong>9<\/strong><sup><strong>30<\/strong><\/sup><sup> <\/sup><strong>1.<\/strong> Dz. B\u0142: Irena Go\u0142emberska i Urszula Kochajewska \u2013 b\u0142. Bo\u017ce i potrzebne \u0142aski<\/p>\n\n\n\n<p><strong>11<\/strong><sup><strong>00<\/strong><\/sup> <strong>1. <\/strong>+Zofia Reizner 9 r. \u015bm. i jej Rodzic\u00f3w<\/p>\n\n\n\n<p><strong>2.<\/strong> +Danuta i Zdzis\u0142aw Zwierucha i zm. z rodz. Zawierucha<\/p>\n\n\n\n<p><strong>12<\/strong><sup><strong>30<\/strong><\/sup><sup> <\/sup><strong>1. <\/strong>Za Parafian<\/p>\n\n\n\n<p><strong>2.<\/strong> +Leokadia Kot 19 r. \u015bm.<\/p>\n\n\n\n<p><strong>14<\/strong><sup><strong>00<\/strong><\/sup> <strong>1. <\/strong>+Danuta Graczyk 8 r. \u015bm. i Kazimierz i Maria Graczyk<\/p>\n\n\n\n<p><strong>2.<\/strong> +El\u017cbieta Jarmicka w 7 m-c po \u015bm. i zm. z rodziny<\/p>\n\n\n\n<p><strong>18<\/strong><sup><strong>30<\/strong><\/sup> <strong>1. <\/strong>+Wies\u0142aw Pieluszczak 10 r. \u015bm. i zm z rodziny<\/p>\n\n\n\n<div style=\"height:25px\" aria-hidden=\"true\" class=\"wp-block-spacer\"><\/div>\n\n\n\n<p><strong>Poniedzia\u0142ek 13.10.2025r.<\/strong><\/p>\n\n\n\n<p><strong>7<\/strong><sup><strong>00<\/strong><\/sup><sup> <\/sup><strong>1.<\/strong> +Franciszka JANUSZ (ona) 53 r. \u015bm. i ++ z rodziny<\/p>\n\n\n\n<p><strong>18<\/strong><sup><strong>00<\/strong><\/sup><sup> <\/sup><strong>1<\/strong>. +Bronis\u0142awa (ona) Wieczorek i zm z rodziny<\/p>\n\n\n\n<p><strong>2. <\/strong>Dz. B\u0142: w intencji Si\u00f3str S\u0142ug Jezusa<\/p>\n\n\n\n<div style=\"height:25px\" aria-hidden=\"true\" class=\"wp-block-spacer\"><\/div>\n\n\n\n<p><strong>Wtorek 14.10.2025r.<\/strong><\/p>\n\n\n\n<p><strong>7<\/strong><sup><strong>00<\/strong><\/sup> <strong>1. <\/strong>Dz. B\u0142: z ok. Imienin dla Jadwigi Lewickiej<\/p>\n\n\n\n<p><strong>18<\/strong><sup><strong>00<\/strong><\/sup> <strong>1. <\/strong>+Jadwiga Siluk z racji im. + Stefan Siluk<\/p>\n\n\n\n<p><strong>2. <\/strong>Dz. B\u0142: Teresa Batkowska, Renata Buda z ok. im. \u2013 int. z R\u00f3\u017cy MB Rokitnia\u0144skiej.<\/p>\n\n\n\n<div style=\"height:25px\" aria-hidden=\"true\" class=\"wp-block-spacer\"><\/div>\n\n\n\n<p><strong>\u015aroda 15.10.2025r.<\/strong><\/p>\n\n\n\n<p><strong>7<\/strong><sup><strong>00<\/strong><\/sup><sup> <\/sup><strong>1. <\/strong>Dz. B\u0142: Jadwiga Lewicka, Renata Sikora i Zdzis\u0142awa Przyby\u0142 z ok. imienin int. z R\u00f3\u017cy \u015aw. Anny<\/p>\n\n\n\n<p><strong>2<\/strong>. +Janusz \u0141ab\u0119ski m-c po \u015bm.<\/p>\n\n\n\n<p><strong>10<\/strong><sup><strong>30 <\/strong><\/sup><strong>1. <\/strong>+ Bogdan Babe\u0144czuk <em>pogrzeb godz. 12<\/em><sup><em>00<\/em><\/sup><em> Wandy<\/em><\/p>\n\n\n\n<p><strong>18<\/strong><sup><strong>00<\/strong><\/sup><sup> <\/sup><strong>1.<\/strong> Dz. B\u0142: Teresa Szymlet, Jadwiga G\u00f3rewicz, Teresa Buszta, Irena Angielska, Urszula Zagrodna \u2013 int. z R\u00f3\u017cy MB Nieustaj\u0105cej Pomocy<\/p>\n\n\n\n<p><strong>2.<\/strong> Dz. B\u0142: Jadwiga Defitowska i Irena \u015aliwa z ok. im.\u2013 int. od R\u00f3\u017cy MB Kr\u00f3lowej Polski<\/p>\n\n\n\n<div style=\"height:25px\" aria-hidden=\"true\" class=\"wp-block-spacer\"><\/div>\n\n\n\n<p><strong>Czwartek 16.10.2025r.<\/strong><\/p>\n\n\n\n<p><strong>7<\/strong><sup><strong>00<\/strong><\/sup><sup> <\/sup><strong>1. <\/strong>+Zofia Drobnik 34 r. \u015bm., +Tadeusz Bia\u0142as 37 r .\u015bm. i i zm z rodz. Drobik i Bia\u0142as<\/p>\n\n\n\n<p><strong>18<\/strong><sup><strong>00<\/strong><\/sup> <strong>1.<\/strong> +Krystyna Bugajewska 12 r. \u015bm. i zm. z rodziny Bugajewskich<\/p>\n\n\n\n<p><strong>2. <\/strong>Dz. B\u0142:w int. Teresa Berembor, Teresa P\u0119talska, Urszula Zarzeczna \u2013 ok. imienin.<\/p>\n\n\n\n<div style=\"height:25px\" aria-hidden=\"true\" class=\"wp-block-spacer\"><\/div>\n\n\n\n<p><strong>Pi\u0105tek 17.10.2025r<\/strong><\/p>\n\n\n\n<p><strong>7<\/strong><sup><strong>00<\/strong><\/sup><sup> <\/sup><strong>1.<\/strong> +J\u00f3zefa (ona) 20 r.\u015bm., +Antoni, zm. z rodz.Opaluch<\/p>\n\n\n\n<p><strong>18<\/strong><sup><strong>00<\/strong><\/sup><sup> <\/sup><strong>1.<\/strong> +Ewa Mosbauer i zm z rodziny<\/p>\n\n\n\n<p><strong>2.<\/strong> Dz. B\u0142: z ok. 10 rocz. ma\u0142\u017ce\u0144stwa: Joanny i Rados\u0142awa Jankowskich<\/p>\n\n\n\n<div style=\"height:25px\" aria-hidden=\"true\" class=\"wp-block-spacer\"><\/div>\n\n\n\n<p><strong>Sobota 18.10.2025r.<\/strong><\/p>\n\n\n\n<p><strong>7<\/strong><sup><strong>00<\/strong><\/sup><sup> <\/sup><strong>1.<\/strong> +Jadwiga \u015awiegocka 16 r. \u015bm., Adam Czeski 10 r. \u015bm.<\/p>\n\n\n\n<p><sup><\/sup><strong>1.<\/strong> Dz. B\u0142: z ok. ur. Marleny Matyja<\/p>\n\n\n\n<p><strong>2.<\/strong> Dz. B\u0142: w int. Joanny i Rados\u0142awa w 10 rocz. \u015blubu \u2013 o zdrowie i b\u0142ogos\u0142awie\u0144stwo Bo\u017ce.<\/p>\n\n\n\n<div style=\"height:25px\" aria-hidden=\"true\" class=\"wp-block-spacer\"><\/div>\n\n\n\n<p class=\"has-vivid-red-color has-text-color has-link-color wp-elements-12a044bd5c91d40c847b831f6d7b7851\"><strong>Niedziela 19.10.2025r.<\/strong><\/p>\n\n\n\n<p><strong>7<\/strong><sup><strong>30<\/strong><\/sup> <strong>1. <\/strong>+Ks. Kanonik Tadeusz Moskal \u2013 int. od przyjaci\u00f3\u0142<\/p>\n\n\n\n<p><strong>9<\/strong><sup><strong>30<\/strong><\/sup><sup> <\/sup><strong>1.<\/strong> +Antoni 38 r. \u015bm. i +Jan Towpik 15 r. \u015bm. i zm z rodziny<\/p>\n\n\n\n<p><strong>11<\/strong><sup><strong>00<\/strong><\/sup> <strong>1. <\/strong>+Adam Bruder 1 r.\u015bm. zm. rodzic\u00f3w i te\u015bci\u00f3w<\/p>\n\n\n\n<p><strong>2.<\/strong> Dz. B\u0142: Jadwiga Krasowska \u2013 int. z ok. im. \u2013 o b\u0142ogos\u0142. Bo\u017ce i opiek\u0119 Matki Naj\u015bw. dla niej i jej rodziny \u2013 int. od R\u00f3\u017cy MB Klenickiej<\/p>\n\n\n\n<p><strong>12<\/strong><sup><strong>30<\/strong><\/sup><sup> <\/sup><strong>1. <\/strong>Za Parafian<\/p>\n\n\n\n<p><strong>14<\/strong><sup><strong>00<\/strong><\/sup> <strong>1. <\/strong>+Paulina i Micha\u0142 Janisio<\/p>\n\n\n\n<p><strong>2.<\/strong> Dz. B\u0142: Edmund Waszak 90 rocz. ur. \u2013 o b\u0142og. Bo\u017ce na dalsze lata \u017cycia<\/p>\n\n\n\n<p><strong>18<\/strong><sup><strong>30<\/strong><\/sup> <strong>1. <\/strong>+Marianna Kope\u0107 25 r. \u015bm. i ++ z Rodz. Kope\u0107<\/p>\n\n\n\n<div style=\"height:40px\" aria-hidden=\"true\" class=\"wp-block-spacer\"><\/div>\n","protected":false},"excerpt":{"rendered":"","protected":false},"author":3,"featured_media":4429,"comment_status":"closed","ping_status":"closed","sticky":false,"template":"","format":"standard","meta":{"_lmt_disableupdate":"","_lmt_disable":"","footnotes":""},"categories":[20],"tags":[],"class_list":["post-8928","post","type-post","status-publish","format-standard","has-post-thumbnail","hentry","category-intencje"],"_links":{"self":[{"href":"https:\/\/swiety-jozef.pl\/index.php\/wp-json\/wp\/v2\/posts\/8928","targetHints":{"allow":["GET"]}}],"collection":[{"href":"https:\/\/swiety-jozef.pl\/index.php\/wp-json\/wp\/v2\/posts"}],"about":[{"href":"https:\/\/swiety-jozef.pl\/index.php\/wp-json\/wp\/v2\/types\/post"}],"author":[{"embeddable":true,"href":"https:\/\/swiety-jozef.pl\/index.php\/wp-json\/wp\/v2\/users\/3"}],"replies":[{"embeddable":true,"href":"https:\/\/swiety-jozef.pl\/index.php\/wp-json\/wp\/v2\/comments?post=8928"}],"version-history":[{"count":1,"href":"https:\/\/swiety-jozef.pl\/index.php\/wp-json\/wp\/v2\/posts\/8928\/revisions"}],"predecessor-version":[{"id":8929,"href":"https:\/\/swiety-jozef.pl\/index.php\/wp-json\/wp\/v2\/posts\/8928\/revisions\/8929"}],"wp:featuredmedia":[{"embeddable":true,"href":"https:\/\/swiety-jozef.pl\/index.php\/wp-json\/wp\/v2\/media\/4429"}],"wp:attachment":[{"href":"https:\/\/swiety-jozef.pl\/index.php\/wp-json\/wp\/v2\/media?parent=8928"}],"wp:term":[{"taxonomy":"category","embeddable":true,"href":"https:\/\/swiety-jozef.pl\/index.php\/wp-json\/wp\/v2\/categories?post=8928"},{"taxonomy":"post_tag","embeddable":true,"href":"https:\/\/swiety-jozef.pl\/index.php\/wp-json\/wp\/v2\/tags?post=8928"}],"curies":[{"name":"wp","href":"https:\/\/api.w.org\/{rel}","templated":true}]}}