{"id":8902,"date":"2025-09-13T20:51:28","date_gmt":"2025-09-13T18:51:28","guid":{"rendered":"https:\/\/swiety-jozef.pl\/?p=8902"},"modified":"2025-09-13T20:51:31","modified_gmt":"2025-09-13T18:51:31","slug":"ogloszenia-duszpasterskie-14-09-2025-r","status":"publish","type":"post","link":"https:\/\/swiety-jozef.pl\/index.php\/2025\/09\/13\/ogloszenia-duszpasterskie-14-09-2025-r\/","title":{"rendered":"Og\u0142oszenia duszpasterskie 14.09.2025 r."},"content":{"rendered":"\n<!--more-->\n\n\n\n<p class=\"has-text-align-right\">Nowa S\u00f3l 14.09.2025<\/p>\n\n\n\n<h4 class=\"wp-block-heading has-text-align-center\">Og\u0142oszenia duszpasterskie<br>XXIV Niedziela okresu zwyk\u0142ego rok C<\/h4>\n\n\n\n<div style=\"height:25px\" aria-hidden=\"true\" class=\"wp-block-spacer\"><\/div>\n\n\n\n<ol class=\"wp-block-list\">\n<li><strong>Dzisiaj 24 niedziela okresu zwyk\u0142ego<\/strong><\/li>\n\n\n\n<li><strong>W \u015brod\u0119 17 wrze\u015bnia 86 rocznica agresji sowieckiej na Polsk\u0119 \u2013 Dzie\u0144 Sybiraka. W \u015brod\u0119 17 IX o godz. 10<\/strong><sup><strong>30<\/strong><\/sup><strong> w ko\u015bciele \u015bw. Barbary Msza \u015bw. w intencji Sybirak\u00f3w.<\/strong><\/li>\n\n\n\n<li><strong>W \u015brod\u0119 o godz. 18<\/strong><sup><strong>00 <\/strong><\/sup><strong>Nowenna do Matki Bo\u017cej Nieustaj\u0105cej Pomocy i \u015bw. J\u00f3zefa.<\/strong><\/li>\n\n\n\n<li><strong>W czwartek \u015bw. Stanis\u0142awa Kostki \u2013 patrona m\u0142odzie\u017cy.<\/strong><\/li>\n\n\n\n<li><strong>W niedziele 28 IX rocznica po\u015bwi\u0119cenia naszego ko\u015bcio\u0142a. Zapraszam na Msz\u0119 \u015bw. o godz. 12<\/strong><sup><strong>30<\/strong><\/sup><strong> w intencji tych kt\u00f3rzy budowali i dzisiaj troszcz\u0105 si\u0119 o nasz ko\u015bci\u00f3\u0142, prosz\u0105c o mi\u0142osierdzie dla zmar\u0142ych i Bo\u017ce b\u0142ogos\u0142awie\u0144stwo dla \u017cyj\u0105cych.<\/strong><\/li>\n<\/ol>\n\n\n\n<ul class=\"wp-block-list\">\n<li><strong>Po mszy \u015bw. zapraszamy na festyn parafialny na placu przed ko\u015bcio\u0142em. B\u0119d\u0105 zabawy i konkursy dla dzieci, gor\u0105cy posi\u0142ek, kie\u0142baski z grilla, popcorn, wata cukrowa.<\/strong><\/li>\n\n\n\n<li><strong>Osoby chc\u0105ce pom\u00f3c w organizacji festynu zapraszam do zakrystii. Potrzebujemy: ciasta do festynowej kawiarenki i m\u0119\u017cczyzn do przewiezienia sto\u0142\u00f3w.<\/strong><\/li>\n\n\n\n<li><strong>Na festynie parafialnym chcemy zorganizowa\u0107 loterie. Je\u017celi kto\u015b z Pa\u0144stwa mo\u017ce ofiarowa\u0107 rzeczy, kt\u00f3re chcia\u0142by przekaza\u0107 na loterie, to mo\u017cna je przynie\u015b\u0107 lub zg\u0142osi\u0107 si\u0119 do zakrystii. Dobrowolne ofiary z festynu b\u0119d\u0105 przeznaczone na pokrycie koszt\u00f3w remontu wie\u017cy naszego ko\u015bcio\u0142a.<\/strong><\/li>\n<\/ul>\n\n\n\n<ol start=\"6\" class=\"wp-block-list\">\n<li><strong>Zapraszamy na dzie\u0144 skupienia wsp\u00f3lnot \u201dDzie\u0142o Intronizacji Naj\u015bwi\u0119tszego Serca Pana Jezusa Kr\u00f3la kr\u00f3l\u00f3w i Pana pan\u00f3w\u201d, kt\u00f3re odb\u0119dzie si\u0119 w naszej parafii w niedziele 28 IX &#8211; plan na plakatach.<\/strong><\/li>\n\n\n\n<li><strong>Dodatkowy termin zapis\u00f3w do bierzmowania m\u0142odzie\u017cy z klas VII (razem z rodzicami) wtorek, kancelaria \u2013 od godz. 16<\/strong><sup><strong>00<\/strong><\/sup><strong> do 17<\/strong><sup><strong>00<\/strong><\/sup><\/li>\n\n\n\n<li><strong>Rodzice dzieci klas III po mszy \u015bw. o godz. 11<\/strong><sup><strong>00<\/strong><\/sup><strong> otrzymaj\u0105 indeks do I Komunii dla swoich dzieci.<\/strong><\/li>\n\n\n\n<li><strong>Rodzice dzieci klas II kt\u00f3rzy zg\u0142osili deklaracj\u0119 przygotowania dziecka do I Komunii \u015bw. po mszy \u015bw. o godz. 11<\/strong><sup><strong>00<\/strong><\/sup><strong> zapraszam do kaplicy.<\/strong><\/li>\n\n\n\n<li><strong>Dzieci od 4 latk\u00f3w do klas I zapraszamy do zakrystii po plansze i naklejki z dzisiejszej ewangelii.<\/strong><\/li>\n\n\n\n<li><strong>Spotkanie Oazy Dzieci Bo\u017cych i m\u0142odzie\u017cy w \u015brod\u0119 o godz. 16<\/strong><sup><strong>00<\/strong><\/sup><\/li>\n\n\n\n<li><strong>Spotkanie scholii &#8211; zapraszamy dzieci i m\u0142odzie\u017c w pi\u0105tek o godz. 16<\/strong><sup><strong>00<\/strong><\/sup><\/li>\n\n\n\n<li><strong>Zbi\u00f3rka ministrant\u00f3w i kandydat\u00f3w na ministrant\u00f3w w sobot\u0119 o godz. 9<\/strong><sup><strong>00<\/strong><\/sup><strong> ; lektor\u00f3w o godz. 10<\/strong><sup><strong>00<\/strong><\/sup><strong>.<\/strong><\/li>\n\n\n\n<li><strong>Ceremonia poch\u00f3wku dzieci nienarodzonych odb\u0119dzie si\u0119 we wtorek 18 IX o<\/strong><strong>godz. 11<\/strong><sup><strong>00<\/strong><\/sup><strong> na cmentarzu w Otyniu. Msza \u015bwi\u0119ta w intencji<\/strong><strong>Rodzic\u00f3w w kaplicy szpitalnej w Nowej Soli o<\/strong><strong>godzinie 10<\/strong><sup><strong>00<\/strong><\/sup><strong>.<\/strong><\/li>\n\n\n\n<li><strong>Organizujemy PIELGRZYMKA \u017bYWEGO R\u00d3\u017bA\u0143CA I APOSTOLSTWA MARGARETKA do Rokitna w sobot\u0119 4 pa\u017adziernika. <\/strong><strong>Zapisy w zakrystii. Koszt ok. 50 z\u0142.<\/strong><\/li>\n\n\n\n<li><em><strong>Dzi\u0119kujemy za ofiary na tac\u0119 i za przelewy na konto parafii. B\u00f3g Zap\u0142a\u0107. Numer konta bankowego parafii: 58 9673 0007 0000 0300 4864 0001<\/strong><\/em><\/li>\n\n\n\n<li><strong>Za tydzie\u0144 III niedziela miesi\u0105ca \u2013 taca przeznaczona jest na remont wie\u017c naszego ko\u015bcio\u0142a.<\/strong><\/li>\n\n\n\n<li><strong>W przysz\u0142\u0105 niedziele zbi\u00f3rka do puszek na KUL<\/strong><\/li>\n<\/ol>\n\n\n\n<ol class=\"wp-block-list\">\n<li><strong>Przy wyj\u015bciu g\u0142\u00f3wnym mo\u017cna odebra\u0107 &#8211; O\u015bwiadczenie o rezygnacji z udzia\u0142u swojego dziecka w lekcjach \u201eedukacja zdrowotna\u201d, kt\u00f3re nale\u017cy wype\u0142ni\u0107 i przekaza\u0107 dyrekcji szko\u0142y w kt\u00f3rej uczy si\u0119 dziecko.<\/strong><\/li>\n\n\n\n<li><strong>Dzi\u0119kujemy 6 osobom z ul. Makuszy\u0144skiego, Tuwima, Brzechwy, Korczaka, S\u0142owackiego, Saper\u00f3w. Msza \u015bw. za te rodziny odb\u0119dzie si\u0119 29.09.2025 godz. 18<\/strong><sup><strong>00<\/strong><\/sup><strong>.<\/strong><\/li>\n\n\n\n<li><strong>W sobot\u0119 o godz. 9<\/strong><sup><strong>00<\/strong><\/sup><strong>\u00a0do sprz\u0105tania ko\u015bcio\u0142a zapraszam wiernych z ul. Kossaka domki, Rydla, Siemiradzkiego, Grottgera<\/strong><\/li>\n\n\n\n<li><strong>Zach\u0119camy do zakupu i lektury prasy katolickiej: NIEDZIELA, GO\u015a\u0106 NIEDZIELNY, Ma\u0142y Go\u015b\u0107 Niedzielny<\/strong><\/li>\n\n\n\n<li><strong>W minionym tygodniu z naszej parafii zmar\u0142a: El\u017cbieta Bruzda z ul. Kossaka<\/strong><\/li>\n\n\n\n<li><strong>Pozdrawiamy wszystkich chorych, pami\u0119tamy o Was w modlitwie, \u017cycz\u0105c szybkiego powrotu do zdrowia.<\/strong><\/li>\n<\/ol>\n\n\n\n<p><strong>Wszystkim parafianom&nbsp;i go\u015bciom \u017cyczymy dobrej niedzieli i Bo\u017cego b\u0142ogos\u0142awie\u0144stwa.<\/strong><\/p>\n\n\n\n<p class=\"has-text-align-right\">Ks. Krzysztof Kocz<br>Proboszcz<\/p>\n\n\n\n<div style=\"height:40px\" aria-hidden=\"true\" class=\"wp-block-spacer\"><\/div>\n","protected":false},"excerpt":{"rendered":"","protected":false},"author":3,"featured_media":3316,"comment_status":"closed","ping_status":"closed","sticky":false,"template":"","format":"standard","meta":{"_lmt_disableupdate":"","_lmt_disable":"","footnotes":""},"categories":[19],"tags":[],"class_list":["post-8902","post","type-post","status-publish","format-standard","has-post-thumbnail","hentry","category-ogloszenia"],"_links":{"self":[{"href":"https:\/\/swiety-jozef.pl\/index.php\/wp-json\/wp\/v2\/posts\/8902","targetHints":{"allow":["GET"]}}],"collection":[{"href":"https:\/\/swiety-jozef.pl\/index.php\/wp-json\/wp\/v2\/posts"}],"about":[{"href":"https:\/\/swiety-jozef.pl\/index.php\/wp-json\/wp\/v2\/types\/post"}],"author":[{"embeddable":true,"href":"https:\/\/swiety-jozef.pl\/index.php\/wp-json\/wp\/v2\/users\/3"}],"replies":[{"embeddable":true,"href":"https:\/\/swiety-jozef.pl\/index.php\/wp-json\/wp\/v2\/comments?post=8902"}],"version-history":[{"count":1,"href":"https:\/\/swiety-jozef.pl\/index.php\/wp-json\/wp\/v2\/posts\/8902\/revisions"}],"predecessor-version":[{"id":8903,"href":"https:\/\/swiety-jozef.pl\/index.php\/wp-json\/wp\/v2\/posts\/8902\/revisions\/8903"}],"wp:featuredmedia":[{"embeddable":true,"href":"https:\/\/swiety-jozef.pl\/index.php\/wp-json\/wp\/v2\/media\/3316"}],"wp:attachment":[{"href":"https:\/\/swiety-jozef.pl\/index.php\/wp-json\/wp\/v2\/media?parent=8902"}],"wp:term":[{"taxonomy":"category","embeddable":true,"href":"https:\/\/swiety-jozef.pl\/index.php\/wp-json\/wp\/v2\/categories?post=8902"},{"taxonomy":"post_tag","embeddable":true,"href":"https:\/\/swiety-jozef.pl\/index.php\/wp-json\/wp\/v2\/tags?post=8902"}],"curies":[{"name":"wp","href":"https:\/\/api.w.org\/{rel}","templated":true}]}}