{"id":8897,"date":"2025-09-06T20:49:20","date_gmt":"2025-09-06T18:49:20","guid":{"rendered":"https:\/\/swiety-jozef.pl\/?p=8897"},"modified":"2025-09-06T20:49:24","modified_gmt":"2025-09-06T18:49:24","slug":"slowo-przewodniczacego-komisji-wychowania-katolickiego-konferencji-episkopatu-polski-na-nowy-rok-szkolny-2025-2026","status":"publish","type":"post","link":"https:\/\/swiety-jozef.pl\/index.php\/2025\/09\/06\/slowo-przewodniczacego-komisji-wychowania-katolickiego-konferencji-episkopatu-polski-na-nowy-rok-szkolny-2025-2026\/","title":{"rendered":"S\u0142owo Przewodnicz\u0105cego Komisji Wychowania Katolickiego Konferencji Episkopatu Polski na nowy rok szkolny 2025\/2026"},"content":{"rendered":"\n<!--more-->\n\n\n\n<div style=\"height:25px\" aria-hidden=\"true\" class=\"wp-block-spacer\"><\/div>\n\n\n\n<p class=\"has-text-align-right\">Warszawa-\u0141owicz, dnia 28 sierpnia 2025<\/p>\n\n\n\n<p>Drodzy Katecheci!<\/p>\n\n\n\n<p>U progu nowego roku szkolnego wracacie do swoich uczni\u00f3w i szk\u00f3\u0142 z niepokojem i obawami. By\u0107 mo\u017ce w pokoju nauczycielskim nie spotkacie kole\u017canek i koleg\u00f3w, z kt\u00f3rymi do tej pory wsp\u00f3lnie nauczali\u015bcie religii. A mo\u017ce to w\u0142a\u015bnie Was tam zabraknie, bo rezygnuj\u0105c ze swoich godzin, okazali\u015bcie mi\u0142o\u015b\u0107 tym, kt\u00f3rzy bardziej potrzebowali pe\u0142nego etatu i stabilno\u015bci zatrudnienia. \u015awiadomi tego wszystkiego, chcemy wyrazi\u0107 wobec Was ogromn\u0105 wdzi\u0119czno\u015b\u0107 i zapewni\u0107 o gotowo\u015bci pomocy.<\/p>\n\n\n\n<p>Bardzo dzi\u0119kujemy Wam, \u017ce pomimo wszystkich trudno\u015bci zostali\u015bcie i chcecie nadal uczy\u0107 religii. To jest wielkie \u015bwiadectwo wiary. Dzi\u0119kujemy Panu Bogu za ka\u017cd\u0105 i ka\u017cdego z Was. Dzi\u0119kujemy Wam za Wasz\u0105 wytrwa\u0142o\u015b\u0107 i obron\u0119 warto\u015bci, w imi\u0119 kt\u00f3rych podejmujecie pos\u0142ug\u0119 katechetyczn\u0105. Jeste\u015bmy z Wami i otaczamy Was trosk\u0105. \u015awiadomi trudno\u015bci, przed kt\u00f3rymi wszyscy razem stajemy, prosimy Was, aby\u015bcie nie ulegali zw\u0105tpieniu. Kt\u00f3\u017c lepiej ni\u017c Wy potrafi uwierzy\u0107 nadziei wbrew nadziei i bra\u0107 udzia\u0142 w trudach i przeciwno\u015bciach znoszonych dla Ewangelii? (por. 2 Tm 1, 8). Wiemy, \u017ce prawdziwa nadzieja zawie\u015b\u0107 nie mo\u017ce! Niech has\u0142o prze\u017cywanego obecnie Roku Jubileuszowego rozbrzmiewa w Waszych uszach i przypomina nam, \u017ce mamy Nadziej\u0119, Jezusa Chrystusa, kt\u00f3ry jest Drog\u0105, Prawd\u0105 i \u017byciem (por. J 14, 6). Chcemy jednocze\u015bnie powiedzie\u0107, \u017ce wspieraj\u0105c Was nie przestajemy zabiega\u0107 o sprawiedliwo\u015b\u0107, aby nie by\u0142o \u0142amane prawo w organizacji lekcji religii.<\/p>\n\n\n\n<p>Drodzy Nauczyciele i Wychowawcy! O was te\u017c pami\u0119tamy i dzi\u0119kujemy za trud nauczania i wychowania. Niech Was nigdy nie zabraknie! Jeste\u015bcie bardzo wa\u017cni i potrzebni.<\/p>\n\n\n\n<p>Drodzy Rodzice! Prosimy i dzi\u0119kujemy Wam za posy\u0142anie Waszych dzieci na lekcje religii. To jest znak Waszej wiary i troski o ich religijne wychowanie. Dzi\u0119ki nauce religii Wasze dzieci maj\u0105 mo\u017cliwo\u015b\u0107 poznawania Boga i kszta\u0142towania postaw religijno-moralnych. Na lekcji religii stawiane s\u0105 pytania o sens \u017cycia, kszta\u0142tuj\u0105 si\u0119 sumienia i charaktery, jest nauka mi\u0142o\u015bci bli\u017aniego, wra\u017cliwo\u015bci, empatii i wzajemnej pomocy. Lekcja religii to tak\u017ce cenna pomoc dla zrozumienia w\u0142asnej kultury i historii.<\/p>\n\n\n\n<p>Drodzy Uczniowie! Zach\u0119camy Was do udzia\u0142u w zaj\u0119ciach z religii w szkole. Skorzystajcie z tej szansy na g\u0142\u0119bsze poznanie Boga. Dzi\u0119kujemy, \u017ce podejmujecie wysi\u0142ek, aby pokona\u0107 zaistnia\u0142e trudno\u015bci. Wybieraj\u0105c zaj\u0119cia z religii, dajecie pi\u0119kny przyk\u0142ad waszej wi\u0119zi z Bogiem. Bardzo dzi\u0119kujemy szczeg\u00f3lnie Wam, Drodzy Uczniowie, kt\u00f3rzy pomimo rezygnacji niekt\u00f3rych koleg\u00f3w i kole\u017canek, pozostajecie na lekcji religii. Jeste\u015bcie bardzo dzielni i nale\u017c\u0105 si\u0119 Wam szczeg\u00f3lne podzi\u0119kowania.<\/p>\n\n\n\n<p>Prze\u017cyjmy owocnie i tw\u00f3rczo zbli\u017caj\u0105cy si\u0119 XV Tydzie\u0144 Wychowania, kt\u00f3ry rozpocznie si\u0119 w naszej Ojczy\u017anie w niedziel\u0119 14 wrze\u015bnia. Has\u0142em b\u0119d\u0105 s\u0142owa: Wsp\u00f3lnota nadziei. Odkrywajmy w Chrystusie nasz\u0105 Nadziej\u0119 i sens wychowania.<\/p>\n\n\n\n<p>Na nowy rok szkolny \u017cyczymy wszystkim Bo\u017cego b\u0142ogos\u0142awie\u0144stwa.<\/p>\n\n\n\n<p>W imieniu Komisji Wychowania Katolickiego KEP<\/p>\n\n\n\n<p class=\"has-text-align-center\">Bp Wojciech Osial<br>Przewodnicz\u0105cy Komisji Wychowania Katolickiego KEP<\/p>\n\n\n\n<div style=\"height:40px\" aria-hidden=\"true\" class=\"wp-block-spacer\"><\/div>\n","protected":false},"excerpt":{"rendered":"","protected":false},"author":3,"featured_media":8898,"comment_status":"closed","ping_status":"closed","sticky":false,"template":"","format":"standard","meta":{"_lmt_disableupdate":"","_lmt_disable":"","footnotes":""},"categories":[1],"tags":[],"class_list":["post-8897","post","type-post","status-publish","format-standard","has-post-thumbnail","hentry","category-bez-kategorii"],"_links":{"self":[{"href":"https:\/\/swiety-jozef.pl\/index.php\/wp-json\/wp\/v2\/posts\/8897","targetHints":{"allow":["GET"]}}],"collection":[{"href":"https:\/\/swiety-jozef.pl\/index.php\/wp-json\/wp\/v2\/posts"}],"about":[{"href":"https:\/\/swiety-jozef.pl\/index.php\/wp-json\/wp\/v2\/types\/post"}],"author":[{"embeddable":true,"href":"https:\/\/swiety-jozef.pl\/index.php\/wp-json\/wp\/v2\/users\/3"}],"replies":[{"embeddable":true,"href":"https:\/\/swiety-jozef.pl\/index.php\/wp-json\/wp\/v2\/comments?post=8897"}],"version-history":[{"count":2,"href":"https:\/\/swiety-jozef.pl\/index.php\/wp-json\/wp\/v2\/posts\/8897\/revisions"}],"predecessor-version":[{"id":8900,"href":"https:\/\/swiety-jozef.pl\/index.php\/wp-json\/wp\/v2\/posts\/8897\/revisions\/8900"}],"wp:featuredmedia":[{"embeddable":true,"href":"https:\/\/swiety-jozef.pl\/index.php\/wp-json\/wp\/v2\/media\/8898"}],"wp:attachment":[{"href":"https:\/\/swiety-jozef.pl\/index.php\/wp-json\/wp\/v2\/media?parent=8897"}],"wp:term":[{"taxonomy":"category","embeddable":true,"href":"https:\/\/swiety-jozef.pl\/index.php\/wp-json\/wp\/v2\/categories?post=8897"},{"taxonomy":"post_tag","embeddable":true,"href":"https:\/\/swiety-jozef.pl\/index.php\/wp-json\/wp\/v2\/tags?post=8897"}],"curies":[{"name":"wp","href":"https:\/\/api.w.org\/{rel}","templated":true}]}}