{"id":8893,"date":"2025-09-06T20:37:26","date_gmt":"2025-09-06T18:37:26","guid":{"rendered":"https:\/\/swiety-jozef.pl\/?p=8893"},"modified":"2025-09-06T20:37:29","modified_gmt":"2025-09-06T18:37:29","slug":"ogloszenia-duszpasterskie-07-09-2025-r","status":"publish","type":"post","link":"https:\/\/swiety-jozef.pl\/index.php\/2025\/09\/06\/ogloszenia-duszpasterskie-07-09-2025-r\/","title":{"rendered":"Og\u0142oszenia duszpasterskie 07.09.2025 r."},"content":{"rendered":"\n<!--more-->\n\n\n\n<p class=\"has-text-align-right\">Nowa S\u00f3l 07.09.2025<\/p>\n\n\n\n<h4 class=\"wp-block-heading has-text-align-center\">Og\u0142oszenia duszpasterskie<br>XXIII Niedziela okresu zwyk\u0142ego rok C<\/h4>\n\n\n\n<div style=\"height:25px\" aria-hidden=\"true\" class=\"wp-block-spacer\"><\/div>\n\n\n\n<ol class=\"wp-block-list\">\n<li><strong>Dzisiaj z<\/strong><strong>miana tajemnic \u017bywego R\u00f3\u017ca\u0144ca po Mszy \u015bw. o godz. 7<\/strong><sup><strong>30<\/strong><\/sup><strong>.<\/strong><\/li>\n\n\n\n<li><strong>Dzisiaj po Mszy \u015bw. o godz. 18<\/strong><sup><strong>30<\/strong><\/sup><strong> nauka przed sakramentem chrztu<\/strong> <strong>dla rodzic\u00f3w i chrzestnych.<\/strong><\/li>\n\n\n\n<li><strong>Dzisiaj po Mszy \u015bw. o godz. 11<\/strong><sup><strong>00<\/strong><\/sup><strong> spotkanie z rodzicami dzieci klas II i klas III w ramach przygotowania dzieci do I Komunii \u015bw.<\/strong><\/li>\n\n\n\n<li><strong>Dzisiaj na Mszy \u015bw. o godz. 11<\/strong><sup><strong>00<\/strong><\/sup><strong> po\u015bwi\u0119cenie przybor\u00f3w szkolnych dla uczni\u00f3w klas I<\/strong><\/li>\n\n\n\n<li><strong>Dzisiaj 1 niedziela miesi\u0105ca PZ Caritas po mszach \u015bw. zbiera ofiary dla najbardziej potrzebuj\u0105cych z naszej parafii<\/strong><\/li>\n\n\n\n<li><strong>W tym roku dzieci od 4 latk\u00f3w do uczni\u00f3w klas II otrzymuj\u0105 plansze na kt\u00f3rej po ka\u017cdej niedzielnej Mszy \u015bw. b\u0119d\u0105 nakleja\u0142y obrazki ilustruj\u0105ce ewangelie z danej niedzieli.<\/strong><\/li>\n\n\n\n<li><strong>Spotkanie dla m\u0142odzie\u017cy klas VIII w ramach przygotowania do sakr. Bierzmowania w pi\u0105tek. Spotkanie rozpoczyna si\u0119 Msz\u0105 \u015awi\u0119t\u0105 o godz. 18<\/strong><sup><strong>00<\/strong><\/sup><strong> \/koniecznie przynosimy Indeksy Bierzmowania\/\u00a0<\/strong><\/li>\n\n\n\n<li><strong>M\u0142odzie\u017c klas VII wraz z rodzicami zapraszamy na indywidualne spotkanie deklaruj\u0105ce ch\u0119\u0107 rozpocz\u0119cia przygotowania do sakramentu bierzmowania. \u015aroda klasa VII A i VII B, czwartek klasa VII C i VII D, pi\u0105tek klasa VII E , pozosta\u0142e szko\u0142y i osoby kt\u00f3rym nie pasowa\u0142 proponowany termin. Spotkanie odbywa si\u0119 w kancelarii parafialnej od godz. 16<\/strong><sup><strong>00<\/strong><\/sup><strong> do godz. 17<\/strong><sup><strong>00<\/strong><\/sup><\/li>\n\n\n\n<li><strong>Przy wyj\u015bciu g\u0142\u00f3wnym mo\u017cna odebra\u0107 &#8211; O\u015bwiadczenie o rezygnacji z udzia\u0142u swojego dziecka w lekcjach \u201eedukacja zdrowotna\u201d, kt\u00f3re nale\u017cy wype\u0142ni\u0107 i przekaza\u0107 dyrekcji szko\u0142y w kt\u00f3rej uczy si\u0119 dziecko.<\/strong><\/li>\n\n\n\n<li><strong>Organizujemy wyjazd na PIELGRZYMK\u0118 M\u0118\u017bCZYZN do Mi\u0119dzyrzecza w sobot\u0119 13 wrze\u015bnia. Zapraszamy m\u0119\u017cczyzn \u2013 zapisy w zakrystii, koszt 50 z\u0142. wyjazd godz. 8<\/strong><sup><strong>30.<\/strong><\/sup><strong> Wi\u0119cej informacji na folderach rozdawanych przy wyj\u015bciu z ko\u015bcio\u0142a.<\/strong><\/li>\n\n\n\n<li><strong>Spotkanie Oazy Dzieci Bo\u017cych i m\u0142odzie\u017cy w \u015brod\u0119 o godz. 16<\/strong><sup><strong>00<\/strong><\/sup><\/li>\n\n\n\n<li><strong>Spotkanie scholii w pi\u0105tek o godz. 16<\/strong><sup><strong>00<\/strong><\/sup><\/li>\n\n\n\n<li><strong>Zbi\u00f3rka lektor\u00f3w, ministrant\u00f3w i kandydat\u00f3w na ministrant\u00f3w w sobot\u0119 o godz. 9<\/strong><sup><strong>00<\/strong><\/sup><strong> m\u0142odsi, o godz. 10<\/strong><sup><strong>00<\/strong><\/sup><strong> starsi<\/strong><\/li>\n\n\n\n<li><strong><em>Dzi\u0119kujemy za ofiary na tac\u0119 i za przelewy na konto parafii. B\u00f3g Zap\u0142a\u0107. Numer konta bankowego parafii: 58 9673 0007 0000 0300 4864 0001 <\/em><\/strong><\/li>\n\n\n\n<li><strong>Zako\u0144czyli\u015bmy remont wie\u017c naszego ko\u015bcio\u0142a. Dzi\u0119kuj\u0119 wszystkim za wsparcie tej inwestycji.<\/strong><\/li>\n\n\n\n<li><strong>W niedziele 28 IX rocznica po\u015bwi\u0119cenia naszego ko\u015bcio\u0142a. Zapraszam na Msz\u0119 \u015bw. o godz. 12<\/strong><sup><strong>30<\/strong><\/sup><strong> w intencji tych kt\u00f3rzy budowali i dzisiaj troszcz\u0105 si\u0119 o nasz ko\u015bci\u00f3\u0142, prosz\u0105c o mi\u0142osierdzie dla zmar\u0142ych i Bo\u017ce b\u0142ogos\u0142awie\u0144stwo dla \u017cyj\u0105cych.<\/strong><\/li>\n\n\n\n<li><strong>Po mszy \u015bw. zapraszamy na festyn parafialny na placu przed ko\u015bcio\u0142em. B\u0119d\u0105 zabawy i konkursy dla dzieci, gor\u0105cy posi\u0142ek, kie\u0142baski z grilla, popcorn, wata cukrowa.<\/strong><\/li>\n\n\n\n<li><strong>Osoby chc\u0105ce pom\u00f3c w organizacji festynu zapraszam do zakrystii. Potrzebujemy: ciasta do festynowej kawiarenki i m\u0119\u017cczyzn do przewiezienia sto\u0142\u00f3w.<\/strong><\/li>\n\n\n\n<li><strong>Na festynie parafialnym chcemy zorganizowa\u0107 loterie. Je\u017celi kto\u015b z Pa\u0144stwa mo\u017ce ofiarowa\u0107 rzeczy, kt\u00f3re chcia\u0142by przekaza\u0107 na loterie, to mo\u017cna je przynie\u015b\u0107 lub zg\u0142osi\u0107 si\u0119 do zakrystii. Dobrowolne ofiary z festynu b\u0119d\u0105 przeznaczone na pokrycie koszt\u00f3w remontu wie\u017cy naszego ko\u015bcio\u0142a.<\/strong><\/li>\n\n\n\n<li><strong>Dzi\u0119kujemy 1 osobie i 1 dziecku z ul. Kaczkowskiego i 2 osobom ch\u0119tnym za posprz\u0105tanie ko\u015bcio\u0142a i ofiary na kwiaty. Msza \u015bw. za te rodziny odb\u0119dzie si\u0119 17.09.2025 godz. 18<\/strong><sup><strong>00<\/strong><\/sup><strong>. Z ul. Konopnickiej, Kochanowskiego, Szafera nikt nie przyszed\u0142 sprz\u0105ta\u0107 ko\u015bcio\u0142a.<\/strong><\/li>\n\n\n\n<li><strong>W sobot\u0119 o godz. 9<\/strong><sup><strong>00<\/strong><\/sup><strong>\u00a0do sprz\u0105tania ko\u015bcio\u0142a zapraszam wiernych z ul. Makuszy\u0144skiego, Tuwima, Brzechwy, Korczaka, S\u0142owackiego, Saper\u00f3w.<\/strong><\/li>\n\n\n\n<li><strong>Zach\u0119camy do zakupu i lektury prasy katolickiej: NIEDZIELA, GO\u015a\u0106 NIEDZIELNY, Ma\u0142y Go\u015b\u0107 Niedzielny<\/strong><\/li>\n\n\n\n<li><strong>W minionym tygodniu z naszej parafii zmar\u0142: +<\/strong>Czes\u0142aw <strong>K\u0119piak <\/strong>zam. ul. Matejki<\/li>\n\n\n\n<li><strong>Pozdrawiamy wszystkich chorych, pami\u0119tamy o Was w modlitwie, \u017cycz\u0105c szybkiego powrotu do zdrowia.<\/strong><\/li>\n<\/ol>\n\n\n\n<p><strong>Wszystkim parafianom&nbsp;i go\u015bciom \u017cyczymy dobrej niedzieli i Bo\u017cego b\u0142ogos\u0142awie\u0144stwa.<\/strong><\/p>\n\n\n\n<p class=\"has-text-align-right\">Ks. Krzysztof Kocz<br>Proboszcz<\/p>\n\n\n\n<div style=\"height:40px\" aria-hidden=\"true\" class=\"wp-block-spacer\"><\/div>\n","protected":false},"excerpt":{"rendered":"","protected":false},"author":3,"featured_media":3316,"comment_status":"closed","ping_status":"closed","sticky":false,"template":"","format":"standard","meta":{"_lmt_disableupdate":"","_lmt_disable":"","footnotes":""},"categories":[19],"tags":[],"class_list":["post-8893","post","type-post","status-publish","format-standard","has-post-thumbnail","hentry","category-ogloszenia"],"_links":{"self":[{"href":"https:\/\/swiety-jozef.pl\/index.php\/wp-json\/wp\/v2\/posts\/8893","targetHints":{"allow":["GET"]}}],"collection":[{"href":"https:\/\/swiety-jozef.pl\/index.php\/wp-json\/wp\/v2\/posts"}],"about":[{"href":"https:\/\/swiety-jozef.pl\/index.php\/wp-json\/wp\/v2\/types\/post"}],"author":[{"embeddable":true,"href":"https:\/\/swiety-jozef.pl\/index.php\/wp-json\/wp\/v2\/users\/3"}],"replies":[{"embeddable":true,"href":"https:\/\/swiety-jozef.pl\/index.php\/wp-json\/wp\/v2\/comments?post=8893"}],"version-history":[{"count":1,"href":"https:\/\/swiety-jozef.pl\/index.php\/wp-json\/wp\/v2\/posts\/8893\/revisions"}],"predecessor-version":[{"id":8894,"href":"https:\/\/swiety-jozef.pl\/index.php\/wp-json\/wp\/v2\/posts\/8893\/revisions\/8894"}],"wp:featuredmedia":[{"embeddable":true,"href":"https:\/\/swiety-jozef.pl\/index.php\/wp-json\/wp\/v2\/media\/3316"}],"wp:attachment":[{"href":"https:\/\/swiety-jozef.pl\/index.php\/wp-json\/wp\/v2\/media?parent=8893"}],"wp:term":[{"taxonomy":"category","embeddable":true,"href":"https:\/\/swiety-jozef.pl\/index.php\/wp-json\/wp\/v2\/categories?post=8893"},{"taxonomy":"post_tag","embeddable":true,"href":"https:\/\/swiety-jozef.pl\/index.php\/wp-json\/wp\/v2\/tags?post=8893"}],"curies":[{"name":"wp","href":"https:\/\/api.w.org\/{rel}","templated":true}]}}