{"id":8878,"date":"2025-08-30T19:54:51","date_gmt":"2025-08-30T17:54:51","guid":{"rendered":"https:\/\/swiety-jozef.pl\/?p=8878"},"modified":"2025-08-30T20:17:57","modified_gmt":"2025-08-30T18:17:57","slug":"ogloszenia-duszpasterskie-31-08-2025-r","status":"publish","type":"post","link":"https:\/\/swiety-jozef.pl\/index.php\/2025\/08\/30\/ogloszenia-duszpasterskie-31-08-2025-r\/","title":{"rendered":"Og\u0142oszenia duszpasterskie 31.08.2025 r."},"content":{"rendered":"\n<!--more-->\n\n\n\n<p class=\"has-text-align-right\">Nowa S\u00f3l 31.08.2025<\/p>\n\n\n\n<h4 class=\"wp-block-heading has-text-align-center\">Og\u0142oszenia duszpasterskie<br>XXII Niedziela okresu zwyk\u0142ego rok C<\/h4>\n\n\n\n<div style=\"height:25px\" aria-hidden=\"true\" class=\"wp-block-spacer\"><\/div>\n\n\n\n<ol class=\"wp-block-list\">\n<li><strong>Dzisiaj 22 niedziela okresu zwyk\u0142ego.<\/strong><\/li>\n\n\n\n<li><strong>Jutro<\/strong> <strong>1 wrze\u015bnia<\/strong> &#8211; <strong>86 rocznica wybuchu II wojny \u015bwiatowej, pami\u0119tajmy o POLAKACH, kt\u00f3rzy z najwy\u017cszym po\u015bwi\u0119ceniem bronili Ojczyzny.<\/strong><\/li>\n\n\n\n<li><strong>Msza \u015bw. o Bo\u017c\u0119 b\u0142ogos\u0142awie\u0144stwo na nowy roku nauki<\/strong> dla uczni\u00f3w wszystkich szk\u00f3\u0142, odb\u0119dzie si\u0119 <strong>jutro w poniedzia\u0142ek<\/strong><strong> o godz. 8<\/strong><sup><strong>00<\/strong><\/sup><strong> rano.<\/strong><strong> Na t\u0119 Msz\u0119 \u015bw. bardzo serdecznie zapraszamy wszystkich Uczni\u00f3w, Rodzic\u00f3w i Nauczycieli.<\/strong><\/li>\n\n\n\n<li><strong>Prosimy, aby rodzice z trosk\u0105 o \u017cycie religijne dzieci dopilnowali i zach\u0119cili swoje dzieci<\/strong>, <strong>aby nowy rok nauki rozpoczyna\u0142y od pojednania z Bogiem i przyj\u0119cia Komunii \u015bw. Spowied\u017a codziennie p\u00f3\u0142 godz. przed ka\u017cd\u0105 Msz\u0105 \u015bw.<\/strong><\/li>\n\n\n\n<li><strong>Rodzice dzieci przedszkolnych maj\u0105 prawo aby ich dzieci mia\u0142y zaj\u0119cia z religii, od najm\u0142odszej grupy wiekowej. Rodzice powinni zbiorowo domaga\u0107 si\u0119 takich zaj\u0119\u0107.<\/strong><\/li>\n\n\n\n<li><strong>W tym roku dzieci od 4 latk\u00f3w do uczni\u00f3w klas II otrzymuj\u0105 plansze na kt\u00f3rej po ka\u017cdej niedzielnej Mszy \u015bw. b\u0119d\u0105 nakleja\u0142y obrazki ilustruj\u0105ce ewangelie z danej niedzieli.<\/strong><\/li>\n\n\n\n<li><strong>Przy wyj\u015bciu g\u0142\u00f3wnym mo\u017cna odebra\u0107 &#8211; O\u015bwiadczenie o rezygnacji z udzia\u0142u swojego dziecka w lekcjach \u201eedukacja zdrowotna\u201d, kt\u00f3re nale\u017cy wype\u0142ni\u0107 i przekaza\u0107 dyrekcji szko\u0142y w kt\u00f3rej uczy si\u0119 dziecko.<\/strong><\/li>\n\n\n\n<li><strong>W \u015brod\u0119 o godz. 18<\/strong><sup><strong>00 <\/strong><\/sup><strong>Nowenna<\/strong> <strong>do Matki Bo\u017cej Nieustaj\u0105cej Pomocy i \u015bw. J\u00f3zefa<\/strong><\/li>\n\n\n\n<li><strong>W tym tygodniu I czwartek, <\/strong><strong>I pi\u0105tek <\/strong>miesi\u0105ca<strong> i I sobota miesi\u0105ca<\/strong><\/li>\n<\/ol>\n\n\n\n<ul class=\"wp-block-list\">\n<li>\u2013 <strong>w czwartek<\/strong> spotkanie Przyjaci\u00f3\u0142 Parady\u017ca na plebanii o godz. 16<sup>30<\/sup><\/li>\n<\/ul>\n\n\n\n<ul class=\"wp-block-list\">\n<li>&#8211; <strong>w pi\u0105tek o godz. 15<\/strong><sup><strong>00<\/strong><\/sup> \u2013 <strong>Godzina Mi\u0142osierdzia i Adoracja Naj\u015bwi\u0119tszego Sakramentu z<\/strong> <strong>nabo\u017ce\u0144stwem wynagradzaj\u0105cym, Komunia \u015bw. od godz. 16<\/strong><sup><u><strong>00<\/strong><\/u><\/sup><strong> co p\u00f3\u0142 godziny.<\/strong><\/li>\n<\/ul>\n\n\n\n<ul class=\"wp-block-list\">\n<li><strong>&#8211; spowied\u017a \u015bw. pierwszopi\u0105tkowa w pi\u0105tek od godz. od 16<\/strong><sup><strong>00<\/strong><\/sup><strong> do 18<\/strong><sup><strong>00<\/strong><\/sup><\/li>\n<\/ul>\n\n\n\n<ul class=\"wp-block-list\">\n<li>&#8211; <strong>w sobot\u0119<\/strong> zapraszamy na <strong>Nabo\u017ce\u0144stwo Fatimskie<\/strong>. <strong>Rozpoczniemy o godz. 17<\/strong><sup><strong>00<\/strong><\/sup><strong>,<\/strong> odm\u00f3wimy jedn\u0105 cz\u0119\u015bci r\u00f3\u017ca\u0144ca z medytacj\u0105, procesja \u015bwiat\u0142a wok\u00f3\u0142 ko\u015bcio\u0142a. <strong>O godz. 18<\/strong><sup><strong>00 <\/strong><\/sup><strong>Msza \u015bw.<\/strong><\/li>\n<\/ul>\n\n\n\n<ol start=\"10\" class=\"wp-block-list\">\n<li><strong>W sobot\u0119 z pos\u0142ug\u0105 sakramentaln\u0105 odwiedzimy chorych. Nowych chorych mo\u017cna zg\u0142asza\u0107 w zakrystii.<\/strong><\/li>\n\n\n\n<li><strong>W przysz\u0142\u0105 niedziele na Msz\u0119 \u015bw. o godz. 11<\/strong><sup><strong>00<\/strong><\/sup><strong> zapraszam rodzic\u00f3w klas II i klas III w ramach przygotowania dzieci do I Komunii \u015bw.<\/strong><\/li>\n\n\n\n<li><strong>W przysz\u0142\u0105 niedziele na Mszy \u015bw. o godz. 11<\/strong><sup><strong>00<\/strong><\/sup><strong> po\u015bwi\u0119cenie przybor\u00f3w szkolnych dla uczni\u00f3w klas I<\/strong><\/li>\n\n\n\n<li><strong>W przysz\u0142\u0105 niedziele z<\/strong><strong>miana tajemnic \u017bywego R\u00f3\u017ca\u0144ca po Mszy \u015bw. o godz. 7<\/strong><sup><strong>30<\/strong><\/sup><strong>.<\/strong><\/li>\n\n\n\n<li><strong>Za tydzie\u0144 po Mszy \u015bw. o godz. 18<\/strong><sup><strong>30<\/strong><\/sup><strong> nauka przed sakramentem chrztu<\/strong> <strong>dla rodzic\u00f3w i chrzestnych.<\/strong><\/li>\n\n\n\n<li><strong>Organizujemy wyjazd na PIELGRZYMK\u0118 M\u0118\u017bCZYZN do Mi\u0119dzyrzecza w sobot\u0119 13 wrze\u015bnia. Zapraszamy m\u0119\u017cczyzn \u2013 zapisy w zakrystii, koszt 50 z\u0142. wyjazd godz. 8<\/strong><sup><strong>30.<\/strong><\/sup><strong> Wi\u0119cej informacji na folderach rozdawanych przy wyj\u015bciu z ko\u015bcio\u0142a.<\/strong><\/li>\n\n\n\n<li><strong>Spotkanie Oazy Dzieci Bo\u017cych i m\u0142odzie\u017cy w \u015brod\u0119 o godz. 16<\/strong><sup><strong>00<\/strong><\/sup><\/li>\n\n\n\n<li><strong>Spotkanie scholii w pi\u0105tek o godz. 16<\/strong><sup><strong>00<\/strong><\/sup><\/li>\n\n\n\n<li><strong>Zbi\u00f3rka lektor\u00f3w, ministrant\u00f3w i kandydat\u00f3w na ministrant\u00f3w w sobot\u0119 o godz. 9<\/strong><sup><strong>00<\/strong><\/sup><strong> m\u0142odsi, o godz. 10<\/strong><sup><strong>00<\/strong><\/sup><strong> starsi<\/strong><\/li>\n\n\n\n<li><strong>Decyzj\u0105 w\u0142adz zakonnych z dniem 30.08 siostra Magdalena Idzik przejmuje pos\u0142ug\u0119 organistki w naszym ko\u015bciele. Witamy siostr\u0119 w naszej parafii i \u017cyczymy daru Bo\u017cego b\u0142ogos\u0142awie\u0144stwa.<\/strong><\/li>\n\n\n\n<li><strong><em>Dzi\u0119kujemy za ofiary na tac\u0119 i za przelewy na konto parafii. B\u00f3g Zap\u0142a\u0107. Numer konta bankowego parafii: 58 9673 0007 0000 0300 4864 0001 <\/em><\/strong><\/li>\n\n\n\n<li><strong>Zako\u0144czyli\u015bmy remont wie\u017c naszego ko\u015bcio\u0142a. Na stronie internetowej s\u0105 udost\u0119pnione zdj\u0119cia z remontu. Dzi\u0119kuj\u0119 wszystkim za wsparcie tej inwestycji.<\/strong><\/li>\n\n\n\n<li><strong>Dzi\u0119kujemy 7 osobom i 2 dzieci z ul. Wo\u0142odyjowskiego, Stasia i Nel, Zag\u0142oby, Kmicica, Po\u0142anieckich, Jagienki, Juranda i 2 osobom ch\u0119tnym za posprz\u0105tanie ko\u015bcio\u0142a i ofiary na kwiaty. Msza \u015bw. za te rodziny odby\u0142a si\u0119 10.09.2025 godz. 18<\/strong><sup><strong>00<\/strong><\/sup><strong>.<\/strong><\/li>\n\n\n\n<li><strong>W sobot\u0119 o godz. 9<\/strong><sup><strong>00<\/strong><\/sup><strong>&nbsp;do sprz\u0105tania ko\u015bcio\u0142a zapraszam wiernych z ul. Konopnickiej, Kochanowskiego, Kaczkowskiego, Szafera<\/strong><\/li>\n\n\n\n<li><strong>Zach\u0119camy do zakupu i lektury prasy katolickiej: NIEDZIELA, GO\u015a\u0106 NIEDZIELNY, Ma\u0142y Go\u015b\u0107 Niedzielny<\/strong><\/li>\n\n\n\n<li><strong>W minionym tygodniu z naszej parafii zmarli: <\/strong>+Marian <strong>Kurzawa <\/strong>zam. ul. Lelewela; +Hanna <strong>Szymaniak<\/strong> zam. Szarcz; +Maria <strong>\u0141aruszkin<\/strong> za. ul. Sienkiewicza; +Monika <strong>Juchom<\/strong> za. ul. Sienkiewicza<\/li>\n\n\n\n<li><strong>Pozdrawiamy wszystkich chorych, pami\u0119tamy o Was w modlitwie, \u017cycz\u0105c szybkiego powrotu do zdrowia.<\/strong><\/li>\n<\/ol>\n\n\n\n<p><strong>Wszystkim parafianom&nbsp;i go\u015bciom \u017cyczymy dobrej niedzieli i Bo\u017cego b\u0142ogos\u0142awie\u0144stwa.<\/strong><\/p>\n\n\n\n<div style=\"height:25px\" aria-hidden=\"true\" class=\"wp-block-spacer\"><\/div>\n\n\n\n<p class=\"has-vivid-red-color has-text-color has-link-color wp-elements-fd4be990e31d53ac82ac349584ea1984\"><strong>Do pobrania poni\u017cej plik: O\u015bwiadczenie o rezygnacji z udzia\u0142u w zaj\u0119ciach edukacja zdrowotna<\/strong><\/p>\n\n\n\n<div class=\"wp-block-file\"><a id=\"wp-block-file--media-8ebaa966-7210-48f3-9317-5e7f342d1462\" href=\"https:\/\/swiety-jozef.pl\/wp-content\/uploads\/2025\/08\/Oswiadczenie-o-rezygnacji-z-udzialu-w-zajeciach-edukacja-zdrowotna.pdf\" target=\"_blank\" rel=\"noreferrer noopener\"><strong>O\u015bwiadczenie o rezygnacji z udzia\u0142u w zaj\u0119ciach edukacja zdrowotna kliknij tu lub pobierz<\/strong><\/a><a href=\"https:\/\/swiety-jozef.pl\/wp-content\/uploads\/2025\/08\/Oswiadczenie-o-rezygnacji-z-udzialu-w-zajeciach-edukacja-zdrowotna.pdf\" class=\"wp-block-file__button wp-element-button\" download aria-describedby=\"wp-block-file--media-8ebaa966-7210-48f3-9317-5e7f342d1462\">Pobierz<\/a><\/div>\n\n\n\n<div style=\"height:25px\" aria-hidden=\"true\" class=\"wp-block-spacer\"><\/div>\n\n\n\n<p class=\"has-text-align-right\">Ks. Krzysztof Kocz<br>Proboszcz<\/p>\n\n\n\n<div style=\"height:40px\" aria-hidden=\"true\" class=\"wp-block-spacer\"><\/div>\n","protected":false},"excerpt":{"rendered":"","protected":false},"author":3,"featured_media":3316,"comment_status":"closed","ping_status":"closed","sticky":false,"template":"","format":"standard","meta":{"_lmt_disableupdate":"","_lmt_disable":"","footnotes":""},"categories":[19],"tags":[],"class_list":["post-8878","post","type-post","status-publish","format-standard","has-post-thumbnail","hentry","category-ogloszenia"],"_links":{"self":[{"href":"https:\/\/swiety-jozef.pl\/index.php\/wp-json\/wp\/v2\/posts\/8878","targetHints":{"allow":["GET"]}}],"collection":[{"href":"https:\/\/swiety-jozef.pl\/index.php\/wp-json\/wp\/v2\/posts"}],"about":[{"href":"https:\/\/swiety-jozef.pl\/index.php\/wp-json\/wp\/v2\/types\/post"}],"author":[{"embeddable":true,"href":"https:\/\/swiety-jozef.pl\/index.php\/wp-json\/wp\/v2\/users\/3"}],"replies":[{"embeddable":true,"href":"https:\/\/swiety-jozef.pl\/index.php\/wp-json\/wp\/v2\/comments?post=8878"}],"version-history":[{"count":3,"href":"https:\/\/swiety-jozef.pl\/index.php\/wp-json\/wp\/v2\/posts\/8878\/revisions"}],"predecessor-version":[{"id":8886,"href":"https:\/\/swiety-jozef.pl\/index.php\/wp-json\/wp\/v2\/posts\/8878\/revisions\/8886"}],"wp:featuredmedia":[{"embeddable":true,"href":"https:\/\/swiety-jozef.pl\/index.php\/wp-json\/wp\/v2\/media\/3316"}],"wp:attachment":[{"href":"https:\/\/swiety-jozef.pl\/index.php\/wp-json\/wp\/v2\/media?parent=8878"}],"wp:term":[{"taxonomy":"category","embeddable":true,"href":"https:\/\/swiety-jozef.pl\/index.php\/wp-json\/wp\/v2\/categories?post=8878"},{"taxonomy":"post_tag","embeddable":true,"href":"https:\/\/swiety-jozef.pl\/index.php\/wp-json\/wp\/v2\/tags?post=8878"}],"curies":[{"name":"wp","href":"https:\/\/api.w.org\/{rel}","templated":true}]}}