{"id":8847,"date":"2025-08-16T22:09:02","date_gmt":"2025-08-16T20:09:02","guid":{"rendered":"https:\/\/swiety-jozef.pl\/?p=8847"},"modified":"2025-08-16T22:09:06","modified_gmt":"2025-08-16T20:09:06","slug":"ogloszenia-duszpasterskie-17-08-2025-r","status":"publish","type":"post","link":"https:\/\/swiety-jozef.pl\/index.php\/2025\/08\/16\/ogloszenia-duszpasterskie-17-08-2025-r\/","title":{"rendered":"Og\u0142oszenia duszpasterskie 17.08.2025 r."},"content":{"rendered":"\n<!--more-->\n\n\n\n<p class=\"has-text-align-right\">Nowa S\u00f3l 17.08.2025<\/p>\n\n\n\n<h4 class=\"wp-block-heading has-text-align-center\">Og\u0142oszenia duszpasterskie<br>XX Niedziela okresu zwyk\u0142ego rok C<\/h4>\n\n\n\n<div style=\"height:25px\" aria-hidden=\"true\" class=\"wp-block-spacer\"><\/div>\n\n\n\n<ol class=\"wp-block-list\">\n<li><strong>Dzisiaj XX niedziela okresu zwyk\u0142ego.<\/strong><\/li>\n\n\n\n<li> <strong>Trwa miesi\u0105c sierpie\u0144 \u2013 miesi\u0105c trze\u017awo\u015bci \u2013 modlimy si\u0119 o trze\u017awo\u015b\u0107 dla Polski. Przy chrzcielnicy wy\u0142o\u017cona jest ksi\u0119ga trze\u017awo\u015bci, mo\u017cna wpisywa\u0107 czas swojej abstynencji a w tych intencjach zostanie odprawiana Msza \u015bw. w \u015brod\u0119 27 sierpnia.<\/strong><\/li>\n\n\n\n<li><strong>W \u015brod\u0119 o godz 18<\/strong><strong><sup>00<\/sup><\/strong><strong> Nowenna do MB Nieustaj\u0105cej Pomocy i \u015bw. J\u00f3zefa.<\/strong><\/li>\n\n\n\n<li><strong>Czas wakacji<\/strong> &#8211; <strong>bardzo prosz\u0119 rodzic\u00f3w<\/strong>, \u017ceby zapewnili swoim dzieciom u organizator\u00f3w oboz\u00f3w i kolonii, <strong>aby dzieci mog\u0142y uczestniczy\u0107 w niedzielnej Mszy \u015bw<\/strong>.\u00a0<strong>\u00a0<\/strong>Przypominam o nale\u017cytym stroju na Mszach \u015bw. i przy zwiedzaniu ko\u015bcio\u0142\u00f3w.<\/li>\n\n\n\n<li><strong>Dekretem ks. Biskupa z dniem 25 sierpnia pos\u0142ug\u0119 w naszej parafii zako\u0144czy ks. Konrad Jasiewicz \u2013 rozpocznie pos\u0142ug\u0119 w \u017barach. Zapraszam parafian na Msz\u0119 \u015bw. w niedziele 24 sierpnia o godz. 12<\/strong><sup><strong>30<\/strong><\/sup><strong> w czasie kt\u00f3rej b\u0119dziemy dzi\u0119kowa\u0107 za Jego obecno\u015b\u0107 w \u015br\u00f3d nas i prosi\u0107 o b\u0142ogos\u0142awie\u0144stwo w dalszej s\u0142u\u017cbie kap\u0142a\u0144skiej.<\/strong><\/li>\n\n\n\n<li><strong>Decyzj\u0105 w\u0142adz zakonnych z dniem 30.08 siostra Natalia Konopchuk i siostra Krystyna Czerwi\u0144ska zosta\u0142y przeniesiona na inn\u0105 plac\u00f3wk\u0105. Zapraszamy przysz\u0142\u0105 niedziel\u0119 na Msz\u0119 \u015bw. o godz. 12<\/strong><strong><sup>30<\/sup><\/strong><strong> w czasie kt\u00f3rej b\u0119dziemy dzi\u0119kowa\u0107 siostrom za pos\u0142ug\u0119 w naszej parafii i b\u0119dziemy prosi\u0107 o Moc Ducha \u015awi\u0119tego w dalszej pos\u0142udze zakonnej.<\/strong><\/li>\n\n\n\n<li><strong>Sakrament pokuty w naszym ko\u015bciele, codziennie p\u00f3\u0142 godz. przed ka\u017cd\u0105 Msz\u0105 \u015bw.<\/strong><\/li>\n\n\n\n<li><strong>Codziennie w kaplicy o godz. 15<\/strong><strong><sup>00 <\/sup><\/strong><strong>Koronka do Bo\u017cego Mi\u0142osierdzia.<\/strong><\/li>\n\n\n\n<li><strong><em>Dzi\u0119kujemy za ofiary na tac\u0119 i za przelewy na konto parafii. B\u00f3g Zap\u0142a\u0107. Numer konta bankowego parafii: 58 9673 0007 0000 0300 4864 0001 <\/em><\/strong><strong>Dzisiaj 3 niedziela miesi\u0105ca taca przeznaczona na konserwacje wie\u017c naszego ko\u015bcio\u0142a &#8211; B\u00f3g zap\u0142a\u0107 za trosk\u0119 o parafi\u0119.<\/strong><\/li>\n\n\n\n<li><strong>Dobiega ko\u0144ca remont wie\u017c naszego ko\u015bcio\u0142a. Na stronie internetowej s\u0105 udost\u0119pnione zdj\u0119cia z remontu. Dzi\u0119kuj\u0119 wszystkim za wsparcie tej inwestycji.<\/strong><\/li>\n\n\n\n<li><strong>Dzi\u0119kujemy 3 osobom ch\u0119tnym za posprz\u0105tanie ko\u015bcio\u0142a i ofiary na kwiaty, Msza \u015bw. za te rodziny 25.08.2025 godz. 7<\/strong><sup><strong>00<\/strong><\/sup><strong>. Z ul. z ul. Matejki blok nr 22 i blok nr 24 nikt nie przyszed\u0142 sprz\u0105ta\u0107 ko\u015bcio\u0142a.<\/strong><\/li>\n\n\n\n<li><strong>W sobot\u0119 o godz. 9<\/strong><sup><strong>00<\/strong><\/sup><strong>\u00a0do sprz\u0105tania ko\u015bcio\u0142a zapraszam wiernych z ul. Wojska Polskiego 58B, 58C, 58D<\/strong><\/li>\n\n\n\n<li><strong>Zach\u0119camy do zakupu i lektury prasy katolickiej: NIEDZIELA, GO\u015a\u0106 NIEDZIELNY, Ma\u0142y Go\u015b\u0107 Niedzielny<\/strong><\/li>\n\n\n\n<li><strong>W minionym tygodniu z naszej parafii zmarli: +<\/strong>J\u00f3zefa<strong> Babij <\/strong>zam.Nowe Miasteczko; \u0141ucja<strong> Wawrzyniak <\/strong>zam. ul. Sienkiewicza.<\/li>\n\n\n\n<li><strong>Pozdrawiamy wszystkich chorych, pami\u0119tamy o Was w modlitwie, \u017cycz\u0105c szybkiego powrotu do zdrowia.<\/strong><\/li>\n<\/ol>\n\n\n\n<p><strong>Wszystkim parafianom&nbsp;i go\u015bciom \u017cyczymy dobrej niedzieli i Bo\u017cego b\u0142ogos\u0142awie\u0144stwa.<\/strong><\/p>\n\n\n\n<p class=\"has-text-align-right\">Ks. Krzysztof Kocz<br>Proboszcz<\/p>\n\n\n\n<div style=\"height:40px\" aria-hidden=\"true\" class=\"wp-block-spacer\"><\/div>\n","protected":false},"excerpt":{"rendered":"","protected":false},"author":3,"featured_media":3316,"comment_status":"closed","ping_status":"closed","sticky":false,"template":"","format":"standard","meta":{"_lmt_disableupdate":"","_lmt_disable":"","footnotes":""},"categories":[19],"tags":[],"class_list":["post-8847","post","type-post","status-publish","format-standard","has-post-thumbnail","hentry","category-ogloszenia"],"_links":{"self":[{"href":"https:\/\/swiety-jozef.pl\/index.php\/wp-json\/wp\/v2\/posts\/8847","targetHints":{"allow":["GET"]}}],"collection":[{"href":"https:\/\/swiety-jozef.pl\/index.php\/wp-json\/wp\/v2\/posts"}],"about":[{"href":"https:\/\/swiety-jozef.pl\/index.php\/wp-json\/wp\/v2\/types\/post"}],"author":[{"embeddable":true,"href":"https:\/\/swiety-jozef.pl\/index.php\/wp-json\/wp\/v2\/users\/3"}],"replies":[{"embeddable":true,"href":"https:\/\/swiety-jozef.pl\/index.php\/wp-json\/wp\/v2\/comments?post=8847"}],"version-history":[{"count":1,"href":"https:\/\/swiety-jozef.pl\/index.php\/wp-json\/wp\/v2\/posts\/8847\/revisions"}],"predecessor-version":[{"id":8848,"href":"https:\/\/swiety-jozef.pl\/index.php\/wp-json\/wp\/v2\/posts\/8847\/revisions\/8848"}],"wp:featuredmedia":[{"embeddable":true,"href":"https:\/\/swiety-jozef.pl\/index.php\/wp-json\/wp\/v2\/media\/3316"}],"wp:attachment":[{"href":"https:\/\/swiety-jozef.pl\/index.php\/wp-json\/wp\/v2\/media?parent=8847"}],"wp:term":[{"taxonomy":"category","embeddable":true,"href":"https:\/\/swiety-jozef.pl\/index.php\/wp-json\/wp\/v2\/categories?post=8847"},{"taxonomy":"post_tag","embeddable":true,"href":"https:\/\/swiety-jozef.pl\/index.php\/wp-json\/wp\/v2\/tags?post=8847"}],"curies":[{"name":"wp","href":"https:\/\/api.w.org\/{rel}","templated":true}]}}