{"id":8834,"date":"2025-08-02T22:03:31","date_gmt":"2025-08-02T20:03:31","guid":{"rendered":"https:\/\/swiety-jozef.pl\/?p=8834"},"modified":"2025-08-02T22:03:34","modified_gmt":"2025-08-02T20:03:34","slug":"ogloszenia-duszpasterskie-03-08-2025-r","status":"publish","type":"post","link":"https:\/\/swiety-jozef.pl\/index.php\/2025\/08\/02\/ogloszenia-duszpasterskie-03-08-2025-r\/","title":{"rendered":"Og\u0142oszenia duszpasterskie 03.08.2025 r."},"content":{"rendered":"\n<!--more-->\n\n\n\n<p class=\"has-text-align-right\">Nowa S\u00f3l 03.08.2025<\/p>\n\n\n\n<h4 class=\"wp-block-heading has-text-align-center\">Og\u0142oszenia duszpasterskie<br>XVIII Niedziela okresu zwyk\u0142ego rok C<\/h4>\n\n\n\n<div style=\"height:25px\" aria-hidden=\"true\" class=\"wp-block-spacer\"><\/div>\n\n\n\n<ol class=\"wp-block-list\">\n<li><strong>Dzisiaj XVIII niedziela okresu zwyk\u0142ego.<\/strong><\/li>\n\n\n\n<li>Dzisiaj po Mszy \u015bw<strong>. o godz. 7<\/strong><sup><strong>30<\/strong><\/sup><strong> zmiana tajemnic \u017bywego R\u00f3\u017ca\u0144ca a po Mszy \u015bw. o godz. 18<\/strong><sup><strong>30<\/strong><\/sup><strong> nauka dla rodzic\u00f3w i chrzestnych przed sakr. Chrztu dzieci.<\/strong><\/li>\n\n\n\n<li><strong>Trwa miesi\u0105c sierpie\u0144 \u2013 miesi\u0105c trze\u017awo\u015bci \u2013 modlimy si\u0119 o trze\u017awo\u015b\u0107 dla Polski. Przy chrzcielnicy wy\u0142o\u017cona jest ksi\u0119ga trze\u017awo\u015bci, mo\u017cna wpisywa\u0107 czas swojej abstynencji a w tych intencjach zostanie odprawiana Msza \u015bw. w \u015brod\u0119 31 sierpnia.<\/strong><\/li>\n\n\n\n<li><strong>W \u015brod\u0119 Przemienienie Pa\u0144skie \u2013 \u015bwi\u0119to<\/strong><\/li>\n\n\n\n<li><strong>W \u015brod\u0119 o godz 18<\/strong><strong><sup>00<\/sup><\/strong><strong> Nowenna do MB Nieustaj\u0105cej Pomocy i \u015bw. J\u00f3zefa.<\/strong><\/li>\n\n\n\n<li><strong>S\u0105 jeszcze wolne miejsca pielgrzymki autobusem na Jasn\u0105 G\u00f3r\u0119. Wyjazd 11 VIII o godz 22<\/strong><sup><strong>00<\/strong><\/sup><strong> z pod plebanii, mo\u017cna do\u0142\u0105czy\u0107 do pieszych pielgrzym\u00f3w w K\u0142obucku lub jecha\u0107 dalej na Jasn\u0105 G\u00f3r\u0105- koszt 150 z\u0142<\/strong> <strong>&#8211; wi\u0119cej informacji: w zakrystii lub na <a href=\"http:\/\/www.pielgrzymka.zgora.pl\/\">www.pielgrzymka.zgora.pl<\/a><\/strong><\/li>\n\n\n\n<li><strong>Czas wakacji<\/strong> &#8211; <strong>bardzo prosz\u0119 rodzic\u00f3w<\/strong>, \u017ceby zapewnili swoim dzieciom u organizator\u00f3w oboz\u00f3w i kolonii, <strong>aby dzieci mog\u0142y uczestniczy\u0107 w niedzielnej Mszy \u015bw<\/strong>.\u00a0<strong>\u00a0<\/strong>Przypominam o nale\u017cytym stroju na Mszach \u015bw. i przy zwiedzaniu ko\u015bcio\u0142\u00f3w.<\/li>\n\n\n\n<li><strong><em>Dzi\u0119kujemy za ofiary na tac\u0119 i za przelewy na konto parafii. B\u00f3g Zap\u0142a\u0107. Numer konta bankowego parafii:<\/em><\/strong><em> <\/em><strong><em>58 9673 0007 0000 0300 4864 0001<\/em><\/strong><\/li>\n\n\n\n<li><strong>W przysz\u0142\u0105 niedziele taca przeznaczona jest na KUL i Instytut Filozoficzno \u2013 Teologiczny w Zielonej G\u00f3rze.<\/strong><\/li>\n\n\n\n<li><strong>Sakrament pokuty w naszym ko\u015bciele, codziennie p\u00f3\u0142 godz. przed ka\u017cd\u0105 Msz\u0105 \u015bw.<\/strong><\/li>\n\n\n\n<li><strong>Codziennie w kaplicy o godz. 15<\/strong><strong><sup>00 <\/sup><\/strong><strong>Koronka do Bo\u017cego Mi\u0142osierdzia.<\/strong><\/li>\n\n\n\n<li> <strong>W przysz\u0142\u0105 sobot\u0119 i poniedzia\u0142ek kancelaria parafialna b\u0119dzie nieczynna \u2013 przepraszamy.<\/strong><\/li>\n\n\n\n<li><strong><em>Dzi\u0119kujemy za ofiary na tac\u0119 i za przelewy na konto parafii. B\u00f3g Zap\u0142a\u0107. Numer konta bankowego parafii: 58 9673 0007 0000 0300 4864 0001 <\/em><\/strong><strong>B\u00f3g zap\u0142a\u0107 za trosk\u0119 o parafi\u0119.<\/strong><\/li>\n\n\n\n<li><strong><em>Dzisiaj 1 niedziela miesi\u0105ca PZ Caritas po Mszach \u015bw. zbiera ofiary dla najbardziej potrzebuj\u0105cych z naszej Parafii. B\u00f3g zap\u0142a\u0107.<\/em><\/strong><\/li>\n\n\n\n<li><strong>Trwa remont wie\u017c naszego ko\u015bcio\u0142a. Na stronie internetowej s\u0105 udost\u0119pnione zdj\u0119cia z remontu. Po uzupe\u0142nieniu ubytk\u00f3w i tynkowaniu niekt\u00f3rych powierzchni, jeste\u015bmy na etapie przygotowanie wie\u017c do malowania. Dzi\u0119kuj\u0119 wszystkim za wszelkie wsparcie tej inwestycji.<\/strong><\/li>\n\n\n\n<li><strong>Dzi\u0119kujemy 8 osobom z ul. blok nr 18 i blok nr 20 i 3 osobom ch\u0119tnym za posprz\u0105tanie ko\u015bcio\u0142a i ofiary na kwiaty, Msza \u015bw. za te rodziny 5.09.2025 godz. 7<\/strong><sup><strong>00<\/strong><\/sup><strong>.<\/strong><\/li>\n\n\n\n<li><strong>W sobot\u0119 o godz. 9<\/strong><sup><strong>00<\/strong><\/sup><strong>\u00a0do sprz\u0105tania ko\u015bcio\u0142a zapraszam wiernych z ul. Matejki blok nr 22 i blok nr 24<\/strong><\/li>\n\n\n\n<li><strong>Zach\u0119camy do zakupu i lektury prasy katolickiej: NIEDZIELA, GO\u015a\u0106 NIEDZIELNY, Ma\u0142y Go\u015b\u0107 Niedzielny<\/strong><\/li>\n\n\n\n<li><strong>W minionym tygodniu z naszej parafii zmarli: <\/strong>Halina<strong> Sowa <\/strong>z ul. Broniewskiego<strong>;<\/strong> Tadeusz<strong> Bartoszewski <\/strong>z ul. D\u0142ugosza;Irena <strong>Jaszczur <\/strong>z ul. Fredry. Pami\u0119tajmy o naszych zmar\u0142ych w modlitwie.<\/li>\n\n\n\n<li><strong>Pozdrawiamy wszystkich chorych, pami\u0119tamy o Was w modlitwie, \u017cycz\u0105c szybkiego powrotu do zdrowia.<\/strong><\/li>\n<\/ol>\n\n\n\n<p><strong>Wszystkim parafianom&nbsp;i go\u015bciom \u017cyczymy dobrej niedzieli i Bo\u017cego b\u0142ogos\u0142awie\u0144stwa.<\/strong><\/p>\n\n\n\n<p class=\"has-text-align-right\">Ks. Krzysztof Kocz<br>Proboszcz<\/p>\n\n\n\n<div style=\"height:40px\" aria-hidden=\"true\" class=\"wp-block-spacer\"><\/div>\n","protected":false},"excerpt":{"rendered":"","protected":false},"author":3,"featured_media":3316,"comment_status":"closed","ping_status":"closed","sticky":false,"template":"","format":"standard","meta":{"_lmt_disableupdate":"","_lmt_disable":"","footnotes":""},"categories":[19],"tags":[],"class_list":["post-8834","post","type-post","status-publish","format-standard","has-post-thumbnail","hentry","category-ogloszenia"],"_links":{"self":[{"href":"https:\/\/swiety-jozef.pl\/index.php\/wp-json\/wp\/v2\/posts\/8834","targetHints":{"allow":["GET"]}}],"collection":[{"href":"https:\/\/swiety-jozef.pl\/index.php\/wp-json\/wp\/v2\/posts"}],"about":[{"href":"https:\/\/swiety-jozef.pl\/index.php\/wp-json\/wp\/v2\/types\/post"}],"author":[{"embeddable":true,"href":"https:\/\/swiety-jozef.pl\/index.php\/wp-json\/wp\/v2\/users\/3"}],"replies":[{"embeddable":true,"href":"https:\/\/swiety-jozef.pl\/index.php\/wp-json\/wp\/v2\/comments?post=8834"}],"version-history":[{"count":1,"href":"https:\/\/swiety-jozef.pl\/index.php\/wp-json\/wp\/v2\/posts\/8834\/revisions"}],"predecessor-version":[{"id":8835,"href":"https:\/\/swiety-jozef.pl\/index.php\/wp-json\/wp\/v2\/posts\/8834\/revisions\/8835"}],"wp:featuredmedia":[{"embeddable":true,"href":"https:\/\/swiety-jozef.pl\/index.php\/wp-json\/wp\/v2\/media\/3316"}],"wp:attachment":[{"href":"https:\/\/swiety-jozef.pl\/index.php\/wp-json\/wp\/v2\/media?parent=8834"}],"wp:term":[{"taxonomy":"category","embeddable":true,"href":"https:\/\/swiety-jozef.pl\/index.php\/wp-json\/wp\/v2\/categories?post=8834"},{"taxonomy":"post_tag","embeddable":true,"href":"https:\/\/swiety-jozef.pl\/index.php\/wp-json\/wp\/v2\/tags?post=8834"}],"curies":[{"name":"wp","href":"https:\/\/api.w.org\/{rel}","templated":true}]}}