{"id":8787,"date":"2025-06-28T20:14:32","date_gmt":"2025-06-28T18:14:32","guid":{"rendered":"https:\/\/swiety-jozef.pl\/?p=8787"},"modified":"2025-06-28T20:14:35","modified_gmt":"2025-06-28T18:14:35","slug":"ogloszenia-duszpasterskie-29-06-2025-r","status":"publish","type":"post","link":"https:\/\/swiety-jozef.pl\/index.php\/2025\/06\/28\/ogloszenia-duszpasterskie-29-06-2025-r\/","title":{"rendered":"Og\u0142oszenia duszpasterskie 29.06.2025 r."},"content":{"rendered":"\n<!--more-->\n\n\n\n<p class=\"has-text-align-right\">Nowa S\u00f3l 29.06.2025<\/p>\n\n\n\n<h4 class=\"wp-block-heading has-text-align-center\">Og\u0142oszenia duszpasterskie<br>XIII Niedziela okresu zwyk\u0142ego rok C<\/h4>\n\n\n\n<div style=\"height:25px\" aria-hidden=\"true\" class=\"wp-block-spacer\"><\/div>\n\n\n\n<ol class=\"wp-block-list\">\n<li><strong>Dzisiaj<\/strong><strong> XII niedziela okresu zwyk\u0142ego.<\/strong><\/li>\n\n\n\n<li><strong>Nabo\u017ce\u0144stwa czerwcowe w dni powszednie o godz. 17<\/strong><sup><strong>30<\/strong><\/sup><strong>\u00a0w niedziele o godz. 18<\/strong><sup><strong>00<\/strong><\/sup><strong>. W poniedzia\u0142ek zako\u0144czenie nabo\u017ce\u0144stw czerwcowych.<\/strong><\/li>\n\n\n\n<li><strong>W \u015brod\u0119 o godz 18<\/strong><sup><strong>00<\/strong><\/sup> <strong>Nowenna do MB Nieustaj\u0105cej Pomocy i \u015bw. J\u00f3zefa.<\/strong><\/li>\n\n\n\n<li><strong>W tym tygodniu I czwartek I pi\u0105tek i I sobota miesi\u0105ca.\u00a0<\/strong><br>\u2013 W\u00a0<strong>czwartek<\/strong>\u00a0spotkanie Przyjaci\u00f3\u0142 Parady\u017ca o godz. 17<sup>30\u00a0<\/sup> w ko\u015bciele.<br>\u2013\u00a0<strong>W pi\u0105tek<\/strong>\u00a0od\u00a0<strong>godz. 15<\/strong><sup><strong>00<\/strong><\/sup><strong>\u00a0\u2013 Godzina Mi\u0142osierdzia<\/strong>\u00a0i <strong>Adoracja Naj\u015bwi\u0119tszego Sakramentu<\/strong><\/li>\n<\/ol>\n\n\n\n<p>\u2013 <strong>W sobot\u0119<\/strong> <strong>Nabo\u017ce\u0144stwo Fatimskie<\/strong>. Rozpoczniemy o godz. 17<sup>00<\/sup>, odm\u00f3wimy jedn\u0105 cz\u0119\u015bci r\u00f3\u017ca\u0144ca z medytacj\u0105, procesja \u015bwiat\u0142a wok\u00f3\u0142 ko\u015bcio\u0142a. <strong>O godz. 18<\/strong><sup><strong>00 <\/strong><\/sup><strong>Msza \u015bw.<\/strong><\/p>\n\n\n\n<p><strong>&#8211; W sobot\u0119 z pos\u0142ug\u0105 sakramentaln\u0105 ks. proboszcz i ks. Tomasz odwiedzi swoich chorych \u2013 nowych chorych mo\u017cna zg\u0142asza\u0107 w zakrystii.<\/strong><\/p>\n\n\n\n<ol start=\"5\" class=\"wp-block-list\">\n<li><strong>W przysz\u0142\u0105 niedziele pierwsza niedziela miesi\u0105ca: zmiana tajemnic \u017bywego r\u00f3\u017ca\u0144ca na Mszy \u015bw. o godz. 7<\/strong><sup><strong>30<\/strong><\/sup><strong> a po Mszy \u015bw. o godz. 18<\/strong><sup><strong>30<\/strong><\/sup><strong> nauka przed chrztem \u015bw. dla rodzic\u00f3w i rodzic\u00f3w chrzestnych.<\/strong><\/li>\n\n\n\n<li> <strong>W przysz\u0142\u0105 niedziele PZ Caritas po mszach \u015bw. zbiera ofiary dla potrzebuj\u0105cych z naszej parafii.<\/strong><\/li>\n\n\n\n<li><strong>Czas wakacji<\/strong> &#8211; <strong>bardzo prosz\u0119 Rodzic\u00f3w<\/strong>, \u017ceby zapewnili swoim dzieciom u organizator\u00f3w oboz\u00f3w i kolonii, <strong>aby dzieci mog\u0142y uczestniczy\u0107 w niedzielnej Mszy \u015bw<\/strong>.\u00a0<strong>\u00a0<\/strong><\/li>\n\n\n\n<li><strong>Przypominam o nale\u017cytym stroju na Mszach \u015bw. i przy zwiedzaniu ko\u015bcio\u0142\u00f3w, ramiona przykryte, panowie nie wchodz\u0105 do ko\u015bcio\u0142a w kr\u00f3tkich spodenkach.<\/strong><\/li>\n\n\n\n<li><strong>Dzieci klas II i m\u0142odsze po Mszy \u015bw. prosimy o pozostanie w ko\u015bciele.<\/strong><\/li>\n\n\n\n<li><strong>W dniach od 2 do 12 sierpnia z naszego miasta wyrusza Piesza Pielgrzymka na Jasna G\u00f3r\u0119<\/strong>. <strong>Zapisy w zakrystii. Wszystkich zainteresowanych bardzo serdecznie zapraszamy.<\/strong> <strong>Koszt 400 z\u0142 + 130 z\u0142 powr\u00f3t autokarem.<\/strong> <strong>Spotkanie przedpielgrzymkowe w niedziele 27.07.2025 po mszy \u015bw. o godz. 14<\/strong><sup><u><strong>00<\/strong><\/u><\/sup> <strong>Istnieje mo\u017cliwo\u015b\u0107 zapisania si\u0119 na list\u0119 duchowych pielgrzym\u00f3w \u2013 po ka\u017cdej Mszy \u015bw. w zakrystii<\/strong> <strong>Organizujemy dojazd na ostatni etap pielgrzymki i na Jasn\u0105 G\u00f3r\u0119. Wyjazd 11 VIII godz. 22<\/strong><sup><strong>00<\/strong><\/sup><strong>. Koszt 150z\u0142<\/strong><\/li>\n<\/ol>\n\n\n\n<ol start=\"11\" class=\"wp-block-list\">\n<li><strong>W Roku Jubileuszowym organizujemy w dniach od 6 do 14.09.2025 autokarem pielgrzymk\u0119 do Rzymu i innych miast w\u0142oskich. CENA: 3 890 PLN\/os. plus 190 euro wej\u015bci\u00f3wki<\/strong>.<\/li>\n<\/ol>\n\n\n\n<p><strong>Osoby zainteresowane wyjazdem na pielgrzymk\u0119 mog\u0105 r\u00f3wnie\u017c kontaktowa\u0107 si\u0119 telefonicznie, telefon 609 131&nbsp;799. Program pielgrzymki w gablocie i na stronie internetowej parafii.<\/strong><\/p>\n\n\n\n<p><strong>Spotkanie przedpielgrzymkowe w przysz\u0142\u0105 niedziele 6.07.2025 o godz. 10<\/strong><sup><u><strong>30<\/strong><\/u><\/sup><sup><\/sup><strong>w szkole katolickiej<\/strong><\/p>\n\n\n\n<ol start=\"12\" class=\"wp-block-list\">\n<li><strong><em>Dzi\u0119kujemy za ofiary na tac\u0119 i za przelewy na konto parafii. B\u00f3g Zap\u0142a\u0107. Numer konta bankowego parafii: 58 9673 0007 0000 0300 4864 0001 <\/em><\/strong><strong>B\u00f3g zap\u0142a\u0107 za trosk\u0119 o parafi\u0119.<\/strong><\/li>\n\n\n\n<li><strong>Od 7 lipca rozpoczynamy remont wie\u017cy naszego ko\u015bcio\u0142a, za wszelkie wsparcie bardzo serdecznie dzi\u0119kujemy.<\/strong><\/li>\n\n\n\n<li><strong>Dzi\u0119kujemy 1 dziewczynce z ul. <\/strong><strong>1 Maja blok 12 i blok 24 <\/strong><strong>i 3 osobom ch\u0119tnym za posprz\u0105tanie ko\u015bcio\u0142a i ofiary na kwiaty, Msza \u015bw. za te rodziny 30.06.2025 godz. 18<\/strong><sup><strong>00<\/strong><\/sup><\/li>\n\n\n\n<li><strong>W sobot\u0119 na godz. 9<\/strong><sup><strong>00<\/strong><\/sup><strong> do sprz\u0105tania ko\u015bcio\u0142a zapraszam wiernych z ul. Sienkiewicza numery parzyste od 2 do 42<\/strong><\/li>\n\n\n\n<li><strong>Zach\u0119camy do zakupu i lektury prasy katolickiej: NIEDZIELA, GO\u015a\u0106 NIEDZIELNY, Ma\u0142y Go\u015b\u0107 Niedzielny<\/strong><\/li>\n\n\n\n<li><strong>W minionym tygodniu z naszej parafii zmarli: +Julian Podhorecki zam. ul. Fredry; +Mariusz Trenka zam. o\u015b. Konst. 3 Maja; +Zdzis\u0142aw Rogosz zam. ul. D\u0142ugosza<\/strong><\/li>\n\n\n\n<li><strong>Pami\u0119tajmy o naszych zmar\u0142ych polecaj\u0105c ich Bo\u017cemu Mi\u0142osierdziu<\/strong><\/li>\n\n\n\n<li><strong>Pozdrawiamy wszystkich chorych, pami\u0119tamy o Was w modlitwie, \u017cycz\u0105c szybkiego powrotu do zdrowia.<\/strong><\/li>\n<\/ol>\n\n\n\n<p><strong>Wszystkim parafianom<\/strong><strong> i go\u015bciom \u017cyczymy dobrej niedzieli i Bo\u017cego b\u0142ogos\u0142awie\u0144stwa.<\/strong><\/p>\n\n\n\n<p class=\"has-text-align-right\">Ks. Krzysztof Kocz<br>Proboszcz<\/p>\n\n\n\n<div style=\"height:40px\" aria-hidden=\"true\" class=\"wp-block-spacer\"><\/div>\n","protected":false},"excerpt":{"rendered":"","protected":false},"author":3,"featured_media":3316,"comment_status":"closed","ping_status":"closed","sticky":false,"template":"","format":"standard","meta":{"_lmt_disableupdate":"","_lmt_disable":"","footnotes":""},"categories":[19],"tags":[],"class_list":["post-8787","post","type-post","status-publish","format-standard","has-post-thumbnail","hentry","category-ogloszenia"],"_links":{"self":[{"href":"https:\/\/swiety-jozef.pl\/index.php\/wp-json\/wp\/v2\/posts\/8787","targetHints":{"allow":["GET"]}}],"collection":[{"href":"https:\/\/swiety-jozef.pl\/index.php\/wp-json\/wp\/v2\/posts"}],"about":[{"href":"https:\/\/swiety-jozef.pl\/index.php\/wp-json\/wp\/v2\/types\/post"}],"author":[{"embeddable":true,"href":"https:\/\/swiety-jozef.pl\/index.php\/wp-json\/wp\/v2\/users\/3"}],"replies":[{"embeddable":true,"href":"https:\/\/swiety-jozef.pl\/index.php\/wp-json\/wp\/v2\/comments?post=8787"}],"version-history":[{"count":1,"href":"https:\/\/swiety-jozef.pl\/index.php\/wp-json\/wp\/v2\/posts\/8787\/revisions"}],"predecessor-version":[{"id":8788,"href":"https:\/\/swiety-jozef.pl\/index.php\/wp-json\/wp\/v2\/posts\/8787\/revisions\/8788"}],"wp:featuredmedia":[{"embeddable":true,"href":"https:\/\/swiety-jozef.pl\/index.php\/wp-json\/wp\/v2\/media\/3316"}],"wp:attachment":[{"href":"https:\/\/swiety-jozef.pl\/index.php\/wp-json\/wp\/v2\/media?parent=8787"}],"wp:term":[{"taxonomy":"category","embeddable":true,"href":"https:\/\/swiety-jozef.pl\/index.php\/wp-json\/wp\/v2\/categories?post=8787"},{"taxonomy":"post_tag","embeddable":true,"href":"https:\/\/swiety-jozef.pl\/index.php\/wp-json\/wp\/v2\/tags?post=8787"}],"curies":[{"name":"wp","href":"https:\/\/api.w.org\/{rel}","templated":true}]}}