{"id":8783,"date":"2025-06-21T20:04:11","date_gmt":"2025-06-21T18:04:11","guid":{"rendered":"https:\/\/swiety-jozef.pl\/?p=8783"},"modified":"2025-06-21T20:04:14","modified_gmt":"2025-06-21T18:04:14","slug":"intencje-mszalne-22-06-29-06-2025-r","status":"publish","type":"post","link":"https:\/\/swiety-jozef.pl\/index.php\/2025\/06\/21\/intencje-mszalne-22-06-29-06-2025-r\/","title":{"rendered":"Intencje mszalne 22.06. \u2013 29.06.2025 r."},"content":{"rendered":"\n<!--more-->\n\n\n\n<div style=\"height:25px\" aria-hidden=\"true\" class=\"wp-block-spacer\"><\/div>\n\n\n\n<p><strong>Niedziela 22.06.25r.<\/strong><\/p>\n\n\n\n<p>7.30. 1. +Bo\u017cenna 1 rocz. \u015bm. +Andrzej 18 r. \u015bm. i zm. z rodz. Kaczkowskich<\/p>\n\n\n\n<p>2. +Stefania 31 rocz. \u015bm. i Tadeusz i zm. z tych rodzin<\/p>\n\n\n\n<p>9.30. 1. +Marcin Mik\u0142aszewski w 30 rocz. \u015bm.<\/p>\n\n\n\n<p>2. +Czes\u0142awa \/ona\/ 7 r. \u015bm., Aleksander, 33 r. \u015bm Roma\u0144czyk, +Wanda 66 r. \u015bm. Roma\u0144czyk<\/p>\n\n\n\n<p>3. +Janina Kub\u00f3w greg 5<\/p>\n\n\n\n<p>11.00. 1. +Danuta i Zdzis\u0142aw Zawierucha i zm. z rodz. Zawierucha<\/p>\n\n\n\n<p>2. Dz. \u2013 b\u0142. z okazji imienin ks. Tomasza Duszczaka<\/p>\n\n\n\n<p>12.30. 1. Za parafian<em>. chrzest Micha\u0142 Koza, Sofia Alicja Batura<\/em><\/p>\n\n\n\n<p>14.00. 1. Dz. \u2013 b\u0142. z okazji imienin Janina Rachowiak z pro\u015bb\u0105 o b\u0142. Bo\u017ce i opiek\u0119 Matki Bo\u017cej dla ca\u0142ej rodziny int. od R\u00f3\u017cy MB. Klenickiej<\/p>\n\n\n\n<p>18.30. 1. +Genowefa, Zbigniew, J\u00f3zef, Antonina i J\u00f3zef<\/p>\n\n\n\n<div style=\"height:25px\" aria-hidden=\"true\" class=\"wp-block-spacer\"><\/div>\n\n\n\n<p><strong>Poniedzia\u0142ek 23.06.25r.<\/strong><\/p>\n\n\n\n<p>7.00. 1. +Janina Kub\u00f3w greg 6 <em>\/odprawia ks. Tomasz\/<\/em><\/p>\n\n\n\n<p>2. ++ rodzic\u00f3w: Wanda, Ryszard St\u0119pniak i +te\u015bci\u00f3w: W\u0142adys\u0142awa, J\u00f3zef Ko\u015bcielniak<\/p>\n\n\n\n<p>7.30. 1. + Danuta Darczy\u0144ska <em>pog. Wandy godz. 13.00<\/em><\/p>\n\n\n\n<p>18.00. 1. +Janina Szychta \u2013 o \u0142ask\u0119 nieba +Tadeusz Szychta<\/p>\n\n\n\n<p>2. +Karolina, Kazimierz Kluz i zm. z rodz.<\/p>\n\n\n\n<div style=\"height:25px\" aria-hidden=\"true\" class=\"wp-block-spacer\"><\/div>\n\n\n\n<p><strong>Wtorek 24.06.25r. Narodziny Jan Chrzciciela<\/strong><\/p>\n\n\n\n<p>7.00. 1. +Kazimiera Jasi\u0144ska i za zm. z rodz. Jasi\u0144skich i Jankiewicz<\/p>\n\n\n\n<p>9.00 1. +Janina Kub\u00f3w greg 7<\/p>\n\n\n\n<p>13.30 Rudno cmentarz + Mariusz Sawczuk <em>pogrzeb<\/em><\/p>\n\n\n\n<p>18.00. 1. Dz. \u2013 b\u0142. z okazji imienin Danuta Suszka o b\u0142. Bo\u017ce i opiek\u0119 Matki Bp\u017cej dla ca\u0142ej rodziny &#8211; int. od R\u00f3\u017cy MB Klenickiej<\/p>\n\n\n\n<p>2. +Jan Micha\u0142owski <em>z ok. imienin<\/em><\/p>\n\n\n\n<div style=\"height:25px\" aria-hidden=\"true\" class=\"wp-block-spacer\"><\/div>\n\n\n\n<p><strong>\u015aroda 25.06.25r.<\/strong><\/p>\n\n\n\n<p>7.00. 1. +ks. kan. J\u00f3zefa Adamczaka \u2013 int. od si\u00f3str S\u0142ug Jezusa<\/p>\n\n\n\n<p>2. +Janina Kub\u00f3w greg 8 <em>\/odprawia ks. Tomasz\/<\/em><\/p>\n\n\n\n<p>3. +ks. kan. J\u00f3zefa Adamczaka w 7 r. \u015bm. int. od przyjaci\u00f3\u0142<\/p>\n\n\n\n<p>18.00. 1. W int. cz\u0142onki\u0144 R\u00f3\u017cy MB Nieus. Pomocy i ich rodzin<\/p>\n\n\n\n<p>2. W int. Danuta Stu\u0142a, Danuta Saulewicz i Wanda Walczy\u0144ska z ok. im. int. od R\u00f3\u017cy NMP Kr\u00f3lowej Polski<\/p>\n\n\n\n<div style=\"height:25px\" aria-hidden=\"true\" class=\"wp-block-spacer\"><\/div>\n\n\n\n<p><strong>Czwartek 26.06.25r.<\/strong><\/p>\n\n\n\n<p>7.00. 1. +Janina Kub\u00f3w greg 9<\/p>\n\n\n\n<p>2. +Janina i Karol Szewczuk<\/p>\n\n\n\n<p>18.00. 1. +Irena Bagi\u0144ska w 9 rocz. \u015bm.<\/p>\n\n\n\n<p>2. W int. Wanda \u0106wirko, Janina Bere\u017ca\u0144ska z ok. im. int z R\u00f3\u017cy \u015bw. Katarzyny<\/p>\n\n\n\n<div style=\"height:25px\" aria-hidden=\"true\" class=\"wp-block-spacer\"><\/div>\n\n\n\n<p><strong>Pi\u0105tek 27.06.25r. Uroczysto\u015b\u0107 Naj\u015bwi\u0119tszego Serca Pana Jezusa<\/strong><\/p>\n\n\n\n<p>7.00. 1. +Janina Kub\u00f3w greg 10<\/p>\n\n\n\n<p>2. +Wac\u0142aw, Aniela Kucharczyk, Szczepan i Helena Kiero\u0144scy, J\u00f3zef i Joanna i Boles\u0142aw Graf<\/p>\n\n\n\n<p>18.00. 1 .+Kazimiera, W\u0142adys\u0142aw, Janina, Grzegorz, Edward, Waldemar, +z rodz. Machnij<\/p>\n\n\n\n<p>2. +W\u0142adys\u0142aw Strawczy\u0144ski <em>z ok. imienin <\/em>o \u0142ask\u0119 nieba<\/p>\n\n\n\n<div style=\"height:25px\" aria-hidden=\"true\" class=\"wp-block-spacer\"><\/div>\n\n\n\n<p><strong>Sobota 28.06.25r.<\/strong><\/p>\n\n\n\n<p>7.00. 1. +Robert Walkowiak w 1 rocz. \u015bm. i Krystyna Walkowiak w 11 rocz. \u015bm.<\/p>\n\n\n\n<p>2. +Janina Kub\u00f3w greg. 11<\/p>\n\n\n\n<p>18.00. 1. +Ryszard Rybarczyk (5 r. \u015bm.) i ++ z Rodziny<\/p>\n\n\n\n<p>2. W int. Janina Bogusz z ok. im. o potrzebne \u0142aski i b\u0142. Bo\u017ce, opiek\u0119 Matki Naj\u015bw. z R\u00f3\u017cy MB Klenickiej<\/p>\n\n\n\n<div style=\"height:25px\" aria-hidden=\"true\" class=\"wp-block-spacer\"><\/div>\n\n\n\n<p><strong>Niedziela 29.06.25r. Uroczysto\u015b\u0107 \u015bw. Piotra i Paw\u0142a<\/strong><\/p>\n\n\n\n<p>7.30. 1. +Regina i J\u00f3zef, Miros\u0142aw Szczotarski + Boles\u0142aw Zuza\u0144ski, +Edmund Wojtysiak i zm. z rodz.<\/p>\n\n\n\n<p>2. +Janina Kub\u00f3w greg 12<\/p>\n\n\n\n<p>9.30. 1. W int. El\u017cbieta Adamcewicz w 60 rocz. ur. i im. i Danuta B\u0142aszk\u00f3w z ok. im. int. R\u00f3\u017cy Niepokalanego Serca NMP<\/p>\n\n\n\n<p>2. +Jan, Marta Surowiec i zm. z rodz. Surowiec i Kincel<\/p>\n\n\n\n<p>11.00. 1. +Janina i Mieczys\u0142aw Malinowscy<\/p>\n\n\n\n<p>2. +Czes\u0142awa ona i Boles\u0142aw Wojtu\u015bciszyn i zm. z rodz.<\/p>\n\n\n\n<p>12.30. 1. Za parafian<\/p>\n\n\n\n<p>2. +Alfred Dobrych\u0142op 1 r. \u015bm. -o \u0142ask\u0119 nieba<\/p>\n\n\n\n<p>14.00. 1. W int. Piotra i Paw\u0142a z ok. im. o b\u0142 Bo\u017ce \u0142aski zdrowia i opiek\u0119 \u015bw. patron\u00f3w<\/p>\n\n\n\n<p>2. ++z rodz. Stasik i Pastuszek, +Antoni \u2013 8 r. \u015bm.<\/p>\n\n\n\n<p>18.30. 1. +Irena, Gertruda, Konrad Zwierzchowscy<\/p>\n\n\n\n<div style=\"height:40px\" aria-hidden=\"true\" class=\"wp-block-spacer\"><\/div>\n","protected":false},"excerpt":{"rendered":"","protected":false},"author":3,"featured_media":4429,"comment_status":"closed","ping_status":"closed","sticky":false,"template":"","format":"standard","meta":{"_lmt_disableupdate":"","_lmt_disable":"","footnotes":""},"categories":[20],"tags":[],"class_list":["post-8783","post","type-post","status-publish","format-standard","has-post-thumbnail","hentry","category-intencje"],"_links":{"self":[{"href":"https:\/\/swiety-jozef.pl\/index.php\/wp-json\/wp\/v2\/posts\/8783","targetHints":{"allow":["GET"]}}],"collection":[{"href":"https:\/\/swiety-jozef.pl\/index.php\/wp-json\/wp\/v2\/posts"}],"about":[{"href":"https:\/\/swiety-jozef.pl\/index.php\/wp-json\/wp\/v2\/types\/post"}],"author":[{"embeddable":true,"href":"https:\/\/swiety-jozef.pl\/index.php\/wp-json\/wp\/v2\/users\/3"}],"replies":[{"embeddable":true,"href":"https:\/\/swiety-jozef.pl\/index.php\/wp-json\/wp\/v2\/comments?post=8783"}],"version-history":[{"count":1,"href":"https:\/\/swiety-jozef.pl\/index.php\/wp-json\/wp\/v2\/posts\/8783\/revisions"}],"predecessor-version":[{"id":8784,"href":"https:\/\/swiety-jozef.pl\/index.php\/wp-json\/wp\/v2\/posts\/8783\/revisions\/8784"}],"wp:featuredmedia":[{"embeddable":true,"href":"https:\/\/swiety-jozef.pl\/index.php\/wp-json\/wp\/v2\/media\/4429"}],"wp:attachment":[{"href":"https:\/\/swiety-jozef.pl\/index.php\/wp-json\/wp\/v2\/media?parent=8783"}],"wp:term":[{"taxonomy":"category","embeddable":true,"href":"https:\/\/swiety-jozef.pl\/index.php\/wp-json\/wp\/v2\/categories?post=8783"},{"taxonomy":"post_tag","embeddable":true,"href":"https:\/\/swiety-jozef.pl\/index.php\/wp-json\/wp\/v2\/tags?post=8783"}],"curies":[{"name":"wp","href":"https:\/\/api.w.org\/{rel}","templated":true}]}}