{"id":8753,"date":"2025-05-19T01:00:00","date_gmt":"2025-05-18T23:00:00","guid":{"rendered":"https:\/\/swiety-jozef.pl\/?p=8753"},"modified":"2025-05-17T23:30:44","modified_gmt":"2025-05-17T21:30:44","slug":"rada-kep-ds-spolecznych-zacheca-do-licznego-i-odpowiedzialnego-udzialu-w-wyborach-prezydenckich","status":"publish","type":"post","link":"https:\/\/swiety-jozef.pl\/index.php\/2025\/05\/19\/rada-kep-ds-spolecznych-zacheca-do-licznego-i-odpowiedzialnego-udzialu-w-wyborach-prezydenckich\/","title":{"rendered":"Rada KEP ds. Spo\u0142ecznych zach\u0119ca do licznego i odpowiedzialnego udzia\u0142u w wyborach prezydenckich"},"content":{"rendered":"\n<!--more-->\n\n\n\n<div style=\"height:25px\" aria-hidden=\"true\" class=\"wp-block-spacer\"><\/div>\n\n\n\n<p>W zwi\u0105zku ze zbli\u017caj\u0105cymi si\u0119 wyborami na urz\u0105d Prezydenta Rzeczypospolitej Polskiej, Rada Konferencji Episkopatu Polski ds. Spo\u0142ecznych zach\u0119ca do jak najliczniejszego w nich udzia\u0142u tak, by w powszechny i odpowiedzialny spos\u00f3b wskaza\u0107 osob\u0119 godn\u0105 tego politycznie wa\u017cnego stanowiska \u2013 czytamy w komunikacie Rady KEP ds. Spo\u0142ecznych z okazji rocznicy og\u0142oszenia encykliki Centesimus Annus oraz w zwi\u0105zku ze zbli\u017caj\u0105cymi si\u0119 wyborami prezydenckimi w Polsce.<\/p>\n\n\n\n<p>Cz\u0142onkowie Rady przypominaj\u0105, \u017ce katolicy, a tak\u017ce osoby, kt\u00f3rym le\u017cy na sercu dobro Ojczyzny, \u201epowinni w swoim akcie wyborczym kierowa\u0107 si\u0119 zasadami, kt\u00f3re \u017cycie indywidualne i spo\u0142eczne czyni\u0105 godnym i szcz\u0119\u015bliwym\u201d. Zwracaj\u0105 uwag\u0119, \u017ce zasady te wskazywa\u0142 w swoim nauczaniu \u015bw. Jan Pawe\u0142 II.<\/p>\n\n\n\n<p>Pomoc\u0105 w rozeznaniu, jak g\u0142osowa\u0107, mo\u017ce by\u0107 tak\u017ce przygotowane przez Rad\u0119 KEP ds. Spo\u0142ecznych\u00a0<em><a href=\"https:\/\/episkopat.pl\/doc\/214370.vademecum-wyborcze-katolika-dokument-rady-ds-spolecznych-kep.\" target=\"_blank\" rel=\"noreferrer noopener\">Vademecum wyborcze katolika<\/a><\/em>\u00a0z 21 wrze\u015bnia 2023 roku.<\/p>\n\n\n\n<p>BP KEP<\/p>\n\n\n\n<p>Publikujemy pe\u0142ny tekst komunikatu:<\/p>\n\n\n\n<p class=\"has-text-align-center\"><em><strong>Wybory w demokracji zobowi\u0105zaniem do odpowiedzialno\u015bci<\/strong><\/em><\/p>\n\n\n\n<p class=\"has-text-align-center\"><strong>Komunikat Rady Konferencji Episkopatu Polski ds. Spo\u0142ecznych<br>z okazji rocznicy og\u0142oszenia encykliki&nbsp;Centesimus Annus&nbsp;<br>oraz w zwi\u0105zku ze zbli\u017caj\u0105cymi si\u0119 wyborami prezydenckimi w Polsce<\/strong><\/p>\n\n\n\n<div style=\"height:25px\" aria-hidden=\"true\" class=\"wp-block-spacer\"><\/div>\n\n\n\n<p>W encyklice&nbsp;<em>Centesimus Annus<\/em>, kt\u00f3r\u0105 Jan Pawe\u0142 II og\u0142osi\u0142 1 maja 1991 roku, czyli na pocz\u0105tku transformacji spo\u0142eczno-politycznej w Polsce, Ojciec \u015awi\u0119ty ukaza\u0142 istotne zasady funkcjonowania pa\u0144stwa demokratycznego.&nbsp;W kontek\u015bcie zbli\u017caj\u0105cych si\u0119 kolejnych wybor\u00f3w prezydenckich, Rada Konferencji Episkopatu Polski ds. Spo\u0142ecznych pragnie przypomnie\u0107 nauczanie papie\u017ca&nbsp;Polaka zawarte w tej encyklice, ma ono bowiem wymiar uniwersalny i wci\u0105\u017c pozostaje aktualne i zobowi\u0105zuj\u0105ce.<\/p>\n\n\n\n<p>W encyklice tej papie\u017c podkre\u015bla: \u201eKo\u015bci\u00f3\u0142 docenia demokracj\u0119 jako system, kt\u00f3ry zapewnia udzia\u0142 obywateli w decyzjach politycznych\u201d&nbsp;i kontrolowaniu w\u0142asnych rz\u0105d\u00f3w. Jednocze\u015bnie przestrzega, \u017ce demokracja nie mo\u017ce&nbsp;\u201esprzyja\u0107 powstawaniu w\u0105skich grup kierowniczych, kt\u00f3re dla w\u0142asnych partykularnych korzy\u015bci albo dla cel\u00f3w ideologicznych przyw\u0142aszczaj\u0105 sobie w\u0142adz\u0119 w pa\u0144stwie\u201d. Demokracji nie nale\u017cy redukowa\u0107 wy\u0142\u0105cznie do procedur wyborczych \u2013 trzeba dostrzec i urzeczywistnia\u0107 jej istotne strukturalne elementy (CA 46).<\/p>\n\n\n\n<p>&nbsp;Zasadnicze elementy systemu demokratycznego, wed\u0142ug Jana Paw\u0142a II, to:<\/p>\n\n\n\n<p><strong>1.&nbsp;Godno\u015b\u0107 osoby ludzkiej<\/strong><\/p>\n\n\n\n<p>Pierwszym i podstawowym elementem systemu demokratycznego jest uznanie<br>i poszanowanie godno\u015bci ka\u017cdego cz\u0142owieka. Autentyczna demokracja, kt\u00f3ra winna by\u0107 celem d\u0105\u017ce\u0144 politycznych&nbsp;\u201emo\u017cliwa jest tylko w oparciu o poprawn\u0105 koncepcj\u0119 osoby ludzkiej\u201d. Papie\u017c naucza:&nbsp;\u201epo\u015br\u00f3d wszystkich stworze\u0144, tylko cz\u0142owiek jest osob\u0105, podmiotem \u015bwiadomym i wolnym, stanowi\u0105c w ten spos\u00f3b o\u015brodek i szczyt wszystkiego, co istnieje na ziemi\u201d. Osobie ludzkiej przys\u0142uguje wi\u0119c najwy\u017cszy zakres suwerenno\u015bci i szacunku ze wzgl\u0119du na to, kim jest.&nbsp;Systemy polityczne, kt\u00f3re neguj\u0105 godno\u015b\u0107 osoby, najcz\u0119\u015bciej deformuj\u0105 istot\u0119 demokracji i przyczyniaj\u0105 si\u0119 do tworzenia wsp\u00f3\u0142czesnych totalitaryzm\u00f3w (CA 44).<\/p>\n\n\n\n<p><strong>2.&nbsp;Niezbywalne prawa cz\u0142owieka<\/strong><\/p>\n\n\n\n<p>W\u015br\u00f3d podstawowych praw cz\u0142owieka, na pierwszym miejscu papie\u017c wymienia prawo do \u017cycia,&nbsp;\u201ekt\u00f3rego integraln\u0105 cz\u0119\u015bci\u0105 jest prawo do wzrastania pod sercem matki od chwili pocz\u0119cia\u201d. Inne wymieniane prawa to: prawo do \u017cycia w rodzinie, prawo do pracy, prawo do wolno\u015bci religijnej i obywatelskiej. Realizacja tych praw jest mo\u017cliwa tylko w pa\u0144stwie praworz\u0105dnym, gdzie&nbsp;\u201enajwy\u017csz\u0105 w\u0142adz\u0119 ma prawo, a nie samowola cz\u0142owieka\u201d. Zatem, wymogiem demokracji jest&nbsp;\u201ezdrowa teoria Pa\u0144stwa\u201d (CA 44, 46).<\/p>\n\n\n\n<p><strong>3.&nbsp;Wolno\u015b\u0107 i prawda<\/strong><\/p>\n\n\n\n<p>Papie\u017c przypomina\u0142, \u017ce Ko\u015bci\u00f3\u0142 zabiega o uznanie i uszanowanie wolno\u015bci i prawdy. Wolno\u015b\u0107 jest w pe\u0142ni dowarto\u015bciowana jedynie poprzez przyj\u0119cie prawdy.&nbsp;Wolno\u015b\u0107 bez prawdy traci swoj\u0105 tre\u015b\u0107 i prowadzi do chaosu moralnego. Taka wolno\u015b\u0107 mo\u017ce zniszczy\u0107 ka\u017cde dobro wsp\u00f3lne i samego cz\u0142owieka. (CA 46)<\/p>\n\n\n\n<p>Papie\u017c podkre\u015bla tak\u017ce, \u017ce podwa\u017canie roli i mocy obiektywnej prawdy mo\u017ce skutkowa\u0107 powa\u017cnymi zagro\u017ceniami dla \u017cycia politycznego, a zatem samej demokracji.&nbsp;\u201eJe\u015bli si\u0119 nie uznaje prawdy transcendentnej, triumfuje si\u0142a w\u0142adzy i ka\u017cdy d\u0105\u017cy do maksymalnego wykorzystania dost\u0119pnych mu \u015brodk\u00f3w, do narzucenia w\u0142asnej korzy\u015bci czy w\u0142asnych pogl\u0105d\u00f3w, nie bacz\u0105c na prawa innych\u201d. Gdy nie uznaje si\u0119 prawdy o cz\u0142owieku, \u201eto \u017cycie publiczne ulega wp\u0142ywom interes\u00f3w i si\u0142, a demokracja traci sens\u201d.&nbsp;W\u00f3wczas cz\u0142owiek jest szanowany tylko na ile nie zagra\u017ca egoistycznym celom innych os\u00f3b (CA 44, 46, 47).<\/p>\n\n\n\n<p><strong>4.&nbsp;Troska o warto\u015bci i dobro wsp\u00f3lne<\/strong><\/p>\n\n\n\n<p>Podstaw\u0105 systemu demokratycznego s\u0105 warto\u015bci, kt\u00f3re wynikaj\u0105 z poszanowania godno\u015bci osoby ludzkiej. Partie polityczne nie mog\u0105 stawia\u0107 siebie ponad warto\u015bciami, nie uznaj\u0105c obiektywnego kryterium dobra i z\u0142a. W tym miejscu nale\u017cy przypomnie\u0107 s\u0142owa papie\u017ca:&nbsp;\u201eHistoria uczy, i\u017c demokracja bez warto\u015bci \u0142atwo przemienia si\u0119 w jawny lub zakamuflowany totalitaryzm\u201d (CA 46).<\/p>\n\n\n\n<p>Cz\u0142owiek przeznaczony jest do \u017cycia wsp\u00f3lnotowego. Pa\u0144stwo jako wsp\u00f3lnota ludzi, aby mog\u0142o si\u0119 rozwija\u0107, potrzebuje odpowiednich warunk\u00f3w. Szlachetne cele winny by\u0107 rozpatrywane i realizowane w oparciu o kryterium sprawiedliwo\u015bci, prawdy, etyki i godno\u015bci cz\u0142owieka, a nie wed\u0142ug sprawczej i finansowej si\u0142y r\u00f3\u017cnorakich grup czy partii (CA 46).<\/p>\n\n\n\n<p>Bior\u0105c pod uwag\u0119 przemy\u015blenia i rady papie\u017ca Jana Paw\u0142a II, w zwi\u0105zku ze zbli\u017caj\u0105cymi si\u0119 wyborami na urz\u0105d Prezydenta Rzeczypospolitej Polskiej, Rada Konferencji Episkopatu Polski ds. Spo\u0142ecznych zach\u0119ca do jak najliczniejszego w nich udzia\u0142u tak, by w powszechny i odpowiedzialny spos\u00f3b wskaza\u0107 osob\u0119 godn\u0105 tego politycznie wa\u017cnego stanowiska. Katolicy, a tak\u017ce inne osoby, kt\u00f3rym le\u017cy na sercu dobro Ojczyzny, powinni w swoim akcie wyborczym kierowa\u0107 si\u0119 zasadami, kt\u00f3re \u017cycie indywidualne i spo\u0142eczne czyni\u0105 godnym i szcz\u0119\u015bliwym. Te zasady w swoim nauczaniu wskazywa\u0142 \u015bw. Jan Pawe\u0142 II.<\/p>\n\n\n\n<p>Pomoc\u0105 w rozeznaniu, jak g\u0142osowa\u0107, mo\u017ce by\u0107 tak\u017ce przygotowane przez Rad\u0119 KEP ds. Spo\u0142ecznych\u00a0<em>Vademecum wyborcze katolika<\/em>\u00a0opublikowane na stronach Konferencji Episkopatu Polski 21 wrze\u015bnia 2023 roku:\u00a0<a href=\"https:\/\/episkopat.pl\/doc\/214370.vademecum-wyborcze-katolika-dokument-rady-ds-spolecznych-kep\" target=\"_blank\" rel=\"noreferrer noopener\">https:\/\/episkopat.pl\/doc\/214370.vademecum-wyborcze-katolika-dokument-rady-ds-spolecznych-kep<\/a>. Zach\u0119camy do zapoznania si\u0119 z tym dokumentem.<\/p>\n\n\n\n<p>Przypominamy r\u00f3wnie\u017c, \u017ce udzia\u0142 w wyborach jest nie tylko powinno\u015bci\u0105 obywatelsk\u0105, ale te\u017c obowi\u0105zkiem katolika i ka\u017cdego zatroskanego o dobro wsp\u00f3lne.<\/p>\n\n\n\n<p><em>Bp Marian Florczyk<br>Przewodnicz\u0105cy Rady Konferencji Episkopatu Polski ds. Spo\u0142ecznych<\/em><\/p>\n\n\n\n<p>Warszawa, 2 maja 2025 roku<\/p>\n\n\n\n<p><strong>MODLITWY DO \u015aW. ANDRZEJA BOBOLI<\/strong><\/p>\n\n\n\n<p><br>I. O DAR JEDNO\u015aCI I POKOJU<br>\u015awi\u0119ty Andrzeju Bobolo, Patronie jedno\u015bci,<br>Jeden jest B\u00f3g i Ojciec wszystkich, kt\u00f3ry [jest i dzia\u0142a] ponad wszystkimi, przez wszystkich i we wszystkich. Na fundamencie tych s\u0142\u00f3w \u015awi\u0119tego Paw\u0142a przez wieki budowa\u0142e\u015b wok\u00f3\u0142 siebie wsp\u00f3lnot\u0119 ludzi oddanych Bogu i bli\u017anim. Towarzyszy\u0142e\u015b Polsce w prze\u0142omowych momentach historii, krzepi\u0105c kolejne pokolenia, dodaj\u0105c otuchy i nadziei. Pragniemy wraz z Tob\u0105 i \u015awi\u0119tymi naszego kraju tworzy\u0107 wsp\u00f3lnot\u0119, w kt\u00f3rej jest miejsce dla ka\u017cdego. Przez Twoje wstawiennictwo prosimy o \u0142aski Ducha \u015awi\u0119tego potrzebne w kszta\u0142towaniu solidarnego \u015bwiata dla nas i przysz\u0142ych pokole\u0144.<br>Prosimy o\u00a0to przez Chrystusa, Pana naszego. Amen.<\/p>\n\n\n\n<pre class=\"wp-block-code\"><code>II. O JEDNO\u015a\u0106 W CHRYSTUSOWYM KO\u015aCIELE<\/code><\/pre>\n\n\n\n<p>\u015awi\u0119ty Andrzeju Bobolo, kt\u00f3ry odda\u0142e\u015b swe \u017cycie za wiar\u0119,<br>\u017ce Jezus Chrystus \u0142\u0105czy nas, ludzi, ponad podzia\u0142ami,<br>modlimy si\u0119 za Twoim wstawiennictwem o jedno\u015b\u0107 i pok\u00f3j<br>w Chrystusowym Ko\u015bciele, w naszym Narodzie i Rodzinach, w nas samych.<\/p>\n\n\n\n<p>\u015awi\u0119ty Andrzeju Bobolo, kt\u00f3ry czas swego \u017cycia po\u015bwi\u0119ci\u0142e\u015b<br>przekazywaniu Dobrej Nowiny tym, kt\u00f3rzy jej nie znali,<br>modlimy si\u0119 o zdolno\u015b\u0107 wzajemnego szacunku<br>i umiej\u0119tno\u015b\u0107 prowadzenia pokojowego dialogu ze wszystkimi.<\/p>\n\n\n\n<p>\u015awi\u0119ty Andrzeju Bobolo, Patronie Jedno\u015bci,<br>kt\u00f3ry pochyla\u0142e\u015b si\u0119 nad ubogimi, dziel\u0105c si\u0119 z nimi kawa\u0142kiem pielgrzymiego chleba,<br>modlimy si\u0119 o gor\u0105ce wsp\u00f3\u0142czucie i mi\u0142osierdzie dla tych,<br>kt\u00f3rzy potrzebuj\u0105 naszej pomocy.<\/p>\n\n\n\n<p>\u015awi\u0119ty Andrzeju Bobolo,<br>kt\u00f3ry przez ca\u0142e \u017cycie walczy\u0142e\u015b ze s\u0142abo\u015bciami, osi\u0105gaj\u0105c najwy\u017cszy stopie\u0144 cn\u00f3t,<br>modlimy si\u0119 o \u0142ask\u0119 przemiany&nbsp;naszych serc<br>oraz wzrastania w mi\u0142o\u015bci i prawdzie w drodze do Kr\u00f3lestwa Bo\u017cego. Amen.<\/p>\n\n\n\n<p>Za zgod\u0105 Kurii Metropolitalnej Warszawskiej&nbsp;<br>z dnia 29.04.2022\/Nr 906\/D\/2022.<\/p>\n\n\n\n<div style=\"height:40px\" aria-hidden=\"true\" class=\"wp-block-spacer\"><\/div>\n","protected":false},"excerpt":{"rendered":"","protected":false},"author":3,"featured_media":8754,"comment_status":"closed","ping_status":"closed","sticky":false,"template":"","format":"standard","meta":{"_lmt_disableupdate":"","_lmt_disable":"","footnotes":""},"categories":[1],"tags":[],"class_list":["post-8753","post","type-post","status-publish","format-standard","has-post-thumbnail","hentry","category-bez-kategorii"],"_links":{"self":[{"href":"https:\/\/swiety-jozef.pl\/index.php\/wp-json\/wp\/v2\/posts\/8753","targetHints":{"allow":["GET"]}}],"collection":[{"href":"https:\/\/swiety-jozef.pl\/index.php\/wp-json\/wp\/v2\/posts"}],"about":[{"href":"https:\/\/swiety-jozef.pl\/index.php\/wp-json\/wp\/v2\/types\/post"}],"author":[{"embeddable":true,"href":"https:\/\/swiety-jozef.pl\/index.php\/wp-json\/wp\/v2\/users\/3"}],"replies":[{"embeddable":true,"href":"https:\/\/swiety-jozef.pl\/index.php\/wp-json\/wp\/v2\/comments?post=8753"}],"version-history":[{"count":3,"href":"https:\/\/swiety-jozef.pl\/index.php\/wp-json\/wp\/v2\/posts\/8753\/revisions"}],"predecessor-version":[{"id":8757,"href":"https:\/\/swiety-jozef.pl\/index.php\/wp-json\/wp\/v2\/posts\/8753\/revisions\/8757"}],"wp:featuredmedia":[{"embeddable":true,"href":"https:\/\/swiety-jozef.pl\/index.php\/wp-json\/wp\/v2\/media\/8754"}],"wp:attachment":[{"href":"https:\/\/swiety-jozef.pl\/index.php\/wp-json\/wp\/v2\/media?parent=8753"}],"wp:term":[{"taxonomy":"category","embeddable":true,"href":"https:\/\/swiety-jozef.pl\/index.php\/wp-json\/wp\/v2\/categories?post=8753"},{"taxonomy":"post_tag","embeddable":true,"href":"https:\/\/swiety-jozef.pl\/index.php\/wp-json\/wp\/v2\/tags?post=8753"}],"curies":[{"name":"wp","href":"https:\/\/api.w.org\/{rel}","templated":true}]}}