{"id":8739,"date":"2025-05-10T20:42:38","date_gmt":"2025-05-10T18:42:38","guid":{"rendered":"https:\/\/swiety-jozef.pl\/?p=8739"},"modified":"2025-05-10T20:42:40","modified_gmt":"2025-05-10T18:42:40","slug":"ogloszenia-duszpasterskie-11-05-2025-r","status":"publish","type":"post","link":"https:\/\/swiety-jozef.pl\/index.php\/2025\/05\/10\/ogloszenia-duszpasterskie-11-05-2025-r\/","title":{"rendered":"Og\u0142oszenia duszpasterskie 11.05.2025 r."},"content":{"rendered":"\n<!--more-->\n\n\n\n<p class=\"has-text-align-right\">Nowa S\u00f3l 11.05.2025<\/p>\n\n\n\n<h4 class=\"wp-block-heading has-text-align-center\">Og\u0142oszenia duszpasterskie<br>IV NIEDZIELA Wielkanocna rok C<br>Niedziela DOBREGO PASTERZA<\/h4>\n\n\n\n<div style=\"height:25px\" aria-hidden=\"true\" class=\"wp-block-spacer\"><\/div>\n\n\n\n<ol class=\"wp-block-list\">\n<li><strong>8 maja 2025 podczas drugiego dnia konklawe<\/strong><strong>, w czwartym g\u0142osowaniu kard. \u00a0<\/strong><strong>Robert Francis Prevost <\/strong><strong>zosta\u0142 wybrany biskupem Rzymu<\/strong><strong>\u00a0\u2013 267 papie\u017cem<\/strong><strong>. Przyj\u0105\u0142 imi\u0119 Leon XIV. Tradycyjny bia\u0142y dym, obwieszczaj\u0105cy \u015bwiatu wyb\u00f3r nowej g\u0142owy Ko\u015bcio\u0142a katolickiego, pojawi\u0142 si\u0119 o godz. 18<\/strong><sup><strong>08<\/strong><\/sup><strong>. Dzisiaj na zako\u0144czenie mszy \u015bw. bp. Tadeusz zaprasza diecezjan do modlitwy w intencji Papie\u017ca.<\/strong><\/li>\n\n\n\n<li><strong>Dzisiaj IV niedziel\u0119 Niedziela Wielkanocna \u2013 Dobrego Pasterza \u2013 szczeg\u00f3lny dzie\u0144 modlitw o powa\u0142ania do kap\u0142a\u0144stwa i zakonu.<\/strong><\/li>\n\n\n\n<li><strong>Spotkanie z rodzicami dzieci klas IV w ramach przygotowania do rocznicy I Komunii \u015bw. odb\u0119dzie dzisiaj na Mszy \u015bw. o godz. 11<\/strong><sup><strong>00<\/strong><\/sup><\/li>\n\n\n\n<li><strong>Spotkanie z Rodzicami dzieci klas III w ramach przygotowania do I Komunii \u015bw. odb\u0119dzie w przysz\u0142\u0105 niedziele na Mszy \u015bw. o godz. 11<\/strong><sup><strong>00<\/strong><\/sup><\/li>\n\n\n\n<li><strong>W tym tygodniu odb\u0119d\u0105 si\u0119 spotkania z dzie\u0107mi przed I Komuni\u0105 \u015bw. Spotkania rozpoczynaj\u0105 si\u0119 <\/strong><strong>punktualnie o godz. 16<\/strong><sup><u><strong>30<\/strong><\/u><\/sup><\/li>\n<\/ol>\n\n\n\n<ul class=\"wp-block-list\">\n<li><strong>&#8211; <\/strong><strong>klasa 3C, 3D, SP 2 &#8211; poniedzia\u0142ek i \u015broda<\/strong><\/li>\n<\/ul>\n\n\n\n<ul class=\"wp-block-list\">\n<li><strong>&#8211; <\/strong><strong>klasa 3A i 3B &#8211; wtorek i czwartek<\/strong><\/li>\n<\/ul>\n\n\n\n<ol start=\"6\" class=\"wp-block-list\">\n<li><strong>Nabo\u017ce\u0144stwa Majowe w dni powszednie o godz. 17<\/strong><sup><strong>30<\/strong><\/sup><strong>\u00a0w niedziele o godz. 18<\/strong><sup><strong>00<\/strong><\/sup><strong>. Dzieci prosimy aby na nabo\u017ce\u0144stwa majowe przynosi\u0142y kwiatki, kt\u00f3re umie\u015bcimy przed figur\u0105 Matki Bo\u017cej.<\/strong><\/li>\n\n\n\n<li><strong>W \u015brod\u0119 o godz. 18<\/strong><sup><strong>00 <\/strong><\/sup><strong>nowenna do MB Nieustaj\u0105cej Pomocy i \u015bw. J\u00f3zefa.<\/strong><\/li>\n\n\n\n<li><strong>W \u015brod\u0119 \u015awi\u0119tego Aposto\u0142a Macieja &#8211; \u015bwi\u0119to<\/strong><\/li>\n\n\n\n<li><strong>W pi\u0105tek \u015aw. Andrzeja Boboli, prezbitera, m\u0119czennika, patrona Polski \u2013 \u015bwi\u0119to.<\/strong><\/li>\n\n\n\n<li><strong>Dzieci klas II po Mszy \u015bw. zapraszamy do kaplicy, dzieci klas III prosimy o pozostanie w ko\u015bciele.<\/strong><\/li>\n\n\n\n<li> <strong>Zapraszamy na piesz\u0105 Pielgrzymk\u0119 powo\u0142aniow\u0105 z Parady\u017ca do Rokitna 17 maja. Zapisy w zakrystii. Wi\u0119cej informacji na plakatach.<\/strong><\/li>\n\n\n\n<li><strong>Organizujemy wyjazd na Diecezjalny Dzie\u0144 Dziecka, kt\u00f3ry odb\u0119dzie si\u0119 31 maja 2025 r. (sobota) w Sanktuarium Matki Bo\u017cej Cierpliwie S\u0142uchaj\u0105cej w Rokitnie. Zapisy w zakrystii.<\/strong><\/li>\n\n\n\n<li><strong>W Roku Jubileuszowym organizujemy w dniach od 06 do 14.09.2025 autokarem pielgrzymk\u0119 do Rzymu i innych miast w\u0142oskich. CENA: 3 890 PLN\/os. plus 190 euro wej\u015bci\u00f3wki<\/strong>.<\/li>\n<\/ol>\n\n\n\n<p><strong>Osoby zainteresowane wyjazdem na pielgrzymk\u0119 mog\u0105 r\u00f3wnie\u017c kontaktowa\u0107 si\u0119 telefonicznie, telefon 609 131&nbsp;799. Program pielgrzymki w gablocie i na stronie internetowej parafii.<\/strong><\/p>\n\n\n\n<ol start=\"14\" class=\"wp-block-list\">\n<li><strong>Kurs przedma\u0142\u017ce\u0144ski odb\u0119dzie si\u0119 w dniach 10-11; 17-18 maja. Nauki w parafiach: 10V \u015bw. Micha\u0142a godz 18<\/strong><sup><strong>45<\/strong><\/sup><strong>; 11V \u015bw. J\u00f3zefa godz. 19<\/strong><sup><strong>30<\/strong><\/sup><strong>; 17V \u015bw. Antoni godz. 19<\/strong><sup><strong>30<\/strong><\/sup><strong>; 18V par. Plesz\u00f3wek godz. 18<\/strong><sup><strong>45<\/strong><\/sup><\/li>\n\n\n\n<li><strong><em>Dzi\u0119kujemy za ofiary na tac\u0119 i za przelewy na konto parafii. B\u00f3g Zap\u0142a\u0107. Numer konta bankowego parafii: 58 9673 0007 0000 0300 4864 0001. <\/em><\/strong><strong>B\u00f3g zap\u0142a\u0107.<\/strong><\/li>\n\n\n\n<li><strong>Dzi\u0119kuj\u0119 2 osobom zam. <\/strong><strong>ul. Staszica nr. 7 i blok nr 9 i 2 osobom<\/strong><strong> ch\u0119tnym za posprz\u0105tanie ko\u015bcio\u0142a i ofiary na kwiaty. Msza \u015bw. za te osoby 5.06.2024 o godz. 7<\/strong><sup><strong>00<\/strong><\/sup><\/li>\n\n\n\n<li><strong>W sobot\u0119 na godz. 9<\/strong><sup><strong>00<\/strong><\/sup><strong> do sprz\u0105tania ko\u015bcio\u0142a prosz\u0119 wiernych zam. ul. Staszica nr. 11 i blok nr 13<\/strong><\/li>\n\n\n\n<li><strong>Zach\u0119camy do zakupu i lektury prasy katolickiej: Tygodnika NIEDZIELA, GO\u015a\u0106 NIEDZIELNY.<\/strong><\/li>\n\n\n\n<li><strong>W minionym tygodniu z naszej parafii zmar\u0142: +<\/strong>Sabina<strong> Malinowska <\/strong>z ul. Staszica; +<strong> <\/strong>Ryszard <strong>Korycki <\/strong>z ul. Kasprowicza. <strong>Pami\u0119tajmy o naszych zmar\u0142ych polecaj\u0105c ich Bo\u017cemu Mi\u0142osierdziu<\/strong><\/li>\n\n\n\n<li><strong>Pozdrawiamy wszystkich chorych, pami\u0119tamy o Was w modlitwie, \u017cycz\u0105c szybkiego powrotu do zdrowia.<\/strong><\/li>\n<\/ol>\n\n\n\n<ol start=\"20\" class=\"wp-block-list\"><\/ol>\n\n\n\n<p><strong>Wszystkim parafianom<\/strong><strong> i go\u015bciom \u017cyczymy dobrej niedzieli i Bo\u017cego b\u0142ogos\u0142awie\u0144stwa.<\/strong><\/p>\n\n\n\n<p class=\"has-text-align-right\">Ks. Krzysztof Kocz<br>Proboszcz<\/p>\n\n\n\n<div style=\"height:40px\" aria-hidden=\"true\" class=\"wp-block-spacer\"><\/div>\n","protected":false},"excerpt":{"rendered":"","protected":false},"author":3,"featured_media":3316,"comment_status":"closed","ping_status":"closed","sticky":false,"template":"","format":"standard","meta":{"_lmt_disableupdate":"","_lmt_disable":"","footnotes":""},"categories":[19],"tags":[],"class_list":["post-8739","post","type-post","status-publish","format-standard","has-post-thumbnail","hentry","category-ogloszenia"],"_links":{"self":[{"href":"https:\/\/swiety-jozef.pl\/index.php\/wp-json\/wp\/v2\/posts\/8739","targetHints":{"allow":["GET"]}}],"collection":[{"href":"https:\/\/swiety-jozef.pl\/index.php\/wp-json\/wp\/v2\/posts"}],"about":[{"href":"https:\/\/swiety-jozef.pl\/index.php\/wp-json\/wp\/v2\/types\/post"}],"author":[{"embeddable":true,"href":"https:\/\/swiety-jozef.pl\/index.php\/wp-json\/wp\/v2\/users\/3"}],"replies":[{"embeddable":true,"href":"https:\/\/swiety-jozef.pl\/index.php\/wp-json\/wp\/v2\/comments?post=8739"}],"version-history":[{"count":2,"href":"https:\/\/swiety-jozef.pl\/index.php\/wp-json\/wp\/v2\/posts\/8739\/revisions"}],"predecessor-version":[{"id":8741,"href":"https:\/\/swiety-jozef.pl\/index.php\/wp-json\/wp\/v2\/posts\/8739\/revisions\/8741"}],"wp:featuredmedia":[{"embeddable":true,"href":"https:\/\/swiety-jozef.pl\/index.php\/wp-json\/wp\/v2\/media\/3316"}],"wp:attachment":[{"href":"https:\/\/swiety-jozef.pl\/index.php\/wp-json\/wp\/v2\/media?parent=8739"}],"wp:term":[{"taxonomy":"category","embeddable":true,"href":"https:\/\/swiety-jozef.pl\/index.php\/wp-json\/wp\/v2\/categories?post=8739"},{"taxonomy":"post_tag","embeddable":true,"href":"https:\/\/swiety-jozef.pl\/index.php\/wp-json\/wp\/v2\/tags?post=8739"}],"curies":[{"name":"wp","href":"https:\/\/api.w.org\/{rel}","templated":true}]}}