{"id":8735,"date":"2025-05-03T21:43:01","date_gmt":"2025-05-03T19:43:01","guid":{"rendered":"https:\/\/swiety-jozef.pl\/?p=8735"},"modified":"2025-05-03T21:43:03","modified_gmt":"2025-05-03T19:43:03","slug":"intencje-mszalne-04-05-11-05-2025-r","status":"publish","type":"post","link":"https:\/\/swiety-jozef.pl\/index.php\/2025\/05\/03\/intencje-mszalne-04-05-11-05-2025-r\/","title":{"rendered":"Intencje mszalne 04.05. \u2013 11.05.2025 r."},"content":{"rendered":"\n<!--more-->\n\n\n\n<div style=\"height:25px\" aria-hidden=\"true\" class=\"wp-block-spacer\"><\/div>\n\n\n\n<p class=\"has-vivid-red-color has-text-color has-link-color wp-elements-f233011a9a4532069ce9cedaf92c8493\"><strong>Niedziela 4.05.25r.<\/strong><\/p>\n\n\n\n<p>7.30. 1. W int. cz\u0142onki\u0144 R\u00f3\u017cy NMP Kr\u00f3lowej Polski o \u0142aski zdrowia i b\u0142. Bo\u017ce, a dla zm. o rado\u015b\u0107 Nieba<\/p>\n\n\n\n<p>2. Dz.-b\u0142. Irena Drutel z ok. im. o Bo\u017ce b\u0142og int. od R\u00f3\u017cy MB Klenickiej<\/p>\n\n\n\n<p>9.30. 1. +Iwona Sebastian<\/p>\n\n\n\n<p>2. +Maria, W\u0142adys\u0142aw i zm. z rodz. Krawczyk<\/p>\n\n\n\n<p>11.00. 1. +J\u00f3zef Skalski greg. 4<\/p>\n\n\n\n<p>2. Dz-b\u0142. rodziny Joanny i Micha\u0142a ich dzieci dla Hani \u2013 maturzystki o Bo\u017ce b\u0142ogos\u0142.<\/p>\n\n\n\n<p>12.30. 1. Za stra\u017cak\u00f3w dniu \u015bw. Floriana i parafian.<\/p>\n\n\n\n<p>14.00. 1. +Aniela Pasternak<\/p>\n\n\n\n<p>2. Dz- b\u0142 z ok. 60 rocz. ur. Edward Roma\u0144ski z pro\u015bb\u0105 o b\u0142. Bo\u017ce i zdrowie na dalsze lata \u017cycia<\/p>\n\n\n\n<p>18.30. 1. +Julianna Wi\u015bniewska greg 15<\/p>\n\n\n\n<div style=\"height:25px\" aria-hidden=\"true\" class=\"wp-block-spacer\"><\/div>\n\n\n\n<p><strong>Poniedzia\u0142ek 5.05.25r.<\/strong><\/p>\n\n\n\n<p>7.00. 1. Dz. &#8211; b\u0142 w intencji Waldemara z okazji imienin<\/p>\n\n\n\n<p>2. +J\u00f3zef Skalski greg 5<\/p>\n\n\n\n<p>18.00. 1. +Helena i Edward Kuczy\u0144ski i zm. z rodziny<\/p>\n\n\n\n<p>2. +Julianna Wi\u015bniewska greg 16<\/p>\n\n\n\n<div style=\"height:25px\" aria-hidden=\"true\" class=\"wp-block-spacer\"><\/div>\n\n\n\n<p><strong>Wtorek 6.05.25r.<\/strong><\/p>\n\n\n\n<p>7.00. 1. +Julianna Wi\u015bniewska greg 17<\/p>\n\n\n\n<p>2. +Jadwiga K\u0119piak w 20 rocz. \u015bmierci<\/p>\n\n\n\n<p>3. +J\u00f3zef Skalski greg 6<\/p>\n\n\n\n<p>18.00. 1. +Tadeusz Stefura w 2 rocz. \u015bm. i zm. z rodziny Lewandowskich<\/p>\n\n\n\n<p>2. +Stefania \/ona\/, Ludwik Pojnar i zm. z rodz.<\/p>\n\n\n\n<div style=\"height:25px\" aria-hidden=\"true\" class=\"wp-block-spacer\"><\/div>\n\n\n\n<p><strong>\u015aroda 7.05.25r.<\/strong><\/p>\n\n\n\n<p>7.00. 1. +Julianna Wi\u015bniewska greg 18<\/p>\n\n\n\n<p>2. Dz. &#8211; b\u0142. Anna Wasilewska 70 r. ur. \u2013 z pro\u015bb\u0105 o Bo\u017ce b\u0142ogos\u0142. i opiek\u0119 Matki Bo\u017cej<\/p>\n\n\n\n<p>3. +J\u00f3zef Skalski greg 7<\/p>\n\n\n\n<p>18.00. 1. W int. Mariola Stu\u0142a, Irena \u0141uczak z ok. im. od R\u00f3\u017cy \u015bw. Katarzyny<\/p>\n\n\n\n<p>2. W int. Stanis\u0142awa \/ona\/ Kowalczuk z ok. im. od R\u00f3\u017cy NMP Kr\u00f3lowej Polski<\/p>\n\n\n\n<div style=\"height:25px\" aria-hidden=\"true\" class=\"wp-block-spacer\"><\/div>\n\n\n\n<p><strong>Czwartek 8.05.25r.<\/strong><\/p>\n\n\n\n<p>7.00. 1. +Stanis\u0142aw Madali\u0144ski, ++z rodziny<\/p>\n\n\n\n<p>2. +J\u00f3zef Skalski greg 8<\/p>\n\n\n\n<p>18.00. 1. +Leon Grzegorczyk i zm. z rodziny Grzegorczyk i Rusieckich<\/p>\n\n\n\n<p>2. +Julianna Wi\u015bniewska greg 19<\/p>\n\n\n\n<div style=\"height:25px\" aria-hidden=\"true\" class=\"wp-block-spacer\"><\/div>\n\n\n\n<p><strong>Pi\u0105tek 9.05.25r.<\/strong><\/p>\n\n\n\n<p>7.00. 1. +Anna Zastawa w 2 rocz. \u015bmierci i zm. z R\u00f3\u017cy \u015bw. Anny<\/p>\n\n\n\n<p>2. +Przemek Przyby\u0142a od uczestnik\u00f3w pogrzebu<\/p>\n\n\n\n<p>3. +J\u00f3zef Skalski greg.9<\/p>\n\n\n\n<p>18.00. 1. +Mieczys\u0142aw Kostecki w 19 rocz. \u015bmierci<\/p>\n\n\n\n<p>2. +Julianna Wi\u015bniewska greg 20<\/p>\n\n\n\n<div style=\"height:25px\" aria-hidden=\"true\" class=\"wp-block-spacer\"><\/div>\n\n\n\n<p><strong>Sobota 10.05.25r.<\/strong><\/p>\n\n\n\n<p>7.00. 1. +Julianna Wi\u015bniewska greg 21<\/p>\n\n\n\n<p>2. ++z Rodz. Wycz\u00f3\u0142kowskich, Szczotarskich, Gerlach\u00f3w i Mikulskich<\/p>\n\n\n\n<p>3. +J\u00f3zef Skalski greg 10<\/p>\n\n\n\n<p>18.00. 1. W int. Helena, Urszula, Damian, Alan, Daria, Dorian, Dawid, Szymon o b\u0142. Bo\u017ce, potrzebne \u0142aski na dalsze lata \u017cycia<\/p>\n\n\n\n<p>2. +Ewa Mosbauer<\/p>\n\n\n\n<div style=\"height:25px\" aria-hidden=\"true\" class=\"wp-block-spacer\"><\/div>\n\n\n\n<p class=\"has-vivid-red-color has-text-color has-link-color wp-elements-1cbab2f6c699d9b8fe68591052732eda\"><strong>Niedziela 11.05.25r.<\/strong><\/p>\n\n\n\n<p>7.30. 1. +Kazimiera Binczarowska w 8 rocz. \u015bm. i zm. z rodziny<\/p>\n\n\n\n<p>2. ++Krystyna Pie\u015blak 4 rocz. \u015bm., ++ z rodziny Pie\u015blak<\/p>\n\n\n\n<p>9.30. 1. +Janina Kub\u00f3w \u2013 p\u00f3\u0142 roku po \u015bm.<\/p>\n\n\n\n<p>2. +Wojciech Futko 4 r. \u015bm.<\/p>\n\n\n\n<p>11.00. 1. W int. Zofia w 1 rocz. urodzin, dzi\u0119kczynna z pro\u015bb\u0105 o b\u0142. Bo\u017ce na dalsze lata \u017cycia<\/p>\n\n\n\n<p>2. +Stanis\u0142aw Babij<\/p>\n\n\n\n<p>12.30. 1. Za parafian<\/p>\n\n\n\n<p>14.00. 1.+Julianna Wi\u015bniewska greg 22<\/p>\n\n\n\n<p>2. +Eugeniusz M\u0142ynarczyk w 40 rocz. \u015bmierci, J\u00f3zef M\u0142ynarczyk w 9 rocz. \u015bmierci, Wies\u0142awa M\u0142ynarczyk w 6 rocz. \u015bmierci i Marcin Grzelak w 1 rocz. \u015bmierci<\/p>\n\n\n\n<p>18.30. 1. +Adam Pola\u0144czyk w 3 rocz. \u015bmierci<\/p>\n\n\n\n<p>2. +J\u00f3zef Skalski greg 11<\/p>\n\n\n\n<div style=\"height:40px\" aria-hidden=\"true\" class=\"wp-block-spacer\"><\/div>\n","protected":false},"excerpt":{"rendered":"","protected":false},"author":3,"featured_media":4429,"comment_status":"closed","ping_status":"closed","sticky":false,"template":"","format":"standard","meta":{"_lmt_disableupdate":"","_lmt_disable":"","footnotes":""},"categories":[20],"tags":[],"class_list":["post-8735","post","type-post","status-publish","format-standard","has-post-thumbnail","hentry","category-intencje"],"_links":{"self":[{"href":"https:\/\/swiety-jozef.pl\/index.php\/wp-json\/wp\/v2\/posts\/8735","targetHints":{"allow":["GET"]}}],"collection":[{"href":"https:\/\/swiety-jozef.pl\/index.php\/wp-json\/wp\/v2\/posts"}],"about":[{"href":"https:\/\/swiety-jozef.pl\/index.php\/wp-json\/wp\/v2\/types\/post"}],"author":[{"embeddable":true,"href":"https:\/\/swiety-jozef.pl\/index.php\/wp-json\/wp\/v2\/users\/3"}],"replies":[{"embeddable":true,"href":"https:\/\/swiety-jozef.pl\/index.php\/wp-json\/wp\/v2\/comments?post=8735"}],"version-history":[{"count":1,"href":"https:\/\/swiety-jozef.pl\/index.php\/wp-json\/wp\/v2\/posts\/8735\/revisions"}],"predecessor-version":[{"id":8736,"href":"https:\/\/swiety-jozef.pl\/index.php\/wp-json\/wp\/v2\/posts\/8735\/revisions\/8736"}],"wp:featuredmedia":[{"embeddable":true,"href":"https:\/\/swiety-jozef.pl\/index.php\/wp-json\/wp\/v2\/media\/4429"}],"wp:attachment":[{"href":"https:\/\/swiety-jozef.pl\/index.php\/wp-json\/wp\/v2\/media?parent=8735"}],"wp:term":[{"taxonomy":"category","embeddable":true,"href":"https:\/\/swiety-jozef.pl\/index.php\/wp-json\/wp\/v2\/categories?post=8735"},{"taxonomy":"post_tag","embeddable":true,"href":"https:\/\/swiety-jozef.pl\/index.php\/wp-json\/wp\/v2\/tags?post=8735"}],"curies":[{"name":"wp","href":"https:\/\/api.w.org\/{rel}","templated":true}]}}