{"id":8733,"date":"2025-05-03T21:39:49","date_gmt":"2025-05-03T19:39:49","guid":{"rendered":"https:\/\/swiety-jozef.pl\/?p=8733"},"modified":"2025-05-04T06:10:33","modified_gmt":"2025-05-04T04:10:33","slug":"ogloszenia-duszpasterskie-04-05-2025-r","status":"publish","type":"post","link":"https:\/\/swiety-jozef.pl\/index.php\/2025\/05\/03\/ogloszenia-duszpasterskie-04-05-2025-r\/","title":{"rendered":"Og\u0142oszenia duszpasterskie 04.05.2025 r."},"content":{"rendered":"\n<!--more-->\n\n\n\n<p class=\"has-text-align-right\">Nowa S\u00f3l 04.05.2025<\/p>\n\n\n\n<h4 class=\"wp-block-heading has-text-align-center\">Og\u0142oszenia duszpasterskie<br>III NIEDZIELA Wielkanocna rok C<br>Niedziela BIBLIJNA<\/h4>\n\n\n\n<div style=\"height:25px\" aria-hidden=\"true\" class=\"wp-block-spacer\"><\/div>\n\n\n\n<ol class=\"wp-block-list\">\n<li><strong>Dzisiaj III niedziela wielkanocna. Niedziela Biblijna, rozpoczynamy Tydzie\u0144 Biblijny, zach\u0119camy by w tym tygodniu na naszych sto\u0142ach le\u017ca\u0142a ksi\u0119ga Pisma \u015bw. i cz\u0119sto j\u0105 czytajmy. Zach\u0119camy by z okazji uroczysto\u015bci religijnych obdarowywa\u0107 dzieci i m\u0142odzie\u017c ksi\u0119g\u0105 Pisma \u015awi\u0119tego. <\/strong><\/li>\n\n\n\n<li><strong>Dzisiaj na Mszy \u015bw. o godz.&nbsp; 7<\/strong><sup><strong>30<\/strong><\/sup><strong>&nbsp;zmiana tajemnic \u017cywego R\u00f3\u017ca\u0144ca a po Mszy \u015bw. o godz. 18<\/strong><sup><strong>30&nbsp;<\/strong><\/sup><strong>nauka dla rodzic\u00f3w i chrzestnych przed chrztem \u015bw, dzieci<\/strong>.<\/li>\n\n\n\n<li><strong>Dzisiaj w naszym ko\u015bciele na mszy \u015bw. o godz. 12<\/strong><sup><strong>30<\/strong><\/sup><strong> uroczysto\u015bci Stra\u017cy Po\u017carnej ku czci \u015bw. Floriana<\/strong><\/li>\n\n\n\n<li>Za tydzie\u0144 Niedziela Dobrego Pasterza<\/li>\n\n\n\n<li><strong>Nabo\u017ce\u0144stwa Majowe w dni powszednie o godz. 17<\/strong><sup><strong>30<\/strong><\/sup><strong>&nbsp;w niedziele o godz. 18<\/strong><sup><strong>00<\/strong><\/sup><strong>. Dzieci prosimy aby na nabo\u017ce\u0144stwa majowe przynosi\u0142y kwiatki, kt\u00f3re umie\u015bcimy przed figur\u0105 Matki Bo\u017cej.<\/strong><\/li>\n\n\n\n<li><strong>W \u015brod\u0119 o godz. 18<\/strong><sup><strong>00 <\/strong><\/sup><strong>nowenna do MB Nieustaj\u0105cej Pomocy i \u015bw. J\u00f3zefa.<\/strong><\/li>\n\n\n\n<li><strong>W czwartek \u015aw. Stanis\u0142awa Bp. i m\u0119czennika, g\u0142\u00f3wnego patrona Polski<\/strong><\/li>\n\n\n\n<li>Spotkanie z Rodzic\u00f3w dzieci klas IV w ramach przygotowania do rocznicy I Komunii \u015bw. odb\u0119dzie w przysz\u0142\u0105 niedziele na Mszy \u015bw. o godz. 11<sup>00<\/sup><\/li>\n\n\n\n<li><strong>Spotkanie m\u0142odzie\u017cy przygotowuj\u0105cej do sakramentu bierzmowania: klasy VIII w czwartek, <\/strong><strong>klasy VII w pi\u0105tek<\/strong><strong>. Spotkanie rozpoczyna si\u0119 Msz\u0105 \u015bw. o godz. 18<\/strong><sup><strong>00<\/strong><\/sup><strong>.<\/strong><\/li>\n\n\n\n<li><strong>Chorych z pos\u0142ug\u0105 sakramentaln\u0105 <\/strong><strong>odwiedzimy w 2 sobot\u0119 maja<\/strong><strong>\u00a0\/10 maja\/,<\/strong> nowych chorych mo\u017cna zg\u0142asza\u0107 w zakrystii.<\/li>\n\n\n\n<li><strong>Dzieci klas II po Mszy \u015bw. zapraszamy do kaplicy, dzieci klas III prosimy o pozostanie w ko\u015bciele.<\/strong><\/li>\n\n\n\n<li><strong>W Roku Jubileuszowym organizujemy w dniach od 06 do 14.09.2025 autokarem pielgrzymk\u0119 do Rzymu i innych miast w\u0142oskich. CENA: 3 890 PLN\/os. plus 190 euro wej\u015bci\u00f3wki<\/strong>.<\/li>\n<\/ol>\n\n\n\n<p><strong>Osoby zainteresowane wyjazdem na pielgrzymk\u0119 mog\u0105 r\u00f3wnie\u017c kontaktowa\u0107 si\u0119 telefonicznie, telefon 609 131&nbsp;799. Program pielgrzymki w gablocie i na stronie internetowej parafii.<\/strong><\/p>\n\n\n\n<ol start=\"13\" class=\"wp-block-list\">\n<li><strong>Kurs przedma\u0142\u017ce\u0144ski odb\u0119dzie si\u0119 w dniach 10-11; 17-18 maja. Nauki w parafiach: 10V \u015bw. Micha\u0142a godz 18<\/strong><sup><strong>45<\/strong><\/sup><strong>; 11V \u015bw. J\u00f3zefa godz. 19<\/strong><sup><strong>30<\/strong><\/sup><strong>; 17V \u015bw. Antoni godz. 19<\/strong><sup><strong>30<\/strong><\/sup><strong>; 18V par. Plesz\u00f3wek godz. 18<\/strong><sup><strong>45<\/strong><\/sup><\/li>\n\n\n\n<li><strong><em>Dzi\u0119kujemy za ofiary na tac\u0119 i za przelewy na konto parafii. B\u00f3g Zap\u0142a\u0107. Numer konta bankowego parafii: 58 9673 0007 0000 0300 4864 0001. <\/em><\/strong><strong>B\u00f3g zap\u0142a\u0107.<\/strong><\/li>\n\n\n\n<li><strong>Dzi\u0119kuj\u0119 3 osobom doros\u0142ym i 1 dziecku zam. <\/strong><strong>ul. Staszica nr. 3 i blok nr 5 i 1 osobie<\/strong><strong> ch\u0119tnej za posprz\u0105tanie ko\u015bcio\u0142a. Msza \u015bw. za te osoby 30 .05.2024 o godz. 7<\/strong><sup><strong>00<\/strong><\/sup><\/li>\n\n\n\n<li><strong>W sobot\u0119 na godz. 9<\/strong><sup><strong>00<\/strong><\/sup><strong> do sprz\u0105tania ko\u015bcio\u0142a prosz\u0119 wiernych zam. ul. Staszica nr. 7 i blok nr 9<\/strong><\/li>\n\n\n\n<li><strong>Zach\u0119camy do zakupu i lektury prasy katolickiej: Tygodnika NIEDZIELA, GO\u015a\u0106 NIEDZIELNY.<\/strong><\/li>\n\n\n\n<li><strong>W minionym tygodniu z naszej parafii zmar\u0142: +J\u00f3zef Go\u0142\u0119biowski zam. ul. Kossaka<\/strong><\/li>\n\n\n\n<li><strong>Pozdrawiamy wszystkich chorych, pami\u0119tamy o Was w modlitwie, \u017cycz\u0105c szybkiego powrotu do zdrowia<\/strong><\/li>\n\n\n\n<li><strong>Dzi\u0119kuje za przygotowanie uroczysto\u015bci odpustowej: siostrze Marii za dekoracje ko\u015bcio\u0142a. Pani Zuzi, p. Markowi, p Mietkowi, p. Julkowi, p. Zbyszkowi za wolontariack\u0105 trosk\u0119 o pi\u0119kno placu przy naszym ko\u015bciele.<\/strong><\/li>\n\n\n\n<li>Serdeczne podzi\u0119kowanie naszemu parafialnemu <strong>ch\u00f3rowi i parafialnej orkiestrze.<\/strong> Dzi\u0119kuje scholii z Plesz\u00f3wka. Dzi\u0119kuj\u0119 <strong>ca\u0142ej s\u0142u\u017cbie liturgicznej<\/strong> o\u0142tarza, <strong>dzi\u0119kuj\u0119 paniom za upieczenie ciast, dzi\u0119kuj\u0119 za przygotowanie miejsca, pocz\u0119stunku i zabawy na odpustowe biesiadowanie. D<\/strong>zi\u0119kuj\u0119 za<strong> udekorowanie naszych mieszka\u0144 flagami religijnymi i narodowymi, dzi\u0119kuj\u0119<\/strong> <strong>wszystkim wsp\u00f3lnotom i wszystkim obecnym na wsp\u00f3lnym oddawaniu czci \u015bw. J\u00f3zefowi<\/strong>, kt\u00f3ry nieustannie otacza nas swoj\u0105 ojcowsk\u0105 opiek\u0105.<\/li>\n<\/ol>\n\n\n\n<p><strong>Wszystkim parafianom<\/strong><strong> i go\u015bciom \u017cyczymy dobrej niedzieli i Bo\u017cego b\u0142ogos\u0142awie\u0144stwa.<\/strong><\/p>\n\n\n\n<p class=\"has-text-align-right\">Ks. Krzysztof Kocz<br>Proboszcz<\/p>\n\n\n\n<div style=\"height:40px\" aria-hidden=\"true\" class=\"wp-block-spacer\"><\/div>\n","protected":false},"excerpt":{"rendered":"","protected":false},"author":3,"featured_media":3316,"comment_status":"closed","ping_status":"closed","sticky":false,"template":"","format":"standard","meta":{"_lmt_disableupdate":"","_lmt_disable":"","footnotes":""},"categories":[19],"tags":[],"class_list":["post-8733","post","type-post","status-publish","format-standard","has-post-thumbnail","hentry","category-ogloszenia"],"_links":{"self":[{"href":"https:\/\/swiety-jozef.pl\/index.php\/wp-json\/wp\/v2\/posts\/8733","targetHints":{"allow":["GET"]}}],"collection":[{"href":"https:\/\/swiety-jozef.pl\/index.php\/wp-json\/wp\/v2\/posts"}],"about":[{"href":"https:\/\/swiety-jozef.pl\/index.php\/wp-json\/wp\/v2\/types\/post"}],"author":[{"embeddable":true,"href":"https:\/\/swiety-jozef.pl\/index.php\/wp-json\/wp\/v2\/users\/3"}],"replies":[{"embeddable":true,"href":"https:\/\/swiety-jozef.pl\/index.php\/wp-json\/wp\/v2\/comments?post=8733"}],"version-history":[{"count":2,"href":"https:\/\/swiety-jozef.pl\/index.php\/wp-json\/wp\/v2\/posts\/8733\/revisions"}],"predecessor-version":[{"id":8737,"href":"https:\/\/swiety-jozef.pl\/index.php\/wp-json\/wp\/v2\/posts\/8733\/revisions\/8737"}],"wp:featuredmedia":[{"embeddable":true,"href":"https:\/\/swiety-jozef.pl\/index.php\/wp-json\/wp\/v2\/media\/3316"}],"wp:attachment":[{"href":"https:\/\/swiety-jozef.pl\/index.php\/wp-json\/wp\/v2\/media?parent=8733"}],"wp:term":[{"taxonomy":"category","embeddable":true,"href":"https:\/\/swiety-jozef.pl\/index.php\/wp-json\/wp\/v2\/categories?post=8733"},{"taxonomy":"post_tag","embeddable":true,"href":"https:\/\/swiety-jozef.pl\/index.php\/wp-json\/wp\/v2\/tags?post=8733"}],"curies":[{"name":"wp","href":"https:\/\/api.w.org\/{rel}","templated":true}]}}