{"id":8716,"date":"2025-04-13T08:15:45","date_gmt":"2025-04-13T06:15:45","guid":{"rendered":"https:\/\/swiety-jozef.pl\/?p=8716"},"modified":"2025-04-13T08:20:55","modified_gmt":"2025-04-13T06:20:55","slug":"triduum-paschalne-2025-rok","status":"publish","type":"post","link":"https:\/\/swiety-jozef.pl\/index.php\/2025\/04\/13\/triduum-paschalne-2025-rok\/","title":{"rendered":"TRIDUUM PASCHALNE 2025 Rok"},"content":{"rendered":"\n<!--more-->\n\n\n\n<div style=\"height:25px\" aria-hidden=\"true\" class=\"wp-block-spacer\"><\/div>\n\n\n\n<p><strong>TRIDUUM PASCHALNE<\/strong><\/p>\n\n\n\n<p>Msza Wieczerzy Pa\u0144skiej <strong>o godz. 19<\/strong><sup><strong>00 <\/strong><\/sup><strong>w<\/strong> <strong>WIELKI CZWARTEK<\/strong> &#8211; Jest to dzie\u0144 ustanowienia Sakrament\u00f3w: Eucharystii i Kap\u0142a\u0144stwa, po liturgii nast\u0119puje przeniesienie Pana Jezusa do ciemnicy i adoracja do godz. 22<sup>00<\/sup>.<\/p>\n\n\n\n<p><strong>WIELKI PI\u0104TEK<\/strong> &#8211; jest dniem \u015bmierci Pana Jezusa na krzy\u017cu, <strong>obowi\u0105zuje post \u015bcis\u0142y i abstynencja.<\/strong> <strong>Adoracj\u0119 rozpoczynamy od godz. 6<\/strong><sup><strong>30<\/strong><\/sup>. G<strong>odz. 15<\/strong><sup><strong>00 <\/strong><\/sup><strong>Drog\u0119 Krzy\u017cow\u0105<\/strong> jako ekspiacja za nasze grzech. <strong>Godz. 19<\/strong><sup><strong>00<\/strong><\/sup><strong>&nbsp;liturgia Wielkiego Pi\u0105tku<\/strong>, po\u015bwi\u0119cenie i przekazanie krzy\u017cy m\u0142odzie\u017cy przed sakramentem Bierzmowania, po zako\u0144czeniu liturgii przeniesienie Pana Jezusa do grobu i adoracja do godz. 23:00. Prosz\u0119 zadba\u0107 o krzy\u017ce i kapliczki.<\/p>\n\n\n\n<p><strong>WIELKA SOBOTA<\/strong> &#8211; Adoracja Pana Jezusa w grobie od godz. 6<sup>30<\/sup>&nbsp;przez ca\u0142y dzie\u0144. <strong>Po\u015bwi\u0119cenie pokarm\u00f3w wielkanocnych o godz. 9<\/strong><sup><strong>00<\/strong><\/sup><strong>&nbsp;do 15<\/strong><sup><strong>00<\/strong><\/sup><strong>. O pe\u0142nych godzinach<\/strong>. Jak w latach ubieg\u0142ych, przy po\u015bwi\u0119ceniu pokarm\u00f3w b\u0119d\u0105 zbierane ofiary na utrzymanie naszego Seminarium Duchownego.<em> Zach\u0119camy do wstrzemi\u0119\u017aliwo\u015bci od pokarm\u00f3w mi\u0119snych tak\u017ce w Wielk\u0105 Sobot\u0119.<\/em><br><strong>O godz. 20<\/strong><sup><strong>00<\/strong><\/sup><strong>&nbsp;Msza \u015awi\u0119ta Wigilii Paschalnej<\/strong> poprzedzona po\u015bwi\u0119ceniem ognia i pascha\u0142u przed ko\u015bcio\u0142em. Na Msz\u0119 \u015awi\u0119t\u0105 wieczorn\u0105 przynosimy \u015bwiece.<\/p>\n\n\n\n<p><strong>ZMARTWYCHWSTANIA PA\u0143SKIEGO<\/strong> &#8211; Msza Rezurekcyjna z procesj\u0105 dooko\u0142a ko\u015bcio\u0142a o godz. 6<sup>00<\/sup>&nbsp;nie b\u0119dzie Mszy \u015bw. o godz. 7<sup>30 <\/sup>, pozosta\u0142e Msze \u015bw. jak w niedziele.<\/p>\n\n\n\n<div style=\"height:25px\" aria-hidden=\"true\" class=\"wp-block-spacer\"><\/div>\n\n\n\n<h4 class=\"wp-block-heading has-text-align-center has-luminous-vivid-orange-color has-text-color has-link-color wp-elements-61000fb7ffb0993f20475a49d74b7c04\"><strong>OBRZ\u0118DY LITURGICZNE WIELKIEGO TYGODNIA<\/strong><\/h4>\n\n\n\n<div style=\"height:25px\" aria-hidden=\"true\" class=\"wp-block-spacer\"><\/div>\n\n\n\n<ol class=\"wp-block-list\">\n<li><strong>Wielki Czwartek \u2013<\/strong> <strong>Pami\u0105tka ustanowienia sakramentu Eucharystii i<\/strong> <strong>Kap\u0142a\u0144stwa<\/strong><\/li>\n<\/ol>\n\n\n\n<p><strong>Godz. 19.00<\/strong> \u2013 Msza \u015bw. Wieczerzy Pa\u0144skiej. Po Mszy \u015bw. przeniesienie Pana Jezusa do Ciemnicy i adoracja do godz. <strong>22.00<\/strong><\/p>\n\n\n\n<div style=\"height:25px\" aria-hidden=\"true\" class=\"wp-block-spacer\"><\/div>\n\n\n\n<ol start=\"2\" class=\"wp-block-list\">\n<li><strong>Wielki Pi\u0105tek<\/strong><strong> \u2013 <\/strong><strong>Pami\u0105tka M\u0119ki i \u015amierci P. Jezusa na Krzy\u017cu<\/strong><\/li>\n<\/ol>\n\n\n\n<p><strong>Godz. 6.30<\/strong> \u2013 rozpocz\u0119cie adoracji P. Jezusa w Ciemnicy.<\/p>\n\n\n\n<p><strong>7.00<\/strong> \u2013 modlitwa Ko\u015bcio\u0142a \u2013 <strong>Jutrznia.<\/strong><\/p>\n\n\n\n<p><strong>Godz.15.00<\/strong> \u2013 wsp\u00f3lna dla wszystkich <strong>Droga Krzy\u017cowa i Koronka do Bo\u017cego Mi\u0142osierdzia,<\/strong> <strong>wynagradzaj\u0105ca za grzechy aborcji.<\/strong><\/p>\n\n\n\n<p><strong>Godz. 19.00<\/strong> \u2013 Liturgia S\u0142owa Bo\u017cego, Adoracja Krzy\u017ca i Komunia \u015bw. Po Komunii \u015bw. przeniesienie Pana Jezusa do Grobu i adoracja do godz. <strong>23.00.<\/strong><\/p>\n\n\n\n<div style=\"height:25px\" aria-hidden=\"true\" class=\"wp-block-spacer\"><\/div>\n\n\n\n<ol start=\"3\" class=\"wp-block-list\">\n<li><strong>Wielka Sobota<\/strong>\u2013 <strong>Wigilia Paschalna<\/strong><\/li>\n<\/ol>\n\n\n\n<p><strong>Godz. 6.30<\/strong> \u2013 rozpocz\u0119cie adoracji P. Jezusa w Grobie.<\/p>\n\n\n\n<p><strong>7.00 <\/strong>\u2013 modlitwa Ko\u015bcio\u0142a \u2013 <strong>Jutrznia<\/strong>.<\/p>\n\n\n\n<p><strong>Godz. 9.00 \u2013 15.00<\/strong> (co godzin\u0119) Po\u015bwi\u0119cenie pokarm\u00f3w.<\/p>\n\n\n\n<p><strong>Godz. 20.00<\/strong> \u2013 Pocz\u0105tek liturgii Wigilii Paschalnej z po\u015bwi\u0119ceniem ognia, wody chrzcielnej, odnowieniem przyrzecze\u0144 chrzcielnych i Msz\u0105 \u015bw.<\/p>\n\n\n\n<p>Po liturgii adoracja do godz. <strong>23.00<\/strong><\/p>\n\n\n\n<p><strong>Na liturgi\u0119 wieczorn\u0105 przychodzimy do ko\u015bcio\u0142a ze \u015bwiecami.<\/strong><\/p>\n\n\n\n<div style=\"height:25px\" aria-hidden=\"true\" class=\"wp-block-spacer\"><\/div>\n\n\n\n<ol start=\"4\" class=\"wp-block-list\">\n<li><strong>Wielka Niedziela<\/strong><strong>\u2013 <\/strong><strong>Zmartwychwstanie Pa\u0144skie<\/strong><\/li>\n<\/ol>\n\n\n\n<p><strong>Godz. 5.00 <\/strong>\u2013 rozpocz\u0119cie adoracji Naj\u015bwi\u0119tszego Sakramentu.<\/p>\n\n\n\n<p><strong>Godz.<\/strong><strong>6.00<\/strong> \u2013 Procesja wok\u00f3\u0142 ko\u015bcio\u0142a i uroczysta Msza \u015bw. Rezurekcyjna.<\/p>\n\n\n\n<p><strong>Nast\u0119pne Msze \u015bw. o godz. 9<\/strong><sup><strong>30<\/strong><\/sup><strong>, 11<\/strong><sup><strong>00<\/strong><\/sup><strong>, 12<\/strong><sup><strong>30<\/strong><\/sup><strong>, 14<\/strong><sup><strong>00<\/strong><\/sup><strong>, 18<\/strong><sup><strong>30<\/strong><\/sup><\/p>\n\n\n\n<p><strong>Zach\u0119camy i zapraszamy wszystkich do uczestniczenia w Liturgii Triduum Paschalnego oraz trwaj\u0105cej przez ca\u0142y Wielki Pi\u0105tek i Wielk\u0105 Sobot\u0119 adoracji Naj\u015bwi\u0119tszego Sakramentu.<\/strong><\/p>\n\n\n\n<div style=\"height:25px\" aria-hidden=\"true\" class=\"wp-block-spacer\"><\/div>\n\n\n\n<p class=\"has-text-align-center\"><strong>Dy\u017cury Sakramentu Pokuty<\/strong><\/p>\n\n\n\n<p><strong>Wielki Pi\u0105tek spowied\u017a<\/strong><strong> \u2013 po liturgii wszyscy kap\u0142ani do godz. 21:00<\/strong><\/p>\n\n\n\n<p class=\"has-text-align-center\"><strong>21<\/strong><sup><strong>00 \u2013 <\/strong><\/sup><strong>21<\/strong><sup><strong>30 <\/strong><\/sup><strong>&#8211; ks. Krzysztof<\/strong><\/p>\n\n\n\n<p class=\"has-text-align-center\"><strong>21<\/strong><sup><strong>30 \u2013 <\/strong><\/sup><strong>22<\/strong><sup><strong>00 <\/strong><\/sup><strong>&#8211; ks. Konrad<\/strong><\/p>\n\n\n\n<p class=\"has-text-align-center\"><strong>22<\/strong><sup><strong>00 \u2013 <\/strong><\/sup><strong>22<\/strong><sup><strong>30 <\/strong><\/sup><strong>&#8211; ks. Krzysztof<\/strong><\/p>\n\n\n\n<p class=\"has-text-align-center\"><strong>22<\/strong><sup><strong>30 \u2013 <\/strong><\/sup><strong>23<\/strong><sup><strong>00 <\/strong><\/sup><strong>&#8211; ks. Tomasz<\/strong><\/p>\n\n\n\n<p class=\"has-text-align-center\"><strong>Wielka Sobota spowied\u017a<\/strong><strong> \u2013 od godz. 9<\/strong><sup><strong>00 \u2013 <\/strong><\/sup><strong>12<\/strong><sup><strong>00 <\/strong><\/sup><strong>&#8211; wszyscy kap\u0142ani<\/strong><\/p>\n\n\n\n<div style=\"height:25px\" aria-hidden=\"true\" class=\"wp-block-spacer\"><\/div>\n\n\n\n<p><strong>\u015awi\u0119cenia pokarm\u00f3w:<\/strong><\/p>\n\n\n\n<p class=\"has-text-align-center\"><strong>9<\/strong><sup><strong>00<\/strong><\/sup><strong> ks. Krzysztof<\/strong><\/p>\n\n\n\n<p class=\"has-text-align-center\"><strong>10<\/strong><sup><strong>00<\/strong><\/sup><strong> ks. Konrad<\/strong><\/p>\n\n\n\n<p class=\"has-text-align-center\"><strong>11<\/strong><sup><strong>00<\/strong><\/sup><strong> ks. Krzysztof<\/strong><\/p>\n\n\n\n<p class=\"has-text-align-center\"><strong>12<\/strong><sup><strong>00<\/strong><\/sup><strong> ks. Tomasz<\/strong><\/p>\n\n\n\n<p class=\"has-text-align-center\"><strong>13<\/strong><sup><strong>00 <\/strong><\/sup><strong>ks. Krzysztof<\/strong><\/p>\n\n\n\n<p class=\"has-text-align-center\"><strong>14<\/strong><sup><strong>00<\/strong><\/sup><strong> ks. Tomasz<\/strong><\/p>\n\n\n\n<p class=\"has-text-align-center\"><strong>15<\/strong><sup><strong>00<\/strong><\/sup><strong> ks. Konrad<\/strong><\/p>\n\n\n\n<p><strong>Przywitanie parafian i go\u015bci<\/strong><\/p>\n\n\n\n<div style=\"height:25px\" aria-hidden=\"true\" class=\"wp-block-spacer\"><\/div>\n\n\n\n<p><em><u><strong>Wyt\u0142umaczenie liturgii:<\/strong><\/u><\/em><\/p>\n\n\n\n<p><strong>&#8211; Wielkiego Czwartku \u2013 Ciemnica<\/strong><\/p>\n\n\n\n<p><strong>&#8211; Wielkiego Pi\u0105tku \u2013 Bo\u017cy Gr\u00f3b<\/strong><\/p>\n\n\n\n<p><strong>&#8211; zach\u0119cenie do adoracji Krzy\u017ca<\/strong><\/p>\n\n\n\n<p><strong>&#8211; Zach\u0119cenie aby rodzice podeszli i opowiedzieli dzieciom o Ciemnicy i Bo\u017cym Grobie<\/strong><\/p>\n\n\n\n<p><strong>&#8211; Zaproszenie na liturgi\u0119 Wigilii Paschalnej dzisiaj o godz. 20<\/strong><sup><strong>00<\/strong><\/sup><\/p>\n\n\n\n<p><strong>(<\/strong><em>prosimy o zabranie ze sob\u0105 \u015bwiec , na odnowienie przyrzecze\u0144 chrzcielnych)<\/em><\/p>\n\n\n\n<p><strong>&#8211; 1 dziesi\u0105tka r\u00f3\u017ca\u0144ca <\/strong><em>( w tym czasie zbieranie tacy na potrzeby seminarium duchownego)<\/em><\/p>\n\n\n\n<div style=\"height:40px\" aria-hidden=\"true\" class=\"wp-block-spacer\"><\/div>\n","protected":false},"excerpt":{"rendered":"","protected":false},"author":3,"featured_media":5257,"comment_status":"closed","ping_status":"closed","sticky":false,"template":"","format":"standard","meta":{"_lmt_disableupdate":"","_lmt_disable":"","footnotes":""},"categories":[1],"tags":[],"class_list":["post-8716","post","type-post","status-publish","format-standard","has-post-thumbnail","hentry","category-bez-kategorii"],"_links":{"self":[{"href":"https:\/\/swiety-jozef.pl\/index.php\/wp-json\/wp\/v2\/posts\/8716","targetHints":{"allow":["GET"]}}],"collection":[{"href":"https:\/\/swiety-jozef.pl\/index.php\/wp-json\/wp\/v2\/posts"}],"about":[{"href":"https:\/\/swiety-jozef.pl\/index.php\/wp-json\/wp\/v2\/types\/post"}],"author":[{"embeddable":true,"href":"https:\/\/swiety-jozef.pl\/index.php\/wp-json\/wp\/v2\/users\/3"}],"replies":[{"embeddable":true,"href":"https:\/\/swiety-jozef.pl\/index.php\/wp-json\/wp\/v2\/comments?post=8716"}],"version-history":[{"count":3,"href":"https:\/\/swiety-jozef.pl\/index.php\/wp-json\/wp\/v2\/posts\/8716\/revisions"}],"predecessor-version":[{"id":8722,"href":"https:\/\/swiety-jozef.pl\/index.php\/wp-json\/wp\/v2\/posts\/8716\/revisions\/8722"}],"wp:featuredmedia":[{"embeddable":true,"href":"https:\/\/swiety-jozef.pl\/index.php\/wp-json\/wp\/v2\/media\/5257"}],"wp:attachment":[{"href":"https:\/\/swiety-jozef.pl\/index.php\/wp-json\/wp\/v2\/media?parent=8716"}],"wp:term":[{"taxonomy":"category","embeddable":true,"href":"https:\/\/swiety-jozef.pl\/index.php\/wp-json\/wp\/v2\/categories?post=8716"},{"taxonomy":"post_tag","embeddable":true,"href":"https:\/\/swiety-jozef.pl\/index.php\/wp-json\/wp\/v2\/tags?post=8716"}],"curies":[{"name":"wp","href":"https:\/\/api.w.org\/{rel}","templated":true}]}}