{"id":8711,"date":"2025-04-12T21:09:55","date_gmt":"2025-04-12T19:09:55","guid":{"rendered":"https:\/\/swiety-jozef.pl\/?p=8711"},"modified":"2025-04-13T08:19:34","modified_gmt":"2025-04-13T06:19:34","slug":"ogloszenia-duszpasterskie-13-04-2025-r","status":"publish","type":"post","link":"https:\/\/swiety-jozef.pl\/index.php\/2025\/04\/12\/ogloszenia-duszpasterskie-13-04-2025-r\/","title":{"rendered":"Og\u0142oszenia duszpasterskie 13.04.2025 r."},"content":{"rendered":"\n<!--more-->\n\n\n\n<p class=\"has-text-align-right\">Nowa S\u00f3l 13.04.2025<\/p>\n\n\n\n<h4 class=\"wp-block-heading has-text-align-center\">Og\u0142oszenia duszpasterskie<br>VI Niedziela Wielkiego Postu rok C<br>NIEDZIELA PALMOWA<\/h4>\n\n\n\n<div style=\"height:25px\" aria-hidden=\"true\" class=\"wp-block-spacer\"><\/div>\n\n\n\n<ol class=\"wp-block-list\">\n<li>Dzisiaj Niedziela Palmowa czyli M\u0119ki Pa\u0144skiej, rozpoczynamy Wielki Tydzie\u0144 &#8211; po\u015bwi\u0119cenie palm na ka\u017cdej Mszy \u015bw. Przed ka\u017cd\u0105 Msz\u0105 \u015awi\u0119t\u0105 m\u0142odzie\u017c i dzieci naszej parafii <strong>sprzedaj\u0105 palmy \u2013 ofiary za palmy s\u0105 przeznaczone na letnie rekolekcje tej m\u0142odzie\u017cy \u2013 B\u00f3g zap\u0142a\u0107<\/strong>.<\/li>\n\n\n\n<li><em><strong>Pr\u00f3ba sypania kwiat\u00f3w i niesienia poduszek na procesji rezurekcyjnej<\/strong><\/em><em><strong> b\u0119dzie <\/strong><\/em><em><strong>w \u015brod\u0119 o godz. 17-tej<\/strong><\/em><em><strong>. Serdecznie zapraszamy do sypania kwiat\u00f3w i niesienia poduszek dziewczynki i ch\u0142opc\u00f3w.<\/strong><\/em><\/li>\n\n\n\n<li><strong>W \u015brod\u0119 o godz. 18:00 nowenna do MB Nieustaj\u0105cej Pomocy.<\/strong><\/li>\n\n\n\n<li><strong>Mo\u017cliwo\u015b\u0107 spowiedzi codziennie p\u00f3\u0142 godziny przed Msz\u0105 \u015bwi\u0119t\u0105.<\/strong><\/li>\n\n\n\n<li><strong>W t\u0105 sobot\u0119 kancelaria nieczynna.<\/strong><\/li>\n\n\n\n<li><strong>Parafialny Zesp\u00f3\u0142 Caritas<\/strong> dzi\u0119kuje za przynoszon\u0105<strong> \u017cywno\u015b\u0107<\/strong>, zrobili\u015bmy 50 paczek i przekazujemy je potrzebuj\u0105cym. <strong>B\u00f3g zap\u0142a\u0107<\/strong><\/li>\n\n\n\n<li><strong>Dzi\u0119kujemy za ofiary tac\u0119 i za przelew na konto parafii. B\u00f3g Zap\u0142a\u0107. Numer konta bankowego parafii: 58 9673 0007 0000 0300 4864 0001. B\u00f3g zap\u0142a\u0107.<\/strong><\/li>\n\n\n\n<li><strong>Dzi\u0119kujemy 6 osobom<\/strong> z <strong>ul Fredry blok nr. 5 i blok nr. 6 i 1 osobie ch\u0119tniej<\/strong> za sprz\u0105tanie ko\u015bcio\u0142a i ofiary na kwiaty. <strong>Msza \u015bw. za te rodziny zostanie odprawiona 22.04.2025 o godz. 7<\/strong><sup><strong>00<\/strong><\/sup><strong> .<\/strong><\/li>\n\n\n\n<li><strong>Do sprz\u0105tania ko\u015bcio\u0142a w t\u0105 sobot\u0119 na godz. 15<\/strong><sup><strong>15 <\/strong><\/sup><strong>zapraszam przedstawicieli grup i wsp\u00f3lnot dzia\u0142aj\u0105cych w naszej parafii i osoby ch\u0119tne.<\/strong><\/li>\n\n\n\n<li><strong>W Roku Jubileuszowym organizujemy w dniach od 06 do 14.09.2025 autokarem pielgrzymk\u0119 do Rzymu i innych miast w\u0142oskich. CENA: 3 890 PLN\/os. plus 190 euro wej\u015bci\u00f3wki<\/strong>.<\/li>\n<\/ol>\n\n\n\n<p><strong>Osoby zainteresowane wyjazdem na pielgrzymk\u0119 mog\u0105 r\u00f3wnie\u017c kontaktowa\u0107 si\u0119 telefonicznie, telefon 609 131&nbsp;799. Program pielgrzymki w gablocie i na stronie internetowej parafii.<\/strong><\/p>\n\n\n\n<ol start=\"11\" class=\"wp-block-list\">\n<li><strong>Dzieci klas III po Mszy \u015bw. prosimy o pozostanie w ko\u015bciele po wpisy do dzienniczk\u00f3w; dzieci klas II i m\u0142odsze zapraszamy do kaplicy po naklejki z dzisiejszej ewangelii.<\/strong><\/li>\n\n\n\n<li>W minionym tygodniu z naszej parafii zmarli: +Halina <strong>Dobro\u015b<\/strong> z o\u015b Konstytucji 3 Maja; +Czes\u0142awa <strong>Hermann<\/strong> z ul. Fredry. <strong>P<\/strong>ami\u0119tajmy o zmar\u0142ych polecaj\u0105c ich Mi\u0142osierdziu Bo\u017cemu.<\/li>\n\n\n\n<li>Wszystkim parafianom i go\u015bciom \u017cyczymy dobrej niedzieli i Bo\u017cego b\u0142ogos\u0142awie\u0144stwa.<\/li>\n<\/ol>\n\n\n\n<ol class=\"wp-block-list\"><\/ol>\n\n\n\n<p class=\"has-text-align-right\">Ks. Krzysztof Kocz<br>Proboszcz<\/p>\n\n\n\n<div style=\"height:40px\" aria-hidden=\"true\" class=\"wp-block-spacer\"><\/div>\n\n\n\n<p><\/p>\n","protected":false},"excerpt":{"rendered":"","protected":false},"author":3,"featured_media":3316,"comment_status":"closed","ping_status":"closed","sticky":false,"template":"","format":"standard","meta":{"_lmt_disableupdate":"","_lmt_disable":"","footnotes":""},"categories":[19],"tags":[],"class_list":["post-8711","post","type-post","status-publish","format-standard","has-post-thumbnail","hentry","category-ogloszenia"],"_links":{"self":[{"href":"https:\/\/swiety-jozef.pl\/index.php\/wp-json\/wp\/v2\/posts\/8711","targetHints":{"allow":["GET"]}}],"collection":[{"href":"https:\/\/swiety-jozef.pl\/index.php\/wp-json\/wp\/v2\/posts"}],"about":[{"href":"https:\/\/swiety-jozef.pl\/index.php\/wp-json\/wp\/v2\/types\/post"}],"author":[{"embeddable":true,"href":"https:\/\/swiety-jozef.pl\/index.php\/wp-json\/wp\/v2\/users\/3"}],"replies":[{"embeddable":true,"href":"https:\/\/swiety-jozef.pl\/index.php\/wp-json\/wp\/v2\/comments?post=8711"}],"version-history":[{"count":4,"href":"https:\/\/swiety-jozef.pl\/index.php\/wp-json\/wp\/v2\/posts\/8711\/revisions"}],"predecessor-version":[{"id":8721,"href":"https:\/\/swiety-jozef.pl\/index.php\/wp-json\/wp\/v2\/posts\/8711\/revisions\/8721"}],"wp:featuredmedia":[{"embeddable":true,"href":"https:\/\/swiety-jozef.pl\/index.php\/wp-json\/wp\/v2\/media\/3316"}],"wp:attachment":[{"href":"https:\/\/swiety-jozef.pl\/index.php\/wp-json\/wp\/v2\/media?parent=8711"}],"wp:term":[{"taxonomy":"category","embeddable":true,"href":"https:\/\/swiety-jozef.pl\/index.php\/wp-json\/wp\/v2\/categories?post=8711"},{"taxonomy":"post_tag","embeddable":true,"href":"https:\/\/swiety-jozef.pl\/index.php\/wp-json\/wp\/v2\/tags?post=8711"}],"curies":[{"name":"wp","href":"https:\/\/api.w.org\/{rel}","templated":true}]}}