{"id":8706,"date":"2025-04-05T20:39:40","date_gmt":"2025-04-05T18:39:40","guid":{"rendered":"https:\/\/swiety-jozef.pl\/?p=8706"},"modified":"2025-04-05T20:39:42","modified_gmt":"2025-04-05T18:39:42","slug":"kurs-przedmalzenski-w-dekanacie-nowosolskim-10-18-05-2025","status":"publish","type":"post","link":"https:\/\/swiety-jozef.pl\/index.php\/2025\/04\/05\/kurs-przedmalzenski-w-dekanacie-nowosolskim-10-18-05-2025\/","title":{"rendered":"Kurs przedma\u0142\u017ce\u0144ski w dekanacie nowosolskim 10-18.05.2025"},"content":{"rendered":"\n<!--more-->\n\n\n\n<div style=\"height:25px\" aria-hidden=\"true\" class=\"wp-block-spacer\"><\/div>\n\n\n\n<p><strong>Kurs przedma\u0142\u017ce\u0144ski w dekanacie nowosolskim<\/strong><\/p>\n\n\n\n<p>termin: 10-18.05.2025<\/p>\n\n\n\n<p>cz\u0119stotliwo\u015b\u0107 spotka\u0144: sobota, niedziela<\/p>\n\n\n\n<p>miejsce: cztery ko\u015bcio\u0142y Nowej Soli<\/p>\n\n\n\n<p>godzina: po wieczornej Mszy \u015bw.<\/p>\n\n\n\n<p>kalendarium:<\/p>\n\n\n\n<p><strong>\u015aw. Micha\u0142<\/strong> 10. sobota \u2013 zapisy; Objawienie o ma\u0142\u017ce\u0144stwie. Teologia ma\u0142\u017ce\u0144stwa<\/p>\n\n\n\n<p><strong>\u015aw. J\u00f3zef<\/strong> 11. niedziela \u2013 \u017bycie religijne ma\u0142\u017conk\u00f3w. Chrze\u015bcija\u0144skie wychowanie dzieci<\/p>\n\n\n\n<p><strong>\u015aw. Antoni<\/strong> 17. sobota \u2013 Etyka po\u017cycia ma\u0142\u017ce\u0144skiego \/ Bo\u017cy plan p\u0142odno\u015bci; rozdanie za\u015bwiadcze\u0144<\/p>\n\n\n\n<p><strong>Plesz\u00f3wek<\/strong> 18. niedziela \u2013 Prawo kanoniczne o ma\u0142\u017ce\u0144stwie. Liturgia sakramentu<\/p>\n\n\n\n<div style=\"height:40px\" aria-hidden=\"true\" class=\"wp-block-spacer\"><\/div>\n","protected":false},"excerpt":{"rendered":"","protected":false},"author":3,"featured_media":8707,"comment_status":"closed","ping_status":"closed","sticky":false,"template":"","format":"standard","meta":{"_lmt_disableupdate":"","_lmt_disable":"","footnotes":""},"categories":[1],"tags":[],"class_list":["post-8706","post","type-post","status-publish","format-standard","has-post-thumbnail","hentry","category-bez-kategorii"],"_links":{"self":[{"href":"https:\/\/swiety-jozef.pl\/index.php\/wp-json\/wp\/v2\/posts\/8706","targetHints":{"allow":["GET"]}}],"collection":[{"href":"https:\/\/swiety-jozef.pl\/index.php\/wp-json\/wp\/v2\/posts"}],"about":[{"href":"https:\/\/swiety-jozef.pl\/index.php\/wp-json\/wp\/v2\/types\/post"}],"author":[{"embeddable":true,"href":"https:\/\/swiety-jozef.pl\/index.php\/wp-json\/wp\/v2\/users\/3"}],"replies":[{"embeddable":true,"href":"https:\/\/swiety-jozef.pl\/index.php\/wp-json\/wp\/v2\/comments?post=8706"}],"version-history":[{"count":2,"href":"https:\/\/swiety-jozef.pl\/index.php\/wp-json\/wp\/v2\/posts\/8706\/revisions"}],"predecessor-version":[{"id":8709,"href":"https:\/\/swiety-jozef.pl\/index.php\/wp-json\/wp\/v2\/posts\/8706\/revisions\/8709"}],"wp:featuredmedia":[{"embeddable":true,"href":"https:\/\/swiety-jozef.pl\/index.php\/wp-json\/wp\/v2\/media\/8707"}],"wp:attachment":[{"href":"https:\/\/swiety-jozef.pl\/index.php\/wp-json\/wp\/v2\/media?parent=8706"}],"wp:term":[{"taxonomy":"category","embeddable":true,"href":"https:\/\/swiety-jozef.pl\/index.php\/wp-json\/wp\/v2\/categories?post=8706"},{"taxonomy":"post_tag","embeddable":true,"href":"https:\/\/swiety-jozef.pl\/index.php\/wp-json\/wp\/v2\/tags?post=8706"}],"curies":[{"name":"wp","href":"https:\/\/api.w.org\/{rel}","templated":true}]}}