{"id":8686,"date":"2025-03-29T20:39:25","date_gmt":"2025-03-29T19:39:25","guid":{"rendered":"https:\/\/swiety-jozef.pl\/?p=8686"},"modified":"2025-03-29T20:39:28","modified_gmt":"2025-03-29T19:39:28","slug":"ogloszenia-duszpasterskie-30-03-2025-r","status":"publish","type":"post","link":"https:\/\/swiety-jozef.pl\/index.php\/2025\/03\/29\/ogloszenia-duszpasterskie-30-03-2025-r\/","title":{"rendered":"Og\u0142oszenia duszpasterskie 30.03.2025 r."},"content":{"rendered":"\n<!--more-->\n\n\n\n<p class=\"has-text-align-right\">Nowa S\u00f3l 30.03.2025<\/p>\n\n\n\n<h4 class=\"wp-block-heading has-text-align-center\">Og\u0142oszenia duszpasterskie<br>IV Niedziela Wielkiego Postu rok C<\/h4>\n\n\n\n<div style=\"height:25px\" aria-hidden=\"true\" class=\"wp-block-spacer\"><\/div>\n\n\n\n<ol class=\"wp-block-list\">\n<li><strong>Dzisiaj IV niedziela Wielkiego Postu tzw. Laetare (Niedziela rado\u015bci)<\/strong><\/li>\n\n\n\n<li><strong>Dzisiaj rozpoczynamy rekolekcje wielkopostne w naszej parafii. Bardzo serdecznie witamy ks. dr Piotra Bartoszka \u2013 duszpasterza akademickiego i dyrektora Instytutu Filozoficzno &#8211; Teologicznego Edyty Stein w Zielonej G\u00f3rze. Rekolekcje odb\u0119d\u0105 si\u0119 do \u015brody 2 kwietnia.<\/strong><\/li>\n\n\n\n<li><strong>Plan rekolekcji.<\/strong><\/li>\n\n\n\n<li><strong>Spowied\u017a w naszym ko\u015bciele codziennie p\u00f3\u0142 godz. przed ka\u017cd\u0105 msz\u0105 \u015bw. \u2013 bardzo prosz\u0119 nie odk\u0142ada\u0107 spowiedzi na p\u00f3\u017aniejsze dni.<\/strong><\/li>\n\n\n\n<li><strong>W ka\u017cdy pi\u0105tek Wielkiego Postu: <\/strong><strong>Nabo\u017ce\u0144stwo Drogi Krzy\u017cowej. Uczestnicz\u0105c mo\u017cemy zyska\u0107 odpust zupe\u0142ny.<\/strong><\/li>\n<\/ol>\n\n\n\n<ul class=\"wp-block-list\">\n<li><strong>o godz. <\/strong><strong>16.30<\/strong><strong> \u2013 Droga Krzy\u017cowa wok\u00f3\u0142 ko\u015bcio\u0142a dla dzieci szk\u00f3\u0142 podstawowych.<\/strong><\/li>\n\n\n\n<li><strong>o godz. <\/strong><strong>17.30<\/strong><strong> \u2013 Droga Krzy\u017cowa dla starszych i po niej bezpo\u015brednio Msza \u015bw.<\/strong><\/li>\n\n\n\n<li><strong>o godz. <\/strong><strong>18.30<\/strong><strong> \u2013 Droga Krzy\u017cowa <\/strong><strong>dla m\u0142odzie\u017c jako przygotowanie do Sakramentu Bierzmowania.<\/strong><\/li>\n<\/ul>\n\n\n\n<ol start=\"6\" class=\"wp-block-list\">\n<li><strong>W ka\u017cd\u0105 niedziel\u0119 Wielkiego Postu nabo\u017ce\u0144stwo pasyjne Gorzkich \u017bali z kazaniem o M\u0119ce Pa\u0144skiej o godz. 17<\/strong><sup><strong>30<\/strong><\/sup><strong>, ofiary sk\u0142adane przy adoracji krzy\u017ca przeznaczone s\u0105 na kwiaty do Bo\u017cego Grobu.<\/strong><\/li>\n\n\n\n<li><strong>Parafialny Zesp\u00f3\u0142 Caritas kontynuuje zbi\u00f3rk\u0119 \u017cywno\u015bci dla najbardziej potrzebuj\u0105cych w parafii. W kaplicy i ko\u015bciele s\u0105 wystawiane kosze do kt\u00f3rych mo\u017cna sk\u0142ada\u0107 artyku\u0142y spo\u017cywcze d\u0142ugoterminowe. Ju\u017c dzisiaj dzi\u0119kujemy za tak\u0105 ja\u0142mu\u017cn\u0119 postn\u0105.<\/strong><\/li>\n\n\n\n<li><strong>W Roku Jubileuszowym organizujemy w dniach od 06 do 14.09.2025 autokarem pielgrzymk\u0119 do Rzymu i innych miast w\u0142oskich. CENA: 3 890 PLN\/os. plus 190 Euro wej\u015bci\u00f3wki<\/strong>.<\/li>\n<\/ol>\n\n\n\n<p><strong>Osoby zainteresowane wyjazdem na pielgrzymk\u0119 mog\u0105 r\u00f3wnie\u017c kontaktowa\u0107 si\u0119 telefonicznie, telefon 609 131&nbsp;799. Program pielgrzymki w gablocie i na stronie internetowej parafii.<\/strong><\/p>\n\n\n\n<ol start=\"9\" class=\"wp-block-list\">\n<li><strong>W tym tygodniu I czwartek, I pi\u0105tek i I sobota miesi\u0105ca.<\/strong><\/li>\n<\/ol>\n\n\n\n<ul class=\"wp-block-list\">\n<li><strong>&#8211; W czwartek o godz. 16<\/strong><sup><strong>30<\/strong><\/sup><strong> spotkanie Przyjaci\u00f3\u0142 Parady\u017ca &#8211; na plebanii.<\/strong><\/li>\n\n\n\n<li><strong>&#8211; W pi\u0105tek od godz. 15<\/strong><sup><strong>00<\/strong><\/sup><strong> \u2013 Godzina Mi\u0142osierdzia<\/strong><\/li>\n\n\n\n<li><strong>Spowied\u017a \u015bw pierwszopi\u0105tkowa w pi\u0105tek od godz. 15<\/strong><sup><strong>00<\/strong><\/sup><strong> do 18<\/strong><sup><strong>00<\/strong><\/sup><\/li>\n\n\n\n<li><strong>&#8211; W sobot\u0119 Nabo\u017ce\u0144stwo Pierwszych Sob\u00f3t, o godz. 17<\/strong><sup><strong>00<\/strong><\/sup><strong> r\u00f3\u017caniec z rozwa\u017caniem o godz. 18<\/strong><sup><strong>00<\/strong><\/sup><strong> Msza \u015bw.<\/strong><\/li>\n<\/ul>\n\n\n\n<ol start=\"10\" class=\"wp-block-list\">\n<li><strong>W sobot\u0119 odwiedzimy chorych z pos\u0142ug\u0105 sakramentaln\u0105 w sobot\u0119. Nowych chorych mo\u017cna zg\u0142asza\u0107 w zakrystii.<\/strong><\/li>\n\n\n\n<li><strong>Dzieci klas III po Mszy \u015bw. prosimy o pozostanie w ko\u015bciele po wpisy do dzienniczk\u00f3w; dzieci klas II i m\u0142odsze zapraszamy do kaplicy po naklejki z dzisiejszej ewangelii.<\/strong><\/li>\n\n\n\n<li><strong>W przysz\u0142\u0105 niedziel\u0119 zmiana tajemnic <\/strong><strong>\u017bywego R\u00f3\u017ca\u0144ca po Mszy \u015bw. o godz. 7<\/strong><sup><strong>30<\/strong><\/sup><strong>, po Mszy \u015bw. o godz.18<\/strong><sup><strong>30<\/strong><\/sup><strong> nauka rodzic\u00f3w i rodzic\u00f3w chrzestnych przed chrztem dzieci.<\/strong><\/li>\n\n\n\n<li><strong><em>Dzi\u0119kujemy za ofiary na tac\u0119 i za przelew na konto parafii. B\u00f3g Zap\u0142a\u0107. Numer konta bankowego parafii: 58 9673 0007 0000 0300 4864 0001<\/em><\/strong><strong>.<\/strong><\/li>\n\n\n\n<li><strong>Przy wyj\u015bciu z ko\u015bcio\u0142a mo\u017cna naby\u0107 parafialny kalendarz \u2013 dobrowolna ofiara jest przeznaczona na op\u0142aty zwi\u0105zane z utrzymaniem budynku naszego ko\u015bcio\u0142a.<\/strong><\/li>\n\n\n\n<li> Dzi\u0119kujemy 4 wiernym i 1 dziecku z ul. <strong>Fredry blok nr. 1 i blok nr. 2<\/strong> i <strong>2 osobom ch\u0119tnym<\/strong>za sprz\u0105tanie ko\u015bcio\u0142a i ofiary na kwiaty. <strong>Msza \u015bw. za te rodziny 8.04.25 o godz 7<\/strong><sup><strong>00<\/strong><\/sup><strong>.<\/strong><\/li>\n\n\n\n<li><strong>W sobot\u0119 o godz. 9<\/strong><sup><strong>00<\/strong><\/sup><strong> do sprz\u0105tania ko\u015bcio\u0142a zapraszam wiernych zamieszka\u0142ych na ul. Fredry blok nr. 3 i blok nr. 4<\/strong><\/li>\n\n\n\n<li><strong>Zach\u0119camy do lektury i zakupu prasy katolickiej: Niedziela, Go\u015b\u0107 Niedzielny, Ma\u0142y Go\u015b\u0107.<\/strong><\/li>\n\n\n\n<li><strong>W minionym tygodniu z naszej parafii zmarli: +<\/strong>Jerzy <strong>Picewicz<\/strong> z o\u015b. Konstytucji 3 Maja; Henryk <strong>Domaga\u0142a<\/strong> z o\u015b. Konstytucji 3 Maja; Halina <strong>Konopi\u0144ska<\/strong> z os. Konstytucji 3 Maja; Jerzy <strong>Henicz<\/strong> z o\u015b. Konstytucji 3 Maja. Pami\u0119tajmy o zmar\u0142ych polecaj\u0105c ich Mi\u0142osierdziu Bo\u017cemu.<\/li>\n\n\n\n<li>Pozdrawiamy wszystkich chorych, pami\u0119tamy o Was w modlitwie, \u017cycz\u0105c szybkiego powrotu do zdrowia.<\/li>\n<\/ol>\n\n\n\n<ol start=\"19\" class=\"wp-block-list\"><\/ol>\n\n\n\n<p><strong>Wszystkim parafianom<\/strong><strong> i go\u015bciom \u017cyczymy dobrej niedzieli i Bo\u017cego b\u0142ogos\u0142awie\u0144stwa.<\/strong><\/p>\n\n\n\n<p class=\"has-text-align-right\">Ks. Krzysztof Kocz<br>Proboszcz<\/p>\n\n\n\n<div style=\"height:40px\" aria-hidden=\"true\" class=\"wp-block-spacer\"><\/div>\n","protected":false},"excerpt":{"rendered":"","protected":false},"author":3,"featured_media":3316,"comment_status":"closed","ping_status":"closed","sticky":false,"template":"","format":"standard","meta":{"_lmt_disableupdate":"","_lmt_disable":"","footnotes":""},"categories":[19],"tags":[],"class_list":["post-8686","post","type-post","status-publish","format-standard","has-post-thumbnail","hentry","category-ogloszenia"],"_links":{"self":[{"href":"https:\/\/swiety-jozef.pl\/index.php\/wp-json\/wp\/v2\/posts\/8686","targetHints":{"allow":["GET"]}}],"collection":[{"href":"https:\/\/swiety-jozef.pl\/index.php\/wp-json\/wp\/v2\/posts"}],"about":[{"href":"https:\/\/swiety-jozef.pl\/index.php\/wp-json\/wp\/v2\/types\/post"}],"author":[{"embeddable":true,"href":"https:\/\/swiety-jozef.pl\/index.php\/wp-json\/wp\/v2\/users\/3"}],"replies":[{"embeddable":true,"href":"https:\/\/swiety-jozef.pl\/index.php\/wp-json\/wp\/v2\/comments?post=8686"}],"version-history":[{"count":1,"href":"https:\/\/swiety-jozef.pl\/index.php\/wp-json\/wp\/v2\/posts\/8686\/revisions"}],"predecessor-version":[{"id":8687,"href":"https:\/\/swiety-jozef.pl\/index.php\/wp-json\/wp\/v2\/posts\/8686\/revisions\/8687"}],"wp:featuredmedia":[{"embeddable":true,"href":"https:\/\/swiety-jozef.pl\/index.php\/wp-json\/wp\/v2\/media\/3316"}],"wp:attachment":[{"href":"https:\/\/swiety-jozef.pl\/index.php\/wp-json\/wp\/v2\/media?parent=8686"}],"wp:term":[{"taxonomy":"category","embeddable":true,"href":"https:\/\/swiety-jozef.pl\/index.php\/wp-json\/wp\/v2\/categories?post=8686"},{"taxonomy":"post_tag","embeddable":true,"href":"https:\/\/swiety-jozef.pl\/index.php\/wp-json\/wp\/v2\/tags?post=8686"}],"curies":[{"name":"wp","href":"https:\/\/api.w.org\/{rel}","templated":true}]}}