{"id":8674,"date":"2025-03-22T20:34:48","date_gmt":"2025-03-22T19:34:48","guid":{"rendered":"https:\/\/swiety-jozef.pl\/?p=8674"},"modified":"2025-03-22T20:54:51","modified_gmt":"2025-03-22T19:54:51","slug":"ogloszenia-duszpasterskie-23-03-2025-r","status":"publish","type":"post","link":"https:\/\/swiety-jozef.pl\/index.php\/2025\/03\/22\/ogloszenia-duszpasterskie-23-03-2025-r\/","title":{"rendered":"Og\u0142oszenia duszpasterskie 23.03.2025 r."},"content":{"rendered":"\n<!--more-->\n\n\n\n<p class=\"has-text-align-right\">Nowa S\u00f3l 23.03.2025<\/p>\n\n\n\n<h4 class=\"wp-block-heading has-text-align-center\">Og\u0142oszenia duszpasterskie<br>III Niedziela Wielkiego Postu rok C<\/h4>\n\n\n\n<div style=\"height:25px\" aria-hidden=\"true\" class=\"wp-block-spacer\"><\/div>\n\n\n\n<ol class=\"wp-block-list\">\n<li><strong>Dzisiaj III niedziela Wielkiego Postu.<\/strong><\/li>\n\n\n\n<li><strong>Rekolekcje wielkopostne w naszej parafii prowadzi\u0142 b\u0119dzie ks. dr Piotr Bartoszek \u2013 duszpasterz akademicki, dyrektor Instytutu Filozoficzno &#8211; Teologicznego Edyty Stein w Zielonej G\u00f3rze. Rekolekcje rozpoczn\u0105 si\u0119 od przysz\u0142ej &#8211; IV niedzieli Wielkiego Postu w dniach od 30 marca do 2 kwietnia.<\/strong><\/li>\n\n\n\n<li><strong>Plan rekolekcji.<\/strong><\/li>\n\n\n\n<li><strong>We wtorek Zwiastowanie Pa\u0144skie. Msze \u015bw. w naszej parafii godz: 7<\/strong><sup><strong>00<\/strong><\/sup><strong>; 9<\/strong><sup><strong>00<\/strong><\/sup><strong>; 18<\/strong><sup><strong>00<\/strong><\/sup><strong> Dzie\u0144 \u015awi\u0119to\u015bci \u017bycia. Na wszystkich Mszach \u015bw. mo\u017cliwo\u015b\u0107 rozpocz\u0119cia Duchowej Adopcji Dziecka Pocz\u0119tego.<\/strong><\/li>\n\n\n\n<li><strong>W ka\u017cdy pi\u0105tek Wielkiego Postu:<\/strong><strong>Nabo\u017ce\u0144stwo Drogi Krzy\u017cowej. Uczestnicz\u0105c mo\u017cemy zyska\u0107 odpust zupe\u0142ny.<\/strong><\/li>\n<\/ol>\n\n\n\n<ul class=\"wp-block-list\">\n<li><strong>o godz. <\/strong><strong>16.30<\/strong><strong> \u2013 Droga Krzy\u017cowa wok\u00f3\u0142 ko\u015bcio\u0142a dla dzieci szk\u00f3\u0142 podstawowych.<\/strong><\/li>\n<\/ul>\n\n\n\n<ul class=\"wp-block-list\">\n<li><strong>o godz. <\/strong><strong>17.30<\/strong><strong> \u2013 Droga Krzy\u017cowa dla starszych i po niej bezpo\u015brednio Msza \u015bw.<\/strong><\/li>\n<\/ul>\n\n\n\n<ul class=\"wp-block-list\">\n<li><strong>o godz. <\/strong><strong>18.30<\/strong><strong> \u2013 Droga Krzy\u017cowa <\/strong><strong>dla m\u0142odzie\u017c jako przygotowanie do Sakramentu Bierzmowania.<\/strong><\/li>\n<\/ul>\n\n\n\n<ol start=\"6\" class=\"wp-block-list\">\n<li><strong>W ka\u017cd\u0105 niedziel\u0119 Wielkiego Postu nabo\u017ce\u0144stwo pasyjne Gorzkich \u017bali z kazaniem o M\u0119ce Pa\u0144skiej o godz. 17<\/strong><sup><strong>30<\/strong><\/sup><strong>, ofiary sk\u0142adane przy adoracji krzy\u017ca przeznaczone s\u0105 na kwiaty do Bo\u017cego Grobu.<\/strong><\/li>\n\n\n\n<li><strong>Parafialny Zesp\u00f3\u0142 Caritas informuje, \u017ce organizuje zbi\u00f3rk\u0119 \u017cywno\u015bci dla najbardziej potrzebuj\u0105cych w parafii. W kaplicy i ko\u015bciele s\u0105 wystawiane kosze do kt\u00f3rych mo\u017cna sk\u0142ada\u0107 artyku\u0142y spo\u017cywcze d\u0142ugoterminowe. Ju\u017c dzisiaj dzi\u0119kujemy za tak\u0105 ja\u0142mu\u017cn\u0119 postn\u0105.<\/strong><\/li>\n\n\n\n<li><strong>W poniedzia\u0142ek od godz. 17<\/strong><sup><strong>00<\/strong><\/sup><strong> do 18<\/strong><sup><strong>00w<\/strong><\/sup><strong> w kancelarii mo\u017cliwo\u015b\u0107 rozliczenia PIT 1,5 % dla orkiestry parafialnej<\/strong><\/li>\n\n\n\n<li><strong>W Roku Jubileuszowym planujemy zorganizowa\u0107 we wrze\u015bniu pielgrzymk\u0119 do Rzymu.<\/strong><strong>Mamy dwie propozycj\u0119:<\/strong><\/li>\n<\/ol>\n\n\n\n<ul class=\"wp-block-list\">\n<li><strong>1\/ Autokarem w dniach 06.09 \u2013 14.09.2025 CENA: 3 890 PLN\/os. plus ok. 200 Euro wej\u015bci\u00f3wki<\/strong><\/li>\n\n\n\n<li><strong>2\/ Samolotem w dniach 08.09 \u2013 15.09.2025 CENA: ok 5790 PLN\/os. plus ok. 200 Euro wej\u015bci\u00f3wki<\/strong><\/li>\n<\/ul>\n\n\n\n<p><strong>Zainteresowane osoby zapraszam na spotkanie organizacyjne dzisiaj w niedziele 23.03.2025 r. po Mszy \u015bw. o godz. 14<\/strong><sup><strong>00 <\/strong><\/sup><strong>w szkole katolickiej. Wybierzemy jedn\u0105 propozycje. Osoby zainteresowane wyjazdem na pielgrzymk\u0119 mog\u0105 r\u00f3wnie\u017c kontaktowa\u0107 si\u0119 telefonicznie, telefon 609 131&nbsp;799<\/strong><\/p>\n\n\n\n<ol start=\"10\" class=\"wp-block-list\">\n<li><strong>Dzieci klas III po Mszy \u015bw. prosimy o pozostanie w ko\u015bciele po wpisy do dzienniczk\u00f3w; dzieci klas II i m\u0142odsze zapraszamy do kaplicy po naklejki z dzisiejszej ewangelii.<\/strong><\/li>\n\n\n\n<li><strong><em>Dzi\u0119kujemy za ofiary na tac\u0119 i za przelew na konto parafii. B\u00f3g Zap\u0142a\u0107. Numer konta bankowego parafii: 58 9673 0007 0000 0300 4864 0001<\/em><\/strong><strong>.<\/strong><\/li>\n\n\n\n<li><strong>Przy wyj\u015bciu z ko\u015bcio\u0142a mo\u017cna naby\u0107 parafialny kalendarz \u2013 dobrowolna ofiara jest przeznaczona na op\u0142aty zwi\u0105zane z utrzymaniem budynku naszego ko\u015bcio\u0142a.<\/strong><\/li>\n\n\n\n<li>Dzi\u0119kujemy 3 wiernym i 2 dzieci z ul.<strong> Wieniawskiego, Nowowiejskiego, D\u0142uga, Staffa <\/strong>i <strong>2 osobom ch\u0119tnym<\/strong>za sprz\u0105tanie ko\u015bcio\u0142a i ofiary na kwiaty. <strong>Msza \u015bw. za te rodziny 20.04.25 o godz 18<\/strong><sup><strong>30<\/strong><\/sup><strong>.<\/strong><\/li>\n\n\n\n<li><strong>W sobot\u0119 o godz. 9<\/strong><sup><strong>00<\/strong><\/sup><strong> do sprz\u0105tania ko\u015bcio\u0142a zapraszam wiernych zamieszka\u0142ych na ul. Fredry blok nr. 1 i blok nr. 2<\/strong><\/li>\n\n\n\n<li><strong>Zach\u0119camy do lektury i zakupu prasy katolickiej: Niedziela, Go\u015b\u0107 Niedzielny, Ma\u0142y Go\u015b\u0107.<\/strong><\/li>\n\n\n\n<li><strong>W minionym tygodniu z naszej parafii zmarli: <\/strong>+Marian <strong>Bawiec <\/strong>zam. ul. Mickiewicza;+Leonard<strong> Mocek <\/strong>zam. ul. Staszica.<\/li>\n\n\n\n<li>Pami\u0119tajmy o zmar\u0142ych polecaj\u0105c ich Mi\u0142osierdziu Bo\u017cemu.<\/li>\n\n\n\n<li>Pozdrawiamy wszystkich chorych, pami\u0119tamy o Was w modlitwie, \u017cycz\u0105c szybkiego powrotu do zdrowia.<\/li>\n<\/ol>\n\n\n\n<p><strong>Wszystkim parafianom<\/strong><strong> i go\u015bciom \u017cyczymy dobrej niedzieli i Bo\u017cego b\u0142ogos\u0142awie\u0144stwa.<\/strong><\/p>\n\n\n\n<p class=\"has-text-align-right\">Ks. Krzysztof Kocz<br>Proboszcz<\/p>\n\n\n\n<div style=\"height:40px\" aria-hidden=\"true\" class=\"wp-block-spacer\"><\/div>\n\n\n\n<p><\/p>\n","protected":false},"excerpt":{"rendered":"","protected":false},"author":3,"featured_media":3316,"comment_status":"closed","ping_status":"closed","sticky":false,"template":"","format":"standard","meta":{"_lmt_disableupdate":"","_lmt_disable":"","footnotes":""},"categories":[19],"tags":[],"class_list":["post-8674","post","type-post","status-publish","format-standard","has-post-thumbnail","hentry","category-ogloszenia"],"_links":{"self":[{"href":"https:\/\/swiety-jozef.pl\/index.php\/wp-json\/wp\/v2\/posts\/8674","targetHints":{"allow":["GET"]}}],"collection":[{"href":"https:\/\/swiety-jozef.pl\/index.php\/wp-json\/wp\/v2\/posts"}],"about":[{"href":"https:\/\/swiety-jozef.pl\/index.php\/wp-json\/wp\/v2\/types\/post"}],"author":[{"embeddable":true,"href":"https:\/\/swiety-jozef.pl\/index.php\/wp-json\/wp\/v2\/users\/3"}],"replies":[{"embeddable":true,"href":"https:\/\/swiety-jozef.pl\/index.php\/wp-json\/wp\/v2\/comments?post=8674"}],"version-history":[{"count":3,"href":"https:\/\/swiety-jozef.pl\/index.php\/wp-json\/wp\/v2\/posts\/8674\/revisions"}],"predecessor-version":[{"id":8683,"href":"https:\/\/swiety-jozef.pl\/index.php\/wp-json\/wp\/v2\/posts\/8674\/revisions\/8683"}],"wp:featuredmedia":[{"embeddable":true,"href":"https:\/\/swiety-jozef.pl\/index.php\/wp-json\/wp\/v2\/media\/3316"}],"wp:attachment":[{"href":"https:\/\/swiety-jozef.pl\/index.php\/wp-json\/wp\/v2\/media?parent=8674"}],"wp:term":[{"taxonomy":"category","embeddable":true,"href":"https:\/\/swiety-jozef.pl\/index.php\/wp-json\/wp\/v2\/categories?post=8674"},{"taxonomy":"post_tag","embeddable":true,"href":"https:\/\/swiety-jozef.pl\/index.php\/wp-json\/wp\/v2\/tags?post=8674"}],"curies":[{"name":"wp","href":"https:\/\/api.w.org\/{rel}","templated":true}]}}