{"id":8663,"date":"2025-03-08T22:21:32","date_gmt":"2025-03-08T21:21:32","guid":{"rendered":"https:\/\/swiety-jozef.pl\/?p=8663"},"modified":"2025-03-08T22:21:35","modified_gmt":"2025-03-08T21:21:35","slug":"ogloszenia-duszpasterskie-09-03-2025-r","status":"publish","type":"post","link":"https:\/\/swiety-jozef.pl\/index.php\/2025\/03\/08\/ogloszenia-duszpasterskie-09-03-2025-r\/","title":{"rendered":"Og\u0142oszenia duszpasterskie 09.03.2025 r."},"content":{"rendered":"\n<!--more-->\n\n\n\n<p class=\"has-text-align-right\">Nowa S\u00f3l 09.03.2025<\/p>\n\n\n\n<h4 class=\"wp-block-heading has-text-align-center\">Og\u0142oszenia duszpasterskie<br>I Niedziela Wielkiego Postu rok C<\/h4>\n\n\n\n<div style=\"height:25px\" aria-hidden=\"true\" class=\"wp-block-spacer\"><\/div>\n\n\n\n<ol class=\"wp-block-list\">\n<li><strong>Dzisiaj I niedziela Wielkiego Postu.<\/strong><\/li>\n\n\n\n<li><strong>W ka\u017cdy pi\u0105tek Wielkiego Postu:<\/strong><strong>Nabo\u017ce\u0144stwo Drogi Krzy\u017cowej. Uczestnicz\u0105c mo\u017cemy zyska\u0107 Odpust zupe\u0142ny.<\/strong><\/li>\n<\/ol>\n\n\n\n<ul class=\"wp-block-list\">\n<li><strong>o godz. <\/strong><strong>16.30<\/strong><strong> \u2013 Droga Krzy\u017cowa wok\u00f3\u0142 ko\u015bcio\u0142a dla dzieci szk\u00f3\u0142 podstawowych.<\/strong><\/li>\n<\/ul>\n\n\n\n<ul class=\"wp-block-list\">\n<li><strong>o godz. <\/strong><strong>17.30<\/strong><strong> \u2013 Droga Krzy\u017cowa dla starszych i po niej bezpo\u015brednio Msza \u015bw.<\/strong><\/li>\n<\/ul>\n\n\n\n<ul class=\"wp-block-list\">\n<li><strong>o godz. <\/strong><strong>18.30<\/strong><strong> \u2013 Droga Krzy\u017cowa <\/strong><strong>dla m\u0142odzie\u017c jako przygotowanie do Sakramentu Bierzmowania.<\/strong><\/li>\n<\/ul>\n\n\n\n<ol start=\"3\" class=\"wp-block-list\">\n<li><strong>W ka\u017cd\u0105 niedziel\u0119 Wielkiego Postu nabo\u017ce\u0144stwo pasyjne Gorzkich \u017bali z kazaniem o M\u0119ce Pa\u0144skiej o godz. 17<\/strong><sup><strong>30<\/strong><\/sup><strong>, ofiary sk\u0142adane przy adoracji krzy\u017ca przeznaczone s\u0105 na kwiaty do Bo\u017cego Grobu.<\/strong><\/li>\n\n\n\n<li><strong>Parafialny Zesp\u00f3\u0142 Caritas informuje, \u017ce organizuje zbi\u00f3rk\u0119 \u017cywno\u015bci dla najbardziej potrzebuj\u0105cych w parafii. Przed o\u0142tarzem w kaplicy i ko\u015bciele s\u0105 wystawiane kosze do kt\u00f3rych mo\u017cna sk\u0142ada\u0107 artyku\u0142y spo\u017cywcze d\u0142ugoterminowe. Ju\u017c dzisiaj dzi\u0119kujemy za tak\u0105 ja\u0142mu\u017cn\u0119 postn\u0105.<\/strong><\/li>\n\n\n\n<li><strong>W przysz\u0142a niedziel\u0119 zbi\u00f3rka do puszek na cele misyjne \u201eDzie\u0142 Pomocy AD GENTES\u201d<\/strong><\/li>\n\n\n\n<li><strong>Rekolekcje wielkopostne w naszej parafii prowadzi\u0142 b\u0119dzie ks. dr Piotr Bartoszek \u2013 duszpasterz akademicki, dyrektor Instytutu Filozoficzno &#8211; Teologicznego Edyty Stein w Zielonej G\u00f3rze. Rekolekcje rozpoczn\u0105 si\u0119 od IV niedzieli Wielkiego Postu w dniach od 30 marca do 2 kwietnia.<\/strong><\/li>\n\n\n\n<li><strong>W czwartek o godz. 16<\/strong><sup><strong>00<\/strong><\/sup><strong> w szkole katolickiej b\u0119dzie mo\u017cliwo\u015b\u0107 rozliczenia PIT 1,5 % dla orkiestry parafialnej<\/strong><\/li>\n\n\n\n<li><strong>Spotkanie m\u0142odzie\u017cy przygotowuj\u0105cej do sakramentu bierzmowania odb\u0119dzie si\u0119 w tym tygodniu: klas VIII <\/strong><strong>w czwartek<\/strong><strong>, klasy VII <\/strong><strong>w pi\u0105tek.<\/strong><strong> Spotkanie formacyjne rozpoczyna si\u0119 Drog\u0105 krzy\u017cow\u0105. o godz. 18<\/strong><sup><strong>30<\/strong><\/sup><strong>.<\/strong><\/li>\n\n\n\n<li><strong>W Roku Jubileuszowym planujemy zorganizowa\u0107 we wrze\u015bniu pielgrzymk\u0119 do Rzymu.<\/strong><strong>Mamy dwie propozycj\u0119:<\/strong><\/li>\n<\/ol>\n\n\n\n<ul class=\"wp-block-list\">\n<li><strong>1\/ Autokarem w dniach 06.09 \u2013 14.09.2025 CENA: 3 890 PLN\/os. plus ok. 200 Euro wej\u015bci\u00f3wki<\/strong><\/li>\n\n\n\n<li><strong>2\/ Samolotem w dniach 08.09 \u2013 15.09.2025 CENA: ok 5790 PLN\/os. plus ok. 200 Euro wej\u015bci\u00f3wki<\/strong><\/li>\n<\/ul>\n\n\n\n<p><strong>Zainteresowane osoby zapraszam na spotkanie organizacyjne 23.03.2025 r. w szkole katolickiej. Wybierzemy jedn\u0105 propozycje. Osoby zainteresowane wyjazdem na pielgrzymk\u0119 mog\u0105 r\u00f3wnie\u017c kontaktowa\u0107 si\u0119 telefonicznie, telefon 609 131&nbsp;799<\/strong><\/p>\n\n\n\n<ol start=\"10\" class=\"wp-block-list\">\n<li><strong>Dzisiaj na Mszy \u015bw. o godz. 11<\/strong><sup><strong>00<\/strong><\/sup><strong> po\u015bwi\u0119cenie ksi\u0105\u017ceczek dla dzieci klas III<\/strong><\/li>\n\n\n\n<li><strong>Dzieci klas III po Mszy \u015bw. prosimy o pozostanie w ko\u015bciele po wpisy do dzienniczk\u00f3w; dzieci klas II i m\u0142odsze zapraszamy do kaplicy po naklejki z dzisiejszej ewangelii.<\/strong><\/li>\n\n\n\n<li><strong><em>Dzi\u0119kujemy za ofiary na tac\u0119 i za przelew na konto parafii. B\u00f3g Zap\u0142a\u0107. Numer konta bankowego parafii: 58 9673 0007 0000 0300 4864 0001<\/em><\/strong><strong>. Za tydzie\u0144 trzecia niedziela miesi\u0105ca \u2013 taca przeznaczona na potrzeby parafii, za wszelka trosk\u0119 \u2013 B\u00f3g zap\u0142a\u0107.<\/strong><\/li>\n\n\n\n<li><strong>Przy wyj\u015bciu z ko\u015bcio\u0142a mo\u017cna naby\u0107 parafialny kalendarz \u2013 dobrowolna ofiara jest przeznaczona na op\u0142aty zwi\u0105zane z utrzymaniem budynku naszego ko\u015bcio\u0142a.<\/strong><\/li>\n\n\n\n<li>Dzi\u0119kujemy 2 wiernym z ul.<strong> Arkadia <\/strong>i <strong>2 osobom ch\u0119tnym<\/strong>za sprz\u0105tanie ko\u015bcio\u0142a i ofiary na kwiaty. <strong>Msza \u015bw. za te rodziny 28.03.25 o godz 7<\/strong><sup><strong>00<\/strong><\/sup><strong>.<\/strong><strong> Z ul. Zak\u0105tek nikt nie przyszed\u0142 sprz\u0105ta\u0107 ko\u015bcio\u0142a.<\/strong><\/li>\n\n\n\n<li><strong>W sobot\u0119 o godz. 9<\/strong><sup><strong>00<\/strong><\/sup><strong> do sprz\u0105tania ko\u015bcio\u0142a zapraszam wiernych zamieszka\u0142ych na ul. Kurpi\u0144skiego, Lutos\u0142awskiego, Kar\u0142owicza, Bacewicz.<\/strong><\/li>\n\n\n\n<li><strong>Zach\u0119camy do lektury i zakupu prasy katolickiej: Niedziela, Go\u015b\u0107 Niedzielny, Ma\u0142y Go\u015b\u0107, Go\u015b\u0107 Ekstra<\/strong><\/li>\n\n\n\n<li><strong>W minionym tygodniu z naszej parafii zmar\u0142:<\/strong> Jerzy<strong> Nowak<\/strong> z ul. Staszica<\/li>\n\n\n\n<li>Pami\u0119tajmy o zmar\u0142ych polecaj\u0105c ich Mi\u0142osierdziu Bo\u017cemu.<\/li>\n\n\n\n<li>Pozdrawiamy wszystkich chorych, pami\u0119tamy o Was w modlitwie, \u017cycz\u0105c szybkiego powrotu do zdrowia.<\/li>\n<\/ol>\n\n\n\n<p><a><\/a> <strong>Wszystkim parafianom<\/strong><strong> i go\u015bciom \u017cyczymy dobrej niedzieli i Bo\u017cego b\u0142ogos\u0142awie\u0144stwa.<\/strong><\/p>\n\n\n\n<p class=\"has-text-align-right\">Ks. Krzysztof Kocz<br>Proboszcz<\/p>\n\n\n\n<div style=\"height:40px\" aria-hidden=\"true\" class=\"wp-block-spacer\"><\/div>\n","protected":false},"excerpt":{"rendered":"","protected":false},"author":3,"featured_media":3316,"comment_status":"closed","ping_status":"closed","sticky":false,"template":"","format":"standard","meta":{"_lmt_disableupdate":"","_lmt_disable":"","footnotes":""},"categories":[19],"tags":[],"class_list":["post-8663","post","type-post","status-publish","format-standard","has-post-thumbnail","hentry","category-ogloszenia"],"_links":{"self":[{"href":"https:\/\/swiety-jozef.pl\/index.php\/wp-json\/wp\/v2\/posts\/8663","targetHints":{"allow":["GET"]}}],"collection":[{"href":"https:\/\/swiety-jozef.pl\/index.php\/wp-json\/wp\/v2\/posts"}],"about":[{"href":"https:\/\/swiety-jozef.pl\/index.php\/wp-json\/wp\/v2\/types\/post"}],"author":[{"embeddable":true,"href":"https:\/\/swiety-jozef.pl\/index.php\/wp-json\/wp\/v2\/users\/3"}],"replies":[{"embeddable":true,"href":"https:\/\/swiety-jozef.pl\/index.php\/wp-json\/wp\/v2\/comments?post=8663"}],"version-history":[{"count":1,"href":"https:\/\/swiety-jozef.pl\/index.php\/wp-json\/wp\/v2\/posts\/8663\/revisions"}],"predecessor-version":[{"id":8664,"href":"https:\/\/swiety-jozef.pl\/index.php\/wp-json\/wp\/v2\/posts\/8663\/revisions\/8664"}],"wp:featuredmedia":[{"embeddable":true,"href":"https:\/\/swiety-jozef.pl\/index.php\/wp-json\/wp\/v2\/media\/3316"}],"wp:attachment":[{"href":"https:\/\/swiety-jozef.pl\/index.php\/wp-json\/wp\/v2\/media?parent=8663"}],"wp:term":[{"taxonomy":"category","embeddable":true,"href":"https:\/\/swiety-jozef.pl\/index.php\/wp-json\/wp\/v2\/categories?post=8663"},{"taxonomy":"post_tag","embeddable":true,"href":"https:\/\/swiety-jozef.pl\/index.php\/wp-json\/wp\/v2\/tags?post=8663"}],"curies":[{"name":"wp","href":"https:\/\/api.w.org\/{rel}","templated":true}]}}