{"id":8638,"date":"2025-03-01T11:09:20","date_gmt":"2025-03-01T10:09:20","guid":{"rendered":"https:\/\/swiety-jozef.pl\/?p=8638"},"modified":"2025-03-01T11:09:22","modified_gmt":"2025-03-01T10:09:22","slug":"ogloszenia-duszpasterskie-02-03-2025-r","status":"publish","type":"post","link":"https:\/\/swiety-jozef.pl\/index.php\/2025\/03\/01\/ogloszenia-duszpasterskie-02-03-2025-r\/","title":{"rendered":"Og\u0142oszenia duszpasterskie 02.03.2025 r."},"content":{"rendered":"\n<!--more-->\n\n\n\n<p class=\"has-text-align-right\">Nowa S\u00f3l 02.03.2025<\/p>\n\n\n\n<h4 class=\"wp-block-heading has-text-align-center\">Og\u0142oszenia duszpasterskie<br>VIII Niedziela okresu zwyk\u0142ego rok C<\/h4>\n\n\n\n<div style=\"height:25px\" aria-hidden=\"true\" class=\"wp-block-spacer\"><\/div>\n\n\n\n<ol class=\"wp-block-list\">\n<li><strong>Dzisiaj I niedziela miesi\u0105ca &#8211; zmiana tajemnic \u017bywego R\u00f3\u017ca\u0144ca po Mszy \u015bw. o godz. 7<\/strong><sup><strong>30<\/strong><\/sup><strong> a po Mszy \u015bw. o godz 18<\/strong><sup><strong>30 <\/strong><\/sup><strong>nauka dla rodzic\u00f3w i chrzestnych przed chrztem \u015bw. dzieci<\/strong><\/li>\n\n\n\n<li><strong>Dzisiaj w ko\u015bciele \u015bw. Antoniego o godz. 18<\/strong><sup><strong>30<\/strong><\/sup><strong> Msza \u015bw. w intencji \u017bo\u0142nierzy Wykl\u0119tych, po mszy \u015bw. Marsz \u017bo\u0142nierzy Wykl\u0119tych &#8211; zapraszamy<\/strong><\/li>\n\n\n\n<li><strong>W \u015brod\u0119 \u2013 5 marca przypada \u015aRODA POPIELCOWA, kt\u00f3ra rozpoczyna okres Wielkiego Postu, czasu przygotowania do \u015awi\u0105t Zmartwychwstania Pa\u0144skiego.<\/strong><\/li>\n\n\n\n<li><strong>Msze \u015awi\u0119te w \u015arod\u0119 Popielcow\u0105 z posypaniem g\u0142\u00f3w popio\u0142em: o godz. 7<\/strong><sup><strong>00<\/strong><\/sup><strong>\u00a0, godz. 9<\/strong><sup><strong>00<\/strong><\/sup><strong>, godz. 10<\/strong><sup><strong>30<\/strong><\/sup><strong>, godz. 16<\/strong><sup><strong>30<\/strong><\/sup><strong>. Mszy \u015bw. o godz. 18<\/strong><sup><strong>00<\/strong><\/sup><strong> przewodniczy\u0142 b\u0119dzie ks. Bp. Pawe\u0142 Socha<\/strong><\/li>\n\n\n\n<li><strong>W \u015arod\u0119 Popielcow\u0105 obowi\u0105zuje \u015bcis\u0142y post i abstynencja od napoj\u00f3w alkoholowych. Dzie\u0144 ten rozpoczyna Tydzie\u0144 Modlitw o trze\u017awo\u015b\u0107 w naszym narodzie, jak r\u00f3wnie\u017c jest dniem solidarno\u015bci z kap\u0142anami-seniorami naszej diecezji. Ksi\u0119ga abstynencji wystawiona przy chrzcielnicy.<\/strong><\/li>\n\n\n\n<li><strong>Taca w \u015arod\u0119 Popielcow\u0105 przeznaczona jest na Domu Ksi\u0119\u017cy Emeryt\u00f3w.<\/strong><\/li>\n\n\n\n<li><strong>W ka\u017cdy pi\u0105tek Wielkiego Postu: Nabo\u017ce\u0144stwo Drogi Krzy\u017cowej<\/strong>\n<ul start=\"0\" class=\"wp-block-list\">\n<li><strong>godz. 16<\/strong><sup><strong>30<\/strong><\/sup><strong> \u2013 Droga Krzy\u017cowa dla dzieci szk\u00f3\u0142 podstawowych &#8211; zako\u0144czona Komuni\u0105 \u015bw.<\/strong><\/li>\n\n\n\n<li><strong>godz. 17<\/strong><sup><strong>30<\/strong><\/sup><strong> \u2013 Droga Krzy\u017cowa dla starszych i po niej bezpo\u015brednio Msza \u015bw.<\/strong><\/li>\n\n\n\n<li><strong>godz. 18<\/strong><sup><strong>00 <\/strong><\/sup><strong>\u2013 Msza \u015bw.<\/strong><\/li>\n\n\n\n<li><strong>godz. 18<\/strong><sup><strong>30<\/strong><\/sup><strong> \u2013 Droga Krzy\u017cowa dla m\u0142odzie\u017c jako duchowe przygotowanie do Sakramentu Bierzmowania,\u00a0oraz m\u0142odzie\u017cy szko\u0142y \u015bredniej i doros\u0142ych. Jest to nasza ekspiacja za nasze grzechy.<\/strong><\/li>\n<\/ul>\n<\/li>\n\n\n\n<li><strong>W ka\u017cd\u0105 niedziel\u0119 Wielkiego Postu b\u0119dziemy \u015bpiewa\u0107 nabo\u017ce\u0144stwo pasyjne Gorzkich \u017bali z kazaniem o M\u0119ce Pa\u0144skiej o godz. 17<\/strong><sup><strong>30<\/strong><\/sup><strong>.<\/strong><\/li>\n\n\n\n<li><strong>Na zako\u0144czenie Gorzkich \u017bali adoracja krzy\u017ca przez przykl\u0119kni\u0119cie, dla chorych przez skon g\u0142owy, ofiary sk\u0142adane przy adoracji krzy\u017ca przeznaczone s\u0105 na kwiaty do Bo\u017cego Grobu.<br>Prosz\u0119 wszystkich Parafian, aby nie zmarnowa\u0107 tego czasu modlitwy i pokuty.<\/strong><\/li>\n\n\n\n<li><strong>Rekolekcje wielkopostne w naszej parafii prowadzi\u0142 b\u0119dzie ks. dr Piotr Bartoszek \u2013 duszpasterz akademicki, dyrektor Instytutu Filozoficzno &#8211; Teologicznego Edyty Stein w Zielonej G\u00f3rze. Rekolekcje rozpoczn\u0105 si\u0119 od IV niedzieli Wielkiego Postu w dniach od 30 marca do 2 kwietnia.<\/strong><\/li>\n\n\n\n<li><strong>W tym tygodniu I czwartek i I pi\u0105tek miesi\u0105ca.<\/strong><\/li>\n<\/ol>\n\n\n\n<div class=\"wp-block-group\"><div class=\"wp-block-group__inner-container is-layout-constrained wp-block-group-is-layout-constrained\">\n<ul class=\"wp-block-list\">\n<li>&#8211; <strong>W czwartek o godz. 16<\/strong><sup><strong>30<\/strong><\/sup><strong> spotkanie Przyjaci\u00f3\u0142 Parady\u017ca &#8211; na plebanii.<\/strong><\/li>\n\n\n\n<li><strong>&#8211; W pi\u0105tek od godz. 15<\/strong><sup><strong>00<\/strong><\/sup><strong> \u2013 Godzina Mi\u0142osierdzia i Adoracja Naj\u015bwi\u0119tszego Sakramentu z nabo\u017ce\u0144stwem wynagradzaj\u0105cym.<\/strong><\/li>\n\n\n\n<li><strong>&#8211; Spowied\u017a \u015bw pierwszopi\u0105tkowa w pi\u0105tek od godz. 15<\/strong><sup><strong>00<\/strong><\/sup><strong> do 18<\/strong><sup><strong>00<\/strong><\/sup><\/li>\n<\/ul>\n<\/div><\/div>\n\n\n\n<ol start=\"12\" class=\"wp-block-list\">\n<li> <strong>W czwartek o godz. 16<\/strong><sup><strong>00<\/strong><\/sup><strong> w szkole katolickiej b\u0119dzie mo\u017cliwo\u015b\u0107 rozliczenia PIT 1,5 % dla orkiestry parafialnej<\/strong><\/li>\n\n\n\n<li><strong>W sobot\u0119 Dzie\u0144 Kobiet \u2013 paniom \u017cyczymy Bo\u017cego b\u0142ogos\u0142awie\u0144stwa.<\/strong><\/li>\n\n\n\n<li><strong>Rodzice i dziadkowie 2 letniej Laury Wolniewicz dzi\u0119kuj\u0105 za z\u0142o\u017cone ofiary w wysoko\u015bci 25 ty\u015b z\u0142 na pomoc w leczeniu dziecka. Wszystkim ofiarodawcom serdecznie B\u00f3g zap\u0142a\u0107.<\/strong><\/li>\n\n\n\n<li><strong>Dzieci klas III po Mszy \u015bw. prosimy o pozostanie w ko\u015bciele po wpisy do dzienniczk\u00f3w; dzieci klas II i m\u0142odsze zapraszamy do kaplicy po naklejki z dzisiejszej ewangelii.<\/strong><\/li>\n\n\n\n<li><strong><em>Dzi\u0119kujemy za ofiary na tac\u0119 i za przelew na konto parafii. B\u00f3g Zap\u0142a\u0107. Numer konta bankowego parafii: 58 9673 0007 0000 0300 4864 0001<\/em><\/strong><\/li>\n\n\n\n<li><strong>Przy wyj\u015bciu z ko\u015bcio\u0142a mo\u017cna naby\u0107 parafialny kalendarz \u2013 dobrowolna ofiara jest przeznaczona na op\u0142aty zwi\u0105zane z utrzymaniem budynku naszego ko\u015bcio\u0142a.<\/strong><\/li>\n\n\n\n<li>Dzi\u0119kujemy 4 wiernym z ul. <strong>Kaczkowskiego i Norwida<\/strong> i <strong>2 osobom ch\u0119tnym<\/strong>za sprz\u0105tanie ko\u015bcio\u0142a i ofiary na kwiaty. <strong>Msza \u015bw. za te rodziny 11.04.25 o godz 7<\/strong><sup><strong>00<\/strong><\/sup><strong>.<\/strong><\/li>\n\n\n\n<li><strong>W sobot\u0119 o godz. 9<\/strong><sup><strong>00<\/strong><\/sup><strong> do sprz\u0105tania ko\u015bcio\u0142a zapraszam wiernych zamieszka\u0142ych na ul. Zak\u0105tek i Arkadia.<\/strong><\/li>\n\n\n\n<li><strong>Zach\u0119camy do lektury i zakupu prasy katolickiej: Niedziela, Go\u015b\u0107 Niedzielny, Ma\u0142y Go\u015b\u0107, Go\u015b\u0107 Ekstra<\/strong><\/li>\n\n\n\n<li><strong>W minionym tygodniu z naszej parafii zmar\u0142:<\/strong> Kazimierz <strong>Kasprzak<\/strong> z ul. Broniewskiego<\/li>\n\n\n\n<li>Pami\u0119tajmy o zmar\u0142ych polecaj\u0105c ich Mi\u0142osierdziu Bo\u017cemu.<\/li>\n\n\n\n<li>Pozdrawiamy wszystkich chorych, pami\u0119tamy o Was w modlitwie, \u017cycz\u0105c szybkiego powrotu do zdrowia.<\/li>\n\n\n\n<li><strong>Wszystkim parafianom<\/strong><strong> i go\u015bciom \u017cyczymy dobrej niedzieli i Bo\u017cego b\u0142ogos\u0142awie\u0144stwa.<\/strong><\/li>\n<\/ol>\n\n\n\n<p class=\"has-text-align-right\">Ks. Krzysztof Kocz<br>Proboszcz<\/p>\n\n\n\n<div style=\"height:40px\" aria-hidden=\"true\" class=\"wp-block-spacer\"><\/div>\n","protected":false},"excerpt":{"rendered":"","protected":false},"author":3,"featured_media":3316,"comment_status":"closed","ping_status":"closed","sticky":false,"template":"","format":"standard","meta":{"_lmt_disableupdate":"","_lmt_disable":"","footnotes":""},"categories":[19],"tags":[],"class_list":["post-8638","post","type-post","status-publish","format-standard","has-post-thumbnail","hentry","category-ogloszenia"],"_links":{"self":[{"href":"https:\/\/swiety-jozef.pl\/index.php\/wp-json\/wp\/v2\/posts\/8638","targetHints":{"allow":["GET"]}}],"collection":[{"href":"https:\/\/swiety-jozef.pl\/index.php\/wp-json\/wp\/v2\/posts"}],"about":[{"href":"https:\/\/swiety-jozef.pl\/index.php\/wp-json\/wp\/v2\/types\/post"}],"author":[{"embeddable":true,"href":"https:\/\/swiety-jozef.pl\/index.php\/wp-json\/wp\/v2\/users\/3"}],"replies":[{"embeddable":true,"href":"https:\/\/swiety-jozef.pl\/index.php\/wp-json\/wp\/v2\/comments?post=8638"}],"version-history":[{"count":7,"href":"https:\/\/swiety-jozef.pl\/index.php\/wp-json\/wp\/v2\/posts\/8638\/revisions"}],"predecessor-version":[{"id":8645,"href":"https:\/\/swiety-jozef.pl\/index.php\/wp-json\/wp\/v2\/posts\/8638\/revisions\/8645"}],"wp:featuredmedia":[{"embeddable":true,"href":"https:\/\/swiety-jozef.pl\/index.php\/wp-json\/wp\/v2\/media\/3316"}],"wp:attachment":[{"href":"https:\/\/swiety-jozef.pl\/index.php\/wp-json\/wp\/v2\/media?parent=8638"}],"wp:term":[{"taxonomy":"category","embeddable":true,"href":"https:\/\/swiety-jozef.pl\/index.php\/wp-json\/wp\/v2\/categories?post=8638"},{"taxonomy":"post_tag","embeddable":true,"href":"https:\/\/swiety-jozef.pl\/index.php\/wp-json\/wp\/v2\/tags?post=8638"}],"curies":[{"name":"wp","href":"https:\/\/api.w.org\/{rel}","templated":true}]}}