{"id":8625,"date":"2025-02-15T20:23:51","date_gmt":"2025-02-15T19:23:51","guid":{"rendered":"https:\/\/swiety-jozef.pl\/?p=8625"},"modified":"2025-02-17T03:45:54","modified_gmt":"2025-02-17T02:45:54","slug":"ogloszenia-duszpasterskie-16-02-2025-r","status":"publish","type":"post","link":"https:\/\/swiety-jozef.pl\/index.php\/2025\/02\/15\/ogloszenia-duszpasterskie-16-02-2025-r\/","title":{"rendered":"Og\u0142oszenia duszpasterskie 16.02.2025 r."},"content":{"rendered":"\n<!--more-->\n\n\n\n<p class=\"has-text-align-right\">Nowa S\u00f3l 16.02.2025<\/p>\n\n\n\n<h4 class=\"wp-block-heading has-text-align-center\">Og\u0142oszenia duszpasterskie<br>VI Niedziela okresu zwyk\u0142ego rok C<\/h4>\n\n\n\n<div style=\"height:25px\" aria-hidden=\"true\" class=\"wp-block-spacer\"><\/div>\n\n\n\n<ol class=\"wp-block-list\">\n<li><strong>Dzisiaj VI <\/strong><strong>niedziela okresu zwyk\u0142ego<\/strong><\/li>\n\n\n\n<li><strong>W \u015brod\u0119 o godz. 18<\/strong><sup><strong>00<\/strong><\/sup><strong> zapraszamy Nowenn\u0119 do MB Nieostaj\u0105cej Pomocy i \u015bw. J\u00f3zefa.<\/strong><\/li>\n\n\n\n<li><strong>Z pro\u015bb\u0105 do naszej parafii zwr\u00f3cili si\u0119 rodzice i dziadkowie 2 letniej Laury Wolniewicz z pro\u015bb\u0105 o wsparcie w leczeniu. W grudniu ubieg\u0142ego roku u Laury stwierdzono Zesp\u00f3\u0142 Retta. U dzieci z t\u0105 chorob\u0105 wszystkie umiej\u0119tno\u015bci zanikaj\u0105, czyli dziecko zapomina jak si\u0119 m\u00f3wi, siada, je. Choroba objawia si\u0119 nagle i od razu z du\u017cym nasileniem. Nadziej\u0105 dla Laury jest nowoczesny lek i leczenie w Stanach Zjednoczonych. Koszt terapii to 11 mln z\u0142. W przysz\u0142\u0105 niedziele po mszach \u015bwi\u0119tych b\u0119dzie mo\u017cna z\u0142o\u017cy\u0107 ofiary do puszek na leczenia Laury.<\/strong><\/li>\n\n\n\n<li><strong>Dzieci klas III po Mszy \u015bw. prosimy o pozostanie w ko\u015bciele po wpisy do dzienniczk\u00f3w; dzieci klas II i m\u0142odsze zapraszamy do kaplicy po naklejki z dzisiejszej ewangelii.<\/strong><\/li>\n\n\n\n<li><strong>Przy wyj\u015bciach z ko\u015bcio\u0142a cz\u0142onkowie naszej Orkiestry &#8222;Fermata Band&#8221; b\u0119d\u0105 rozdawa\u0107 ulotki zach\u0119caj\u0105ce do finansowego wsparcia. Mo\u017cna to uczyni\u0107 np. przekazuj\u0105c w PIT 1,5% podatku na rzecz Stowarzyszenia Kultury Chrze\u015bcija\u0144skiej &#8222;Chora\u0142&#8221;. Jeste\u015bmy wdzi\u0119czni za ka\u017cd\u0105 pomoc&#8221;.<\/strong><\/li>\n\n\n\n<li><strong>W \u015brod\u0119 zapraszamy na msz\u0119 \u015bw. w intencji ks. Konrada z okazji imienin.<\/strong><\/li>\n\n\n\n<li><strong>W pi\u0105tek o godz. 18<\/strong><strong><sup>30<\/sup><\/strong><strong> spotkanie z rodzicami dzieci klas III w ramach przygotowania do I Komunii \u015bw.<\/strong><\/li>\n\n\n\n<li> <strong><em>Dzi\u0119kujemy za ofiary na tac\u0119 i za przelew na konto parafii. B\u00f3g Zap\u0142a\u0107. Numer konta bankowego parafii: 58 9673 0007 0000 0300 4864 0001<\/em><\/strong><\/li>\n\n\n\n<li><strong>Dzisiaj 3 niedziela miesi\u0105ca taca przeznaczona na potrzeby parafii. Za trosk\u0119 serdeczne B\u00f3g zap\u0142a\u0107<\/strong><\/li>\n\n\n\n<li><strong>Przy wyj\u015bciu z ko\u015bcio\u0142a mo\u017cna naby\u0107 parafialny kalendarz \u2013 dobrowolna ofiara jest przeznaczona na op\u0142aty zwi\u0105zane z utrzymaniem budynku naszego ko\u015bcio\u0142a.<\/strong><\/li>\n\n\n\n<li><strong>Na pro\u015bb\u0119 os\u00f3b starszych zwracam si\u0119 do os\u00f3b potrafi\u0105cych rozlicza\u0107 PIT o zg\u0142oszenie si\u0119 do zakrystii, spr\u00f3bujemy w drugiej po\u0142owie lutego stworzy\u0107 dy\u017cury ksi\u0119gowych aby odzyska\u0107 1,5% podatku na cele parafii.<\/strong><\/li>\n\n\n\n<li><strong>Dzi\u0119kujemy 7 osobom<\/strong><strong> z ul<\/strong><strong>. <\/strong><strong>Sk\u0142odowskiej Curie i <\/strong><strong>3 osobom ch\u0119tnym<\/strong> za sprz\u0105tanie ko\u015bcio\u0142a i ofiary na kwiaty. <strong>Msza \u015bw. za te rodziny 13.03.25 o godz 7<\/strong><sup><strong>00<\/strong><\/sup>.<\/li>\n\n\n\n<li><strong>W sobot\u0119 o godz. 9<\/strong><sup><strong>00<\/strong><\/sup><strong> do sprz\u0105tania ko\u015bcio\u0142a zapraszam wiernych zamieszka\u0142ych na ul. Kr\u00f3tka, Pasieczna, Broniewskiego, Ga\u0142czy\u0144skiego<\/strong><\/li>\n\n\n\n<li><strong>Zach\u0119camy do lektury i zakupu prasy katolickiej: Niedziela, Go\u015b\u0107 Niedzielny, Ma\u0142y Go\u015b\u0107.<\/strong><\/li>\n\n\n\n<li><strong>W minionym tygodniu z naszej parafii zmarli:<\/strong> Stanis\u0142aw <strong>Lopko <\/strong>z ul. Matejki; Zbigniew <strong>Kr\u00f3lik<\/strong> z ul. Fredry; Miros\u0142awa <strong>Wojcieszak<\/strong> z ul. 1 Maja; Franciszek <strong>Grzesiowski<\/strong> z ul. Fredry<\/li>\n\n\n\n<li>Pami\u0119tajmy o zmar\u0142ych polecaj\u0105c ich Mi\u0142osierdziu Bo\u017cemu.<\/li>\n\n\n\n<li><strong>Pozdrawiamy wszystkich chorych, pami\u0119tamy o Was w modlitwie, \u017cycz\u0105c szybkiego powrotu do zdrowia.<\/strong><\/li>\n\n\n\n<li><strong>Wszystkim parafianom<\/strong><strong> i go\u015bciom \u017cyczymy dobrej niedzieli i Bo\u017cego b\u0142ogos\u0142awie\u0144stwa.<\/strong><\/li>\n<\/ol>\n\n\n\n<p class=\"has-text-align-right\">Ks. Krzysztof Kocz<br>Proboszcz<\/p>\n\n\n\n<div style=\"height:40px\" aria-hidden=\"true\" class=\"wp-block-spacer\"><\/div>\n","protected":false},"excerpt":{"rendered":"","protected":false},"author":3,"featured_media":3316,"comment_status":"closed","ping_status":"closed","sticky":false,"template":"","format":"standard","meta":{"_lmt_disableupdate":"","_lmt_disable":"","footnotes":""},"categories":[19],"tags":[],"class_list":["post-8625","post","type-post","status-publish","format-standard","has-post-thumbnail","hentry","category-ogloszenia"],"_links":{"self":[{"href":"https:\/\/swiety-jozef.pl\/index.php\/wp-json\/wp\/v2\/posts\/8625","targetHints":{"allow":["GET"]}}],"collection":[{"href":"https:\/\/swiety-jozef.pl\/index.php\/wp-json\/wp\/v2\/posts"}],"about":[{"href":"https:\/\/swiety-jozef.pl\/index.php\/wp-json\/wp\/v2\/types\/post"}],"author":[{"embeddable":true,"href":"https:\/\/swiety-jozef.pl\/index.php\/wp-json\/wp\/v2\/users\/3"}],"replies":[{"embeddable":true,"href":"https:\/\/swiety-jozef.pl\/index.php\/wp-json\/wp\/v2\/comments?post=8625"}],"version-history":[{"count":3,"href":"https:\/\/swiety-jozef.pl\/index.php\/wp-json\/wp\/v2\/posts\/8625\/revisions"}],"predecessor-version":[{"id":8631,"href":"https:\/\/swiety-jozef.pl\/index.php\/wp-json\/wp\/v2\/posts\/8625\/revisions\/8631"}],"wp:featuredmedia":[{"embeddable":true,"href":"https:\/\/swiety-jozef.pl\/index.php\/wp-json\/wp\/v2\/media\/3316"}],"wp:attachment":[{"href":"https:\/\/swiety-jozef.pl\/index.php\/wp-json\/wp\/v2\/media?parent=8625"}],"wp:term":[{"taxonomy":"category","embeddable":true,"href":"https:\/\/swiety-jozef.pl\/index.php\/wp-json\/wp\/v2\/categories?post=8625"},{"taxonomy":"post_tag","embeddable":true,"href":"https:\/\/swiety-jozef.pl\/index.php\/wp-json\/wp\/v2\/tags?post=8625"}],"curies":[{"name":"wp","href":"https:\/\/api.w.org\/{rel}","templated":true}]}}