{"id":8619,"date":"2025-02-08T21:25:16","date_gmt":"2025-02-08T20:25:16","guid":{"rendered":"https:\/\/swiety-jozef.pl\/?p=8619"},"modified":"2025-02-08T21:25:18","modified_gmt":"2025-02-08T20:25:18","slug":"xxxiii-swiatowy-dzien-chorego-w-diecezji-zielonogorsko-gorzowskiej","status":"publish","type":"post","link":"https:\/\/swiety-jozef.pl\/index.php\/2025\/02\/08\/xxxiii-swiatowy-dzien-chorego-w-diecezji-zielonogorsko-gorzowskiej\/","title":{"rendered":"XXXIII \u015awiatowy Dzie\u0144 Chorego w diecezji zielonog\u00f3rsko-gorzowskiej"},"content":{"rendered":"\n<!--more-->\n\n\n\n<div style=\"height:25px\" aria-hidden=\"true\" class=\"wp-block-spacer\"><\/div>\n\n\n<div class=\"wp-block-image\">\n<figure class=\"aligncenter size-large\"><img fetchpriority=\"high\" decoding=\"async\" width=\"660\" height=\"1024\" src=\"https:\/\/swiety-jozef.pl\/wp-content\/uploads\/2025\/02\/swdzienchoregowdzg25-660x1024.jpg\" alt=\"\" class=\"wp-image-8620\" srcset=\"https:\/\/swiety-jozef.pl\/wp-content\/uploads\/2025\/02\/swdzienchoregowdzg25-660x1024.jpg 660w, https:\/\/swiety-jozef.pl\/wp-content\/uploads\/2025\/02\/swdzienchoregowdzg25-193x300.jpg 193w, https:\/\/swiety-jozef.pl\/wp-content\/uploads\/2025\/02\/swdzienchoregowdzg25-768x1191.jpg 768w, https:\/\/swiety-jozef.pl\/wp-content\/uploads\/2025\/02\/swdzienchoregowdzg25-585x907.jpg 585w, https:\/\/swiety-jozef.pl\/wp-content\/uploads\/2025\/02\/swdzienchoregowdzg25.jpg 800w\" sizes=\"(max-width: 660px) 100vw, 660px\" \/><\/figure>\n<\/div>\n\n\n<div style=\"height:40px\" aria-hidden=\"true\" class=\"wp-block-spacer\"><\/div>\n","protected":false},"excerpt":{"rendered":"","protected":false},"author":3,"featured_media":8621,"comment_status":"closed","ping_status":"closed","sticky":false,"template":"","format":"standard","meta":{"_lmt_disableupdate":"","_lmt_disable":"","footnotes":""},"categories":[1],"tags":[],"class_list":["post-8619","post","type-post","status-publish","format-standard","has-post-thumbnail","hentry","category-bez-kategorii"],"_links":{"self":[{"href":"https:\/\/swiety-jozef.pl\/index.php\/wp-json\/wp\/v2\/posts\/8619","targetHints":{"allow":["GET"]}}],"collection":[{"href":"https:\/\/swiety-jozef.pl\/index.php\/wp-json\/wp\/v2\/posts"}],"about":[{"href":"https:\/\/swiety-jozef.pl\/index.php\/wp-json\/wp\/v2\/types\/post"}],"author":[{"embeddable":true,"href":"https:\/\/swiety-jozef.pl\/index.php\/wp-json\/wp\/v2\/users\/3"}],"replies":[{"embeddable":true,"href":"https:\/\/swiety-jozef.pl\/index.php\/wp-json\/wp\/v2\/comments?post=8619"}],"version-history":[{"count":1,"href":"https:\/\/swiety-jozef.pl\/index.php\/wp-json\/wp\/v2\/posts\/8619\/revisions"}],"predecessor-version":[{"id":8622,"href":"https:\/\/swiety-jozef.pl\/index.php\/wp-json\/wp\/v2\/posts\/8619\/revisions\/8622"}],"wp:featuredmedia":[{"embeddable":true,"href":"https:\/\/swiety-jozef.pl\/index.php\/wp-json\/wp\/v2\/media\/8621"}],"wp:attachment":[{"href":"https:\/\/swiety-jozef.pl\/index.php\/wp-json\/wp\/v2\/media?parent=8619"}],"wp:term":[{"taxonomy":"category","embeddable":true,"href":"https:\/\/swiety-jozef.pl\/index.php\/wp-json\/wp\/v2\/categories?post=8619"},{"taxonomy":"post_tag","embeddable":true,"href":"https:\/\/swiety-jozef.pl\/index.php\/wp-json\/wp\/v2\/tags?post=8619"}],"curies":[{"name":"wp","href":"https:\/\/api.w.org\/{rel}","templated":true}]}}