{"id":8615,"date":"2025-02-08T21:16:22","date_gmt":"2025-02-08T20:16:22","guid":{"rendered":"https:\/\/swiety-jozef.pl\/?p=8615"},"modified":"2025-02-08T21:16:24","modified_gmt":"2025-02-08T20:16:24","slug":"list-biskupa-zielonogorsko-gorzowskiego-na-xxxiii-swiatowy-dzien-chorego","status":"publish","type":"post","link":"https:\/\/swiety-jozef.pl\/index.php\/2025\/02\/08\/list-biskupa-zielonogorsko-gorzowskiego-na-xxxiii-swiatowy-dzien-chorego\/","title":{"rendered":"List Biskupa Zielonog\u00f3rsko-Gorzowskiego na XXXIII \u015awiatowy Dzie\u0144 Chorego"},"content":{"rendered":"\n<!--more-->\n\n\n\n<div style=\"height:25px\" aria-hidden=\"true\" class=\"wp-block-spacer\"><\/div>\n\n\n\n<p class=\"has-text-align-center\"><strong>List Biskupa Zielonog\u00f3rsko-Gorzowskiego na XXXIII \u015awiatowy Dzie\u0144 Chorego<\/strong><\/p>\n\n\n\n<p>Drodzy Diecezjanie,<\/p>\n\n\n\n<p>w \u017cyciu ka\u017cdego z nas s\u0105 wydarzenia, kt\u00f3re mocno kszta\u0142tuj\u0105 nasz\u0105 osobowo\u015b\u0107. Wielo\u015b\u0107 do\u015bwiadcze\u0144, zar\u00f3wno tych dobrych, jak i trudnych sprawia, \u017ce stajemy si\u0119 takimi a nie innymi lud\u017ami. Nios\u0105c histori\u0119 swojej przesz\u0142o\u015bci pragniemy, by przysz\u0142o\u015b\u0107 by\u0142a pe\u0142na nadziei, \u201enadziei, kt\u00f3ra zawie\u015b\u0107 nie mo\u017ce\u201d (Rz 5,5). Obchodz\u0105c w najbli\u017cszy wtorek, we wspomnienie Naj\u015bwi\u0119tszej Maryi Panny z Lourdes, XXXIII&nbsp;\u015awiatowy Dzie\u0144 Chorego, jeste\u015bmy zaproszeni jako wsp\u00f3lnota Ko\u015bcio\u0142a do \u201ezwr\u00f3cenia uwagi na chorych i na tych, kt\u00f3rzy si\u0119 nimi opiekuj\u0105\u201d. Choroba, kt\u00f3ra dotyka wielu z nas i&nbsp;naszych bliskich, jest \u017ar\u00f3d\u0142em wielkich cierpie\u0144 \u2013 zar\u00f3wno fizycznych, jak i duchowych. Poczucie niemocy wobec prze\u017cywanej choroby rodzi w nas egzystencjalne pytania, kt\u00f3re niejednokrotnie burz\u0105 nasz\u0105 wiar\u0119 i nadziej\u0119. \u201eWe wszystkich tych okoliczno\u015bciach\u201d, jak uczy nas papie\u017c Franciszek w or\u0119dziu na tegoroczny \u015awiatowy Dzie\u0144 Chorego, \u201eodczuwamy potrzeb\u0119 wsparcia wi\u0119kszego od nas: potrzebujemy pomocy Boga, Jego \u0142aski, Jego Opatrzno\u015bci, tej si\u0142y, kt\u00f3ra jest darem Jego Ducha\u201d.<\/p>\n\n\n\n<p>Wielk\u0105 potrzeb\u0119 takiego wsparcia odczuwa\u0142 prorok Izajasz. Liturgia S\u0142owa ukazuje go dzisiaj w trudnym momencie historii swojego narodu. Z jednej strony zachwyca si\u0119 rozwojem gospodarczym, z drugiej do\u015bwiadcza ogromnych r\u00f3\u017cnic spo\u0142ecznych. Zawi\u0105zywane wci\u0105\u017c nowe koalicje militarne z innymi pa\u0144stwami, by uchroni\u0107 si\u0119 przed wojn\u0105, prowadz\u0105 do odej\u015bcia od wiary w prawdziwego Boga i&nbsp;zwr\u00f3cenia si\u0119 ku fascynacji bo\u017ckami. Prze\u017cywane rozterki i dylematy prowadz\u0105 Izajasza do modlitwy w \u015bwi\u0105tyni jerozolimskiej, podczas kt\u00f3rej do\u015bwiadcza on \u201ewsparcia wi\u0119kszego od siebie\u201d \u2013 Boga, kt\u00f3ry wewn\u0119trznie przywraca mu \u017cycie w nadziei. To do\u015bwiadczenie Izajasza jest do\u015bwiadczeniem uniwersalnym. W s\u0142abo\u015bci cz\u0142owiek szuka tego, co mocne. Odrzuca otuch\u0119 tego \u015bwiata, pragn\u0105c tego, co trwa\u0142e, co daje nadziej\u0119. Dlatego z naszymi dylematami, pytaniami dotycz\u0105cymi choroby i&nbsp;cierpienia potrzebujemy stawa\u0107 w naszych \u015bwi\u0105tyniach, domach, salach szpitalnych, by pozwoli\u0107 si\u0119 ogarn\u0105\u0107 mi\u0142o\u015bci Boga, kt\u00f3ra ma moc na nowo rozpali\u0107 zapa\u0142 do \u017cycia. Potrzeba nam aktualizowa\u0107 przyj\u0119t\u0105 przez nas Ewangeli\u0119, by zg\u0142\u0119bia\u0107 postaw\u0119 zaufania i zawierzenia s\u0142owu Boga, kt\u00f3re, jak ukazuje ewangeliczny po\u0142owy ryb, zmienia rzeczywisto\u015b\u0107 niemo\u017cliw\u0105 w mo\u017cliw\u0105. Pocz\u0105tkiem tej drogi jest jednak \u201eszukanie wsparcia wi\u0119kszego od nas\u201d \u2013 szukanie Boga, kt\u00f3ry zawsze pozwala si\u0119 znale\u017a\u0107.<\/p>\n\n\n\n<p>Odnalezienia nadziei w Bogu do\u015bwiadczy\u0142 tak\u017ce Szymon Piotr. Po nieudanym, nocnym po\u0142owie prze\u017cywa on swoj\u0105 pora\u017ck\u0119. To w\u0142a\u015bnie w takim momencie Jezus prosi go, by jego narz\u0119dzia pracy \u2013 pusta \u0142\u00f3d\u017a z pustymi sieciami \u2013 sta\u0142y si\u0119 dla zgromadzonego t\u0142umu nad Jeziorem Galilejskim ambon\u0105 Bo\u017cego s\u0142owa. Szybko jednak zmienia si\u0119 nastr\u00f3j Piotra: od rado\u015bci wybrania \u2013 do w\u0105tpliwo\u015bci wynikaj\u0105cych z nowego zadania: \u201ewyp\u0142y\u0144 na g\u0142\u0119bi\u0119 i zarzu\u0107cie sieci na po\u0142\u00f3w\u201d. W Apostole dokonuje si\u0119 konfrontacja s\u0142owa Jezusa z wypracowan\u0105 dotychczas logik\u0105 rybo\u0142\u00f3wstwa. Po wielkich wahaniach Piotr czyni jednak co\u015b nieracjonalnego \u2013 wychodzi poza granice swojej pewno\u015bci. Skutek zaufania Jezusowi jest natychmiastowy: \u201ez\u0142owili takie mn\u00f3stwo ryb, \u017ce nie byli w stanie wyci\u0105gn\u0105\u0107 ich na brzeg\u201d. To, co sta\u0142o si\u0119 w sercu Piotra, by\u0142o jednak o wiele wa\u017cniejsze ni\u017c cudowny po\u0142\u00f3w. Znane nam ju\u017c dzisiaj z liturgii do\u015bwiadczenie grzeszno\u015bci, niegodno\u015bci, u\u0142omno\u015bci zosta\u0142o umocnione Bo\u017c\u0105 \u0142ask\u0105 i nowym powo\u0142aniem \u2013 \u201eodt\u0105d ludzi b\u0119dziesz \u0142owi\u0142\u201d, czyli b\u0119dziesz przywraca\u0142 ich do \u017cycia poprzez dawanie nowej nadziei.<\/p>\n\n\n\n<p>Przyjrzyjmy si\u0119, Siostry i Bracia, przemianom Izajasza i Piotra. W spotkaniu z Bogiem obaj u\u015bwiadamiaj\u0105 sobie swoj\u0105 grzeszno\u015b\u0107, ale w miejsce oczekiwanego przez nich pot\u0119pienia, do\u015bwiadczaj\u0105 oczyszczenia, kt\u00f3re nape\u0142nia ich nadziej\u0105. B\u00f3g wzbudza w Izajaszu i Piotrze ch\u0119\u0107 i&nbsp;odwag\u0119 do nowej misji \u2013 zmierzenia si\u0119 z trudno\u015bciami, wype\u0142nienia Jego woli. \u201eOto ja, po\u015blij mnie\u201d oraz \u201ezostawi\u0142 wszystko i poszed\u0142 za Nim\u201d \u2013 to odpowiedzi, kt\u00f3re pokazuj\u0105, \u017ce nie w\u0142asn\u0105 moc\u0105 i si\u0142\u0105 Izajasz i Piotr b\u0119d\u0105 pe\u0142nili now\u0105 misj\u0119 proroka i Ska\u0142y.<\/p>\n\n\n\n<p>Drodzy Diecezjanie,<\/p>\n\n\n\n<p>prze\u017cywaj\u0105c po raz kolejny \u015awiatowy Dzie\u0144 Chorego, zapragnijmy \u201ewsparcia wi\u0119kszego od nas: pomocy Boga, Jego \u0142aski, Jego Opatrzno\u015bci, tej si\u0142y, kt\u00f3ra jest darem Jego Ducha\u201d. To pragnienie, cho\u0107 wydaje si\u0119 niezwykle proste i bezpieczne, jest dla os\u00f3b chorych, cierpi\u0105cych i wielu z nas wielkim wyzwaniem, gdy\u017c \u201es\u0142abo\u015b\u0107 jest ostatni\u0105 rzecz\u0105, kt\u00f3r\u0105 cz\u0142owiek powierza Bogu\u201d. Pomoc\u0105 w naszych trudno\u015bciach, s\u0142abo\u015bciach, cierpieniach jest Maryja, kt\u00f3ra zawsze prowadzi do Jezusa. Jej wstawiennictwu powierzajmy nasze wo\u0142ania ku Bogu o now\u0105 nadziej\u0119 dla ka\u017cdej osoby chorej, cierpi\u0105cej, dla ka\u017cdego z nas. Oby\u015bmy jako wsp\u00f3lnota Ko\u015bcio\u0142a diecezjalnego stali si\u0119 pielgrzymami nadziei poprzez spotkanie, dzielenie si\u0119 wzajemn\u0105 mi\u0142o\u015bci\u0105, a si\u0142\u0119 czerpali z modlitwy i sakrament\u00f3w Ko\u015bcio\u0142a: spowiedzi, namaszczenia chorych i Eucharystii.<\/p>\n\n\n\n<p>Jednocze\u015bnie pragn\u0119 Was zaprosi\u0107, Siostry i Bracia, do uczestnictwa w diecezjalnych obchodach XXXIII \u015awiatowego Dnia Chorego. We wtorek, 11 lutego, w Regionalnym Centrum Animacji Kultury w Zielonej G\u00f3rze odb\u0119dzie si\u0119 prezentacja Or\u0119dzia Papie\u017ca Franciszka na tegoroczny \u015awiatowy Dzie\u0144 Chorego, po\u0142\u0105czona z debat\u0105 na temat komunikacji z osob\u0105 chor\u0105. Nast\u0119pnie odwiedz\u0119 chorych na Klinicznych Oddzia\u0142ach Onkologicznych Szpitala Uniwersyteckiego w Zielonej G\u00f3rze, a o godz. 18:00 w ko\u015bciele konkatedralnym odprawi\u0119 Msz\u0119 \u015bwi\u0119t\u0105 w intencji os\u00f3b chorych z udzieleniem sakramentu namaszczenia chorych. Bp Adrian odwiedzi w tym dniu pacjent\u00f3w Centrum Zdrowia Psychicznego Wielospecjalistycznego Szpitala Wojew\u00f3dzkiego w Gorzowie Wlkp., za\u015b bp Pawe\u0142 b\u0119dzie w Hospicjum im. Brata Krystyna w \u017barach. \u201eWsparcia wi\u0119kszego od nas\u201d szukajmy tak\u017ce w naszych parafiach i plac\u00f3wkach medycznych, gdzie sprawowane b\u0119d\u0105 Eucharystie z udzieleniem sakramentu namaszczenia chorych.<\/p>\n\n\n\n<p>Pokornie prosz\u0119 Was o modlitw\u0119 w intencji naszych chorych, ale r\u00f3wnie\u017c o konkretne gesty mi\u0142o\u015bci wyra\u017cone w odwiedzinach, spotkaniach, rozmowach z tymi Bra\u0107mi i Siostrami, kt\u00f3rzy \u201es\u0105 w sercu Ko\u015bcio\u0142a i musz\u0105 by\u0107 tak\u017ce w centrum naszej ludzkiej uwagi oraz duszpasterskiej troski\u201d. Was, Drodzy Chorzy, prosz\u0119 o ofiarowanie swojego cierpienia w intencji pokoju na \u015bwiecie. Chorym i ich rodzinom \u017cycz\u0119 wiary i odwagi w przyjmowaniu \u0142aski Ducha \u015awi\u0119tego oraz umocnienia w sakramencie chorych. Osobom \u017cycia konsekrowanego i kap\u0142anom, szczeg\u00f3lnie kapelanom szpitalnym, hospicyjnym i dom\u00f3w opieki, \u017cycz\u0119 si\u0142y do tej wymagaj\u0105cej pos\u0142ugi.<\/p>\n\n\n\n<p class=\"has-text-align-right\">+Tadeusz Lity\u0144ski<br>Biskup Zielonog\u00f3rsko-Gorzowski<\/p>\n\n\n\n<div style=\"height:40px\" aria-hidden=\"true\" class=\"wp-block-spacer\"><\/div>\n\n\n\n<p><\/p>\n","protected":false},"excerpt":{"rendered":"","protected":false},"author":3,"featured_media":4338,"comment_status":"closed","ping_status":"closed","sticky":false,"template":"","format":"standard","meta":{"_lmt_disableupdate":"","_lmt_disable":"","footnotes":""},"categories":[1],"tags":[],"class_list":["post-8615","post","type-post","status-publish","format-standard","has-post-thumbnail","hentry","category-bez-kategorii"],"_links":{"self":[{"href":"https:\/\/swiety-jozef.pl\/index.php\/wp-json\/wp\/v2\/posts\/8615","targetHints":{"allow":["GET"]}}],"collection":[{"href":"https:\/\/swiety-jozef.pl\/index.php\/wp-json\/wp\/v2\/posts"}],"about":[{"href":"https:\/\/swiety-jozef.pl\/index.php\/wp-json\/wp\/v2\/types\/post"}],"author":[{"embeddable":true,"href":"https:\/\/swiety-jozef.pl\/index.php\/wp-json\/wp\/v2\/users\/3"}],"replies":[{"embeddable":true,"href":"https:\/\/swiety-jozef.pl\/index.php\/wp-json\/wp\/v2\/comments?post=8615"}],"version-history":[{"count":2,"href":"https:\/\/swiety-jozef.pl\/index.php\/wp-json\/wp\/v2\/posts\/8615\/revisions"}],"predecessor-version":[{"id":8617,"href":"https:\/\/swiety-jozef.pl\/index.php\/wp-json\/wp\/v2\/posts\/8615\/revisions\/8617"}],"wp:featuredmedia":[{"embeddable":true,"href":"https:\/\/swiety-jozef.pl\/index.php\/wp-json\/wp\/v2\/media\/4338"}],"wp:attachment":[{"href":"https:\/\/swiety-jozef.pl\/index.php\/wp-json\/wp\/v2\/media?parent=8615"}],"wp:term":[{"taxonomy":"category","embeddable":true,"href":"https:\/\/swiety-jozef.pl\/index.php\/wp-json\/wp\/v2\/categories?post=8615"},{"taxonomy":"post_tag","embeddable":true,"href":"https:\/\/swiety-jozef.pl\/index.php\/wp-json\/wp\/v2\/tags?post=8615"}],"curies":[{"name":"wp","href":"https:\/\/api.w.org\/{rel}","templated":true}]}}