{"id":8611,"date":"2025-02-08T21:08:31","date_gmt":"2025-02-08T20:08:31","guid":{"rendered":"https:\/\/swiety-jozef.pl\/?p=8611"},"modified":"2025-02-08T21:08:33","modified_gmt":"2025-02-08T20:08:33","slug":"ogloszenia-duszpasterskie-09-02-2025-r","status":"publish","type":"post","link":"https:\/\/swiety-jozef.pl\/index.php\/2025\/02\/08\/ogloszenia-duszpasterskie-09-02-2025-r\/","title":{"rendered":"Og\u0142oszenia duszpasterskie 09.02.2025 r."},"content":{"rendered":"\n<!--more-->\n\n\n\n<p class=\"has-text-align-right\">Nowa S\u00f3l 09.02.2025<\/p>\n\n\n\n<h4 class=\"wp-block-heading has-text-align-center\">Og\u0142oszenia duszpasterskie<br>V Niedziela okresu zwyk\u0142ego rok C<\/h4>\n\n\n\n<div style=\"height:25px\" aria-hidden=\"true\" class=\"wp-block-spacer\"><\/div>\n\n\n\n<ol class=\"wp-block-list\">\n<li><strong>Dzisiaj <\/strong><strong>niedziela przed \u015awiatowym Dniem Chorego zbi\u00f3rka do puszek na potrzeby Hospicjum.<\/strong><\/li>\n\n\n\n<li><strong>Dzisiaj p<\/strong><strong>o\u015bwi\u0119cenie \u015bwiec dla dzieci przygotowuj\u0105cych si\u0119 do I Komunii \u015aw.<\/strong><strong>na Mszy \u015bw. o godz. 11<\/strong><sup><strong>00<\/strong><\/sup><\/li>\n\n\n\n<li> <strong>11 lutego we wtorek wspomnienie MB z Lourdes &#8211; obchodzimy \u015awiatowy Dzie\u0144 Chorego<\/strong>. <strong>Msze \u015bw. w naszej parafii z udzieleniem sakramentu Namaszczenia Chorych o godz. 7<\/strong><sup><strong>00 <\/strong><\/sup><strong>; 9<\/strong><sup><strong>00<\/strong><\/sup><strong>; 16<\/strong><sup><strong>00<\/strong><\/sup><strong>; 18<\/strong><sup><strong>00<\/strong><\/sup><strong>. <\/strong><strong>Prosimy rodziny i s\u0105siad\u00f3w aby umo\u017cliwi\u0142y osobom starszym i chorych w dotarciu na Msze \u015bw.<\/strong><\/li>\n\n\n\n<li><strong>Bardzo dzi\u0119kuj\u0119 za sprawne rozebranie dekoracji Bo\u017conarodzeniowej. Dzi\u0119kuje szafarzom, ksi\u0119\u017com z ministrantami, paniom i panom. B\u00f3g zap\u0142a\u0107.<\/strong><\/li>\n\n\n\n<li><strong>W \u015brod\u0119 o godz. 18<\/strong><sup><strong>00<\/strong><\/sup><strong> zapraszamy Nowenn\u0119 do MB Nieostaj\u0105cej Pomocy i \u015bw. J\u00f3zefa.<\/strong><\/li>\n\n\n\n<li><strong>Spotkanie m\u0142odzie\u017cy przygotowuj\u0105cej do sakramentu bierzmowania odb\u0119dzie si\u0119 w tym tygodniu: klas VIII <\/strong><strong>w czwartek<\/strong><strong>, klasy VII <\/strong><strong>w pi\u0105tek.<\/strong><strong> Spotkanie obowi\u0105zkowe rozpoczyna si\u0119 Msz\u0105 \u015bw. o godz. 18<\/strong><sup><strong>00<\/strong><\/sup><strong>.<\/strong><\/li>\n\n\n\n<li><strong>Dzieci klas III po Mszy \u015bw. prosimy o pozostanie w ko\u015bciele po wpisy do dzienniczk\u00f3w; dzieci klas II i m\u0142odsze zapraszamy do kaplicy po naklejki z dzisiejszej ewangelii.<\/strong><\/li>\n\n\n\n<li><strong><em>Dzi\u0119kujemy za ofiary na tac\u0119 i za przelew na konto parafii. B\u00f3g Zap\u0142a\u0107. Numer konta bankowego parafii: 58 9673 0007 0000 0300 4864 0001<\/em><\/strong><\/li>\n\n\n\n<li><strong>Za tydzie\u0144 3 niedziela miesi\u0105ca taca przeznaczona na potrzeby parafii. Za trosk\u0119 serdeczne B\u00f3g zap\u0142a\u0107<\/strong><\/li>\n\n\n\n<li><strong>Przy wyj\u015bciu z ko\u015bcio\u0142a mo\u017cna naby\u0107 parafialny kalendarz \u2013 dobrowolna ofiara jest przeznaczona na op\u0142aty zwi\u0105zane z utrzymaniem budynku naszego ko\u015bcio\u0142a.<\/strong><\/li>\n\n\n\n<li><strong>Na pro\u015bb\u0119 os\u00f3b starszych zwracam si\u0119 do os\u00f3b potrafi\u0105cych rozlicza\u0107 PIT o zg\u0142oszenie si\u0119 do zakrystii, spr\u00f3bujemy w drugiej po\u0142owie lutego stworzy\u0107 dy\u017cury ksi\u0119gowych aby odzyska\u0107 1,5% podatku na cele parafii.<\/strong><\/li>\n\n\n\n<li><strong>Dzi\u0119kujemy 4 osobom<\/strong><strong> z ul<\/strong><strong>. <\/strong><strong>Dygasi\u0144skiego i Lelewela i <\/strong><strong>2 osobom ch\u0119tnym<\/strong> za sprz\u0105tanie ko\u015bcio\u0142a i ofiary na kwiaty. <strong>Msza \u015bw. za te rodziny 11.03.25 o godz 7<\/strong><sup><strong>00<\/strong><\/sup>.<\/li>\n\n\n\n<li><strong>W sobot\u0119 o godz. 9<\/strong><sup><strong>00<\/strong><\/sup><strong> do sprz\u0105tania ko\u015bcio\u0142a zapraszam wiernych zamieszka\u0142ych na ul. Sk\u0142odowskiej Curie<\/strong><\/li>\n\n\n\n<li><strong>Zach\u0119camy do lektury i zakupu prasy katolickiej: Niedziela, Go\u015b\u0107 Niedzielny, Ma\u0142y Go\u015b\u0107.<\/strong><\/li>\n\n\n\n<li><strong>W minionym tygodniu nikt z naszej parafii nie zmar\u0142.<\/strong><\/li>\n\n\n\n<li>Pami\u0119tajmy o zmar\u0142ych polecaj\u0105c ich Mi\u0142osierdziu Bo\u017cemu.<\/li>\n\n\n\n<li><strong>Pozdrawiamy wszystkich chorych, pami\u0119tamy o Was w modlitwie, \u017cycz\u0105c szybkiego powrotu do zdrowia.<\/strong><\/li>\n\n\n\n<li><strong>Wszystkim parafianom<\/strong><strong> i go\u015bciom \u017cyczymy dobrej niedzieli i Bo\u017cego b\u0142ogos\u0142awie\u0144stwa.<\/strong><\/li>\n<\/ol>\n\n\n\n<p class=\"has-text-align-right\">Ks. Krzysztof Kocz<br>Proboszcz<\/p>\n\n\n\n<div style=\"height:40px\" aria-hidden=\"true\" class=\"wp-block-spacer\"><\/div>\n\n\n\n<p><\/p>\n","protected":false},"excerpt":{"rendered":"","protected":false},"author":3,"featured_media":3316,"comment_status":"closed","ping_status":"closed","sticky":false,"template":"","format":"standard","meta":{"_lmt_disableupdate":"","_lmt_disable":"","footnotes":""},"categories":[19],"tags":[],"class_list":["post-8611","post","type-post","status-publish","format-standard","has-post-thumbnail","hentry","category-ogloszenia"],"_links":{"self":[{"href":"https:\/\/swiety-jozef.pl\/index.php\/wp-json\/wp\/v2\/posts\/8611","targetHints":{"allow":["GET"]}}],"collection":[{"href":"https:\/\/swiety-jozef.pl\/index.php\/wp-json\/wp\/v2\/posts"}],"about":[{"href":"https:\/\/swiety-jozef.pl\/index.php\/wp-json\/wp\/v2\/types\/post"}],"author":[{"embeddable":true,"href":"https:\/\/swiety-jozef.pl\/index.php\/wp-json\/wp\/v2\/users\/3"}],"replies":[{"embeddable":true,"href":"https:\/\/swiety-jozef.pl\/index.php\/wp-json\/wp\/v2\/comments?post=8611"}],"version-history":[{"count":1,"href":"https:\/\/swiety-jozef.pl\/index.php\/wp-json\/wp\/v2\/posts\/8611\/revisions"}],"predecessor-version":[{"id":8612,"href":"https:\/\/swiety-jozef.pl\/index.php\/wp-json\/wp\/v2\/posts\/8611\/revisions\/8612"}],"wp:featuredmedia":[{"embeddable":true,"href":"https:\/\/swiety-jozef.pl\/index.php\/wp-json\/wp\/v2\/media\/3316"}],"wp:attachment":[{"href":"https:\/\/swiety-jozef.pl\/index.php\/wp-json\/wp\/v2\/media?parent=8611"}],"wp:term":[{"taxonomy":"category","embeddable":true,"href":"https:\/\/swiety-jozef.pl\/index.php\/wp-json\/wp\/v2\/categories?post=8611"},{"taxonomy":"post_tag","embeddable":true,"href":"https:\/\/swiety-jozef.pl\/index.php\/wp-json\/wp\/v2\/tags?post=8611"}],"curies":[{"name":"wp","href":"https:\/\/api.w.org\/{rel}","templated":true}]}}