{"id":8606,"date":"2025-02-01T21:14:05","date_gmt":"2025-02-01T20:14:05","guid":{"rendered":"https:\/\/swiety-jozef.pl\/?p=8606"},"modified":"2025-02-01T21:14:07","modified_gmt":"2025-02-01T20:14:07","slug":"ogloszenia-duszpasterskie-02-02-2025-r","status":"publish","type":"post","link":"https:\/\/swiety-jozef.pl\/index.php\/2025\/02\/01\/ogloszenia-duszpasterskie-02-02-2025-r\/","title":{"rendered":"Og\u0142oszenia duszpasterskie 02.02.2025 r."},"content":{"rendered":"\n<!--more-->\n\n\n\n<p class=\"has-text-align-right\">Nowa S\u00f3l 02.02.2025<\/p>\n\n\n\n<h4 class=\"wp-block-heading has-text-align-center\">Og\u0142oszenia duszpasterskie<br>IV Niedziela okresu zwyk\u0142ego rok C<\/h4>\n\n\n\n<div style=\"height:25px\" aria-hidden=\"true\" class=\"wp-block-spacer\"><\/div>\n\n\n\n<ol class=\"wp-block-list\">\n<li><strong>Dzisiaj 2 lutego \u015awi\u0119to Matki Bo\u017cej Gromnicznej &#8211; na wszystkich Mszach \u015bw. po\u015bwi\u0119cenie gromnic.<\/strong><\/li>\n\n\n\n<li> <strong>Przy wej\u015bciu g\u0142\u00f3wnym mo\u017cna naby\u0107 gromnice a w zakrystii \u015bwiece do I Komunii \u015bw.<\/strong><\/li>\n\n\n\n<li><strong>\u015awi\u0119to Matki Bo\u017cej Gromnicznej jest Dniem \u017bycia konsekrowanego. Nasz\u0105 modlitw\u0105 otaczamy wszystkie osoby, kt\u00f3re przez \u015bluby zakonne po\u015bwi\u0119ci\u0142y swoje \u017cycie na wy\u0142\u0105czn\u0105 s\u0142u\u017cb\u0119 Bogu i Ko\u015bcio\u0142owi. Szczeg\u00f3lnie modlimy si\u0119 za Siostry S\u0142ugi Jezusa pracuj\u0105ce w naszej parafii.<\/strong> <strong>Taca <\/strong>z <strong>2 lutego przeznaczona jest na potrzeby zakon\u00f3w kontemplacyjnych.<\/strong><\/li>\n\n\n\n<li><strong>P<\/strong><strong>o\u015bwi\u0119cenie \u015bwiec dla dzieci przygotowuj\u0105cych si\u0119 do I Komunii \u015awi\u0119tej<\/strong><strong> odb\u0119dzie si\u0119 w przysz\u0142\u0105 niedziele <\/strong><strong>9 lutego na Mszy \u015bw. o godz. 11<\/strong><sup><strong>00<\/strong><\/sup><\/li>\n\n\n\n<li><strong>Dzisiaj zmiana tajemnic<\/strong><strong>\u017bywego R\u00f3\u017ca\u0144ca po Mszy \u015bw. o godz. 7<\/strong><sup><strong>30<\/strong><\/sup><strong>, po Mszy \u015bw. o godz.18<\/strong><sup><strong>30<\/strong><\/sup><strong> nauka rodzic\u00f3w i rodzic\u00f3w chrzestnych przed chrztem dzieci.<\/strong><\/li>\n\n\n\n<li><strong>Za tydzie\u0144 niedziela przed \u015awiatowym Dniem Chorego zbi\u00f3rka do puszek na potrzeby Hospicjum.<\/strong><\/li>\n\n\n\n<li><strong>W tym tygodniu I czwartek i I pi\u0105tek miesi\u0105ca.<\/strong><\/li>\n<\/ol>\n\n\n\n<ul class=\"wp-block-list\">\n<li>&#8211; <strong>W czwartek o godz. 17<\/strong><sup><strong>00<\/strong><\/sup> spotkanie Przyjaci\u00f3\u0142 Parady\u017ca<\/li>\n<\/ul>\n\n\n\n<ul class=\"wp-block-list\">\n<li>&#8211; <strong>W pi\u0105tek od godz. 15<\/strong><sup><strong>00<\/strong><\/sup> \u2013 Godzina Mi\u0142osierdzia i Adoracja Naj\u015bwi\u0119tszego Sakramentu z nabo\u017ce\u0144stwem wynagradzaj\u0105cym.<\/li>\n<\/ul>\n\n\n\n<ul class=\"wp-block-list\">\n<li><strong>&#8211; Spowied\u017a \u015bw pierwszopi\u0105tkowa w pi\u0105tek od godz. 15<\/strong><sup><strong>00<\/strong><\/sup><strong> do 18<\/strong><sup><strong>00<\/strong><\/sup><strong> Komunia \u015bw. godz. 16<\/strong><sup><strong>00<\/strong><\/sup><strong>, 16<\/strong><sup><strong>30<\/strong><\/sup><strong>, 17<\/strong><sup><strong>00<\/strong><\/sup><strong>, 17<\/strong><sup><strong>30<\/strong><\/sup><\/li>\n<\/ul>\n\n\n\n<ol start=\"8\" class=\"wp-block-list\">\n<li><strong>Jutro po mszy \u015bw. wieczornej rozbieramy dekoracje Bo\u017conarodzeniow\u0105. Zapraszamy do pomocy kobiety i m\u0119\u017cczyzn &#8211; starszych i m\u0142odzie\u017c.<\/strong><\/li>\n\n\n\n<li><strong>Dzieci klas III po Mszy \u015bw. prosimy o pozostanie w ko\u015bciele po wpisy do dzienniczk\u00f3w; dzieci klas II i m\u0142odsze zapraszamy do kaplicy po naklejki z dzisiejszej ewangelii.<\/strong><\/li>\n\n\n\n<li><strong><em>Dzi\u0119kujemy za ofiary na tac\u0119 i za przelew na konto parafii. B\u00f3g Zap\u0142a\u0107. Numer konta bankowego parafii: 58 9673 0007 0000 0300 4864 0001<\/em><\/strong><\/li>\n\n\n\n<li><strong>Dzisiaj pierwsza niedziela miesi\u0105ca PZ Caritas po mszach \u015bw. zbiera ofiary dla najbardziej potrzebuj\u0105cych z naszej parafii.<\/strong><\/li>\n\n\n\n<li><strong>Przy wyj\u015bciu z ko\u015bcio\u0142a mo\u017cna naby\u0107 parafialny kalendarz \u2013 dobrowolna ofiara jest przeznaczona na op\u0142aty zwi\u0105zane z utrzymaniem budynku naszego ko\u015bcio\u0142a.<\/strong><\/li>\n\n\n\n<li><strong>Na pro\u015bb\u0119 os\u00f3b starszych zwracam si\u0119 do os\u00f3b potrafi\u0105cych rozlicza\u0107 PIT o zg\u0142oszenie si\u0119 do zakrystii, spr\u00f3bujemy w drugiej po\u0142owie lutego stworzy\u0107 dy\u017cury ksi\u0119gowych aby odzyska\u0107 1,5% podatku na cele parafii.<\/strong><\/li>\n\n\n\n<li><strong>Kurs przedma\u0142\u017ce\u0144ski rozpoczyna si\u0119 dzisiaj o godz. 18<\/strong><sup><strong>00<\/strong><\/sup><strong> w par. Podwy\u017cszenia Krzy\u017ca \u015aw. w Zielonej G\u00f3rze<\/strong><\/li>\n\n\n\n<li><strong>Dzi\u0119kujemy 10 osobom<\/strong><strong> z ul<\/strong><strong>. <\/strong><strong>Chopina i <\/strong><strong>2 osobom ch\u0119tnym<\/strong> za sprz\u0105tanie ko\u015bcio\u0142a i ofiary na kwiaty. <strong>Msza \u015bw. za te rodziny 28.02.25 o godz 7<\/strong><sup><strong>00<\/strong><\/sup>.<\/li>\n\n\n\n<li><strong>W sobot\u0119 o godz. 9<\/strong><sup><strong>00<\/strong><\/sup><strong> do sprz\u0105tania ko\u015bcio\u0142a zapraszam wiernych zamieszka\u0142ych na ul. Dygasi\u0144skiego i Lelewela<\/strong><\/li>\n\n\n\n<li><strong>Zach\u0119camy do lektury i zakupu prasy katolickiej: Niedziela, Go\u015b\u0107 Niedzielny, Ma\u0142y Go\u015b\u0107.<\/strong><\/li>\n\n\n\n<li><strong>W minionym tygodniu z naszej parafii zmarli:<\/strong> +Stefan <strong>Gawron<\/strong> z ul. Fredry; + Mariusz <strong>Kali\u0144ski<\/strong> z ul. Kossaka; +Marian <strong>Bojarsk<\/strong>i z ul. Brzechwy<\/li>\n\n\n\n<li>Pami\u0119tajmy o zmar\u0142ych polecaj\u0105c ich Mi\u0142osierdziu Bo\u017cemu.<\/li>\n\n\n\n<li><strong>Pozdrawiamy wszystkich chorych, pami\u0119tamy o Was w modlitwie, \u017cycz\u0105c szybkiego powrotu do zdrowia.<\/strong><\/li>\n\n\n\n<li><strong>Wszystkim parafianom<\/strong><strong> i go\u015bciom \u017cyczymy dobrej niedzieli i Bo\u017cego b\u0142ogos\u0142awie\u0144stwa.<\/strong><\/li>\n<\/ol>\n\n\n\n<p class=\"has-text-align-right\">Ks. Krzysztof Kocz<br>Proboszcz<\/p>\n\n\n\n<div style=\"height:40px\" aria-hidden=\"true\" class=\"wp-block-spacer\"><\/div>\n","protected":false},"excerpt":{"rendered":"","protected":false},"author":3,"featured_media":3316,"comment_status":"closed","ping_status":"closed","sticky":false,"template":"","format":"standard","meta":{"_lmt_disableupdate":"","_lmt_disable":"","footnotes":""},"categories":[19],"tags":[],"class_list":["post-8606","post","type-post","status-publish","format-standard","has-post-thumbnail","hentry","category-ogloszenia"],"_links":{"self":[{"href":"https:\/\/swiety-jozef.pl\/index.php\/wp-json\/wp\/v2\/posts\/8606","targetHints":{"allow":["GET"]}}],"collection":[{"href":"https:\/\/swiety-jozef.pl\/index.php\/wp-json\/wp\/v2\/posts"}],"about":[{"href":"https:\/\/swiety-jozef.pl\/index.php\/wp-json\/wp\/v2\/types\/post"}],"author":[{"embeddable":true,"href":"https:\/\/swiety-jozef.pl\/index.php\/wp-json\/wp\/v2\/users\/3"}],"replies":[{"embeddable":true,"href":"https:\/\/swiety-jozef.pl\/index.php\/wp-json\/wp\/v2\/comments?post=8606"}],"version-history":[{"count":1,"href":"https:\/\/swiety-jozef.pl\/index.php\/wp-json\/wp\/v2\/posts\/8606\/revisions"}],"predecessor-version":[{"id":8607,"href":"https:\/\/swiety-jozef.pl\/index.php\/wp-json\/wp\/v2\/posts\/8606\/revisions\/8607"}],"wp:featuredmedia":[{"embeddable":true,"href":"https:\/\/swiety-jozef.pl\/index.php\/wp-json\/wp\/v2\/media\/3316"}],"wp:attachment":[{"href":"https:\/\/swiety-jozef.pl\/index.php\/wp-json\/wp\/v2\/media?parent=8606"}],"wp:term":[{"taxonomy":"category","embeddable":true,"href":"https:\/\/swiety-jozef.pl\/index.php\/wp-json\/wp\/v2\/categories?post=8606"},{"taxonomy":"post_tag","embeddable":true,"href":"https:\/\/swiety-jozef.pl\/index.php\/wp-json\/wp\/v2\/tags?post=8606"}],"curies":[{"name":"wp","href":"https:\/\/api.w.org\/{rel}","templated":true}]}}