{"id":8603,"date":"2025-01-25T20:22:11","date_gmt":"2025-01-25T19:22:11","guid":{"rendered":"https:\/\/swiety-jozef.pl\/?p=8603"},"modified":"2025-01-25T20:22:13","modified_gmt":"2025-01-25T19:22:13","slug":"intencje-mszalne-26-01-02-02-2025-r","status":"publish","type":"post","link":"https:\/\/swiety-jozef.pl\/index.php\/2025\/01\/25\/intencje-mszalne-26-01-02-02-2025-r\/","title":{"rendered":"Intencje mszalne 26.01. \u2013 02.02.2025 r."},"content":{"rendered":"\n<!--more-->\n\n\n\n<div style=\"height:25px\" aria-hidden=\"true\" class=\"wp-block-spacer\"><\/div>\n\n\n\n<p class=\"has-vivid-red-color has-text-color has-link-color wp-elements-ecbdcb4538269b620d8bd362fe2127bf\"><strong>Niedziela 26.01.25r.<\/strong><\/p>\n\n\n\n<p>7.30. 1. +Maria Szatkowska greg 26<\/p>\n\n\n\n<p>2. +ks. J\u00f3zef Koco\u0142 7 r. \u015bm. int. od przyjaci\u00f3\u0142<\/p>\n\n\n\n<p>9.30. 1.+Stanis\u0142aw Bylinowicz w 12 rocz. \u015bm, Anna Bylinowicz w 19 rocz. \u015bm i zm. z rodziny<\/p>\n\n\n\n<p>2. +Kazimierz w 8 rocz. \u015bm.<\/p>\n\n\n\n<p>11.00. 1+Feliksa \/ona\/, Anna, Mieczys\u0142aw, Stanis\u0142aw Przypis<\/p>\n\n\n\n<p>2. Dz.-b\u0142. 50 rocz. \u015blubu Teresy i J\u00f3zefa Bartkowiak<\/p>\n\n\n\n<p>12.30. 1. Za parafian (ks. Szczepanik)<\/p>\n\n\n\n<p>2. W int. Maria i Edward Graf w 45 rocz. \u015blubu dzi\u0119kczynna z pro\u015bb\u0105 o b\u0142. Bo\u017ce i potrzebne \u0142aski na dalsze lata \u017cycia i w 70 rocz. urodzin Edwarda<\/p>\n\n\n\n<p>3. +Mieczys\u0142aw Kaczy\u0144ski<\/p>\n\n\n\n<p>14.00 1. +Pelagia, Edmund, Eugeniusz, Artur, Wies\u0142aw Nowak, +Krystyna, Ignacy Plata<\/p>\n\n\n\n<p>18.30. 1. +Anna Drozdowska 1 r. \u015bm.<\/p>\n\n\n\n<div style=\"height:25px\" aria-hidden=\"true\" class=\"wp-block-spacer\"><\/div>\n\n\n\n<p><strong>Poniedzia\u0142ek 27.01.25r.<\/strong><\/p>\n\n\n\n<p>7.00. 1. +Maria Szatkowska greg. 27<\/p>\n\n\n\n<p>7.30. 1. +Jaros\u0142aw Garniec pogrzeb godz. 11.00 Oty\u0144<\/p>\n\n\n\n<p>8.00. 1. +Ma\u0142gorzata Laufer pogrzeb godz.<\/p>\n\n\n\n<p>18.00. 1. +Teodor Wijatkowski 30 r. \u015bm.<\/p>\n\n\n\n<div style=\"height:25px\" aria-hidden=\"true\" class=\"wp-block-spacer\"><\/div>\n\n\n\n<p><strong>Wtorek 28.01.25r.<\/strong><\/p>\n\n\n\n<p>7.00. 1. +Maria Szatkowska greg. 28<\/p>\n\n\n\n<p>18.00. 1. +Ks. J\u00f3zef Koco\u0142<\/p>\n\n\n\n<div style=\"height:25px\" aria-hidden=\"true\" class=\"wp-block-spacer\"><\/div>\n\n\n\n<p><strong>\u015aroda 29.01.25r.<\/strong><\/p>\n\n\n\n<p>7.00 1. +Maria Szatkowska greg 29<\/p>\n\n\n\n<p>18.00. 1. W int. o zdrowie i b\u0142. Bo\u017ce dla cz\u0142onki\u0144 z R\u00f3\u017cy Niepokal. Serca NMP w roku 2025<\/p>\n\n\n\n<div style=\"height:25px\" aria-hidden=\"true\" class=\"wp-block-spacer\"><\/div>\n\n\n\n<p><strong>Czwartek 30.01.25r.<\/strong><\/p>\n\n\n\n<p>7.00. 1. +Bo\u017cenna Kaczkowska greg 1<\/p>\n\n\n\n<p>18.00. 1 +Maria Szatkowska greg 30<\/p>\n\n\n\n<div style=\"height:25px\" aria-hidden=\"true\" class=\"wp-block-spacer\"><\/div>\n\n\n\n<p><strong>Pi\u0105tek 31.01.25r.<\/strong><\/p>\n\n\n\n<p>7.00. 1. +Bo\u017cenna Kaczkowska greg 2<\/p>\n\n\n\n<p>18.00. 1. +Zbigniew Bundzi\u00f3w w 1 rocz. \u015bm. i zm. z rodziny<\/p>\n\n\n\n<div style=\"height:25px\" aria-hidden=\"true\" class=\"wp-block-spacer\"><\/div>\n\n\n\n<p><strong>Sobota 01.02.25r.<\/strong><\/p>\n\n\n\n<p>7.00. 1. +Bo\u017cenna Kaczkowska greg 3<\/p>\n\n\n\n<p>18.00. 1. +Mieczys\u0142aw Fajfer 40 r. \u015bm. i zm. rodzic\u00f3w i rodze\u0144stwo, Zbigniew Szymczyk 4 r. \u015bm.<\/p>\n\n\n\n<div style=\"height:25px\" aria-hidden=\"true\" class=\"wp-block-spacer\"><\/div>\n\n\n\n<p><strong>Niedziela 02.02.25r. Ofiarowanie Pa\u0144skie<\/strong><\/p>\n\n\n\n<p>7.30. 1.+Maria G\u0105dek z racji imienin<\/p>\n\n\n\n<p>2. +Maria Ba\u0144kowska i Janina Sk\u00f3rko<\/p>\n\n\n\n<p>9.30. 1.+Stanis\u0142awa \/ona\/ B\u0142asik w 20 rocz. \u015bm. i W\u0142adys\u0142aw B\u0142asik 3 rocz. \u015bm.<\/p>\n\n\n\n<p>2. +Maria Sieradzka \u2013 5 rocz. \u015bm.,++ m\u0119\u017ca i z rodziny<\/p>\n\n\n\n<p>11.00. 1.+Aleksander Matujzo (1 r. \u015bm.)<\/p>\n\n\n\n<p>2. Dz.-B\u0142. z okazji 22 rocz. urodzin Ani, o Bo\u017ce b\u0142ogos\u0142awie\u0144stwo, potrzebne \u0142aski i obecno\u015b\u0107 M.B.<\/p>\n\n\n\n<p>12.30. 1. Za parafian<\/p>\n\n\n\n<p>14.00. 1.+Bo\u017cenna Kaczkowska greg 4<\/p>\n\n\n\n<p>2. +Czes\u0142aw 12 r. \u015bm., Olga 10 r. \u015bm. z rodz. Koperskich<\/p>\n\n\n\n<p>18.00. 1. +W\u0142adys\u0142awa (ona), +Kazimierz, +Mariusz Mokwi\u0144scy, ++z rodziny<\/p>\n\n\n\n<div style=\"height:40px\" aria-hidden=\"true\" class=\"wp-block-spacer\"><\/div>\n","protected":false},"excerpt":{"rendered":"","protected":false},"author":3,"featured_media":4429,"comment_status":"closed","ping_status":"closed","sticky":false,"template":"","format":"standard","meta":{"_lmt_disableupdate":"","_lmt_disable":"","footnotes":""},"categories":[20],"tags":[],"class_list":["post-8603","post","type-post","status-publish","format-standard","has-post-thumbnail","hentry","category-intencje"],"_links":{"self":[{"href":"https:\/\/swiety-jozef.pl\/index.php\/wp-json\/wp\/v2\/posts\/8603","targetHints":{"allow":["GET"]}}],"collection":[{"href":"https:\/\/swiety-jozef.pl\/index.php\/wp-json\/wp\/v2\/posts"}],"about":[{"href":"https:\/\/swiety-jozef.pl\/index.php\/wp-json\/wp\/v2\/types\/post"}],"author":[{"embeddable":true,"href":"https:\/\/swiety-jozef.pl\/index.php\/wp-json\/wp\/v2\/users\/3"}],"replies":[{"embeddable":true,"href":"https:\/\/swiety-jozef.pl\/index.php\/wp-json\/wp\/v2\/comments?post=8603"}],"version-history":[{"count":1,"href":"https:\/\/swiety-jozef.pl\/index.php\/wp-json\/wp\/v2\/posts\/8603\/revisions"}],"predecessor-version":[{"id":8604,"href":"https:\/\/swiety-jozef.pl\/index.php\/wp-json\/wp\/v2\/posts\/8603\/revisions\/8604"}],"wp:featuredmedia":[{"embeddable":true,"href":"https:\/\/swiety-jozef.pl\/index.php\/wp-json\/wp\/v2\/media\/4429"}],"wp:attachment":[{"href":"https:\/\/swiety-jozef.pl\/index.php\/wp-json\/wp\/v2\/media?parent=8603"}],"wp:term":[{"taxonomy":"category","embeddable":true,"href":"https:\/\/swiety-jozef.pl\/index.php\/wp-json\/wp\/v2\/categories?post=8603"},{"taxonomy":"post_tag","embeddable":true,"href":"https:\/\/swiety-jozef.pl\/index.php\/wp-json\/wp\/v2\/tags?post=8603"}],"curies":[{"name":"wp","href":"https:\/\/api.w.org\/{rel}","templated":true}]}}