{"id":8600,"date":"2025-01-25T20:18:07","date_gmt":"2025-01-25T19:18:07","guid":{"rendered":"https:\/\/swiety-jozef.pl\/?p=8600"},"modified":"2025-01-25T20:18:09","modified_gmt":"2025-01-25T19:18:09","slug":"ogloszenia-duszpasterskie-26-01-2025-r","status":"publish","type":"post","link":"https:\/\/swiety-jozef.pl\/index.php\/2025\/01\/25\/ogloszenia-duszpasterskie-26-01-2025-r\/","title":{"rendered":"Og\u0142oszenia duszpasterskie 26.01.2025 r."},"content":{"rendered":"\n<!--more-->\n\n\n\n<p class=\"has-text-align-right\">Nowa S\u00f3l 26.01.2025<\/p>\n\n\n\n<h4 class=\"wp-block-heading has-text-align-center\">Og\u0142oszenia duszpasterskie<br>III Niedziela okresu zwyk\u0142ego rok C<\/h4>\n\n\n\n<div style=\"height:25px\" aria-hidden=\"true\" class=\"wp-block-spacer\"><\/div>\n\n\n\n<ol class=\"wp-block-list\">\n<li> <strong>Dzisiejsza niedziela po raz VI obchodzona w Ko\u015bciele jako NIEDZIELA S\u0141OWA BO\u017bEGO<\/strong><strong> .<\/strong><\/li>\n\n\n\n<li><strong>W \u015brod\u0119 o godz. 18<\/strong><sup><strong>00<\/strong><\/sup><strong> Nowenna do Matki Bo\u017cej Nieustaj\u0105cej Pomocy i \u015bw. J\u00f3zefa<\/strong><\/li>\n\n\n\n<li><strong>W pi\u0105tek zako\u0144czyli\u015bmy duszpasterskie wizyty w rodzinach naszej parafii zwane kol\u0119d\u0105. Odwiedzili\u015bmy 2070 rodzin. Dzi\u0119kujemy za ten czas wsp\u00f3lnej modlitwy i rozmowy. Jeszcze raz serdecznie zach\u0119camy wszystkich chorych i starszych do zapraszania kap\u0142an\u00f3w z pos\u0142ug\u0105 sakramentaln\u0105. Szafarze mog\u0105 przynosi\u0107 Komuni\u0119 \u015bw. do chorych w ka\u017cd\u0105 niedziele.<\/strong><\/li>\n\n\n\n<li><strong>We wtorek 7 rocz. \u015bm. ks. pra\u0142ata J\u00f3zefa Koco\u0142a.<\/strong><\/li>\n\n\n\n<li><strong>W przysz\u0142a niedziele 2 lutego \u015awi\u0119to Matki Bo\u017cej Gromnicznej, na wszystkich Mszach \u015bw. po\u015bwi\u0119cenie gromnic.<\/strong><\/li>\n\n\n\n<li><strong>W zakrystii mo\u017cna naby\u0107 gromnice i \u015bwiece do I Komunii \u015bw.<\/strong><\/li>\n\n\n\n<li><strong>P<\/strong><strong>o\u015bwi\u0119cenie \u015bwiec dla dzieci przygotowuj\u0105cych si\u0119 do I Komunii \u015awi\u0119tej<\/strong><strong> odb\u0119dzie si\u0119 w niedziele 9<\/strong><strong> lutego na Mszy \u015bw. o godz. 11<\/strong><sup><strong>00<\/strong><\/sup><\/li>\n\n\n\n<li><strong>\u015awi\u0119to Matki Bo\u017cej Gromnicznej jest Dniem \u017bycia konsekrowanego Nasz\u0105 modlitw\u0105 otaczamy wszystkie osoby, kt\u00f3re przez \u015bluby zakonne po\u015bwi\u0119ci\u0142y swoje \u017cycie na wy\u0142\u0105czn\u0105 s\u0142u\u017cb\u0119 Bogu i Ko\u015bcio\u0142owi. Szczeg\u00f3lnie modlimy si\u0119 za Siostry S\u0142ugi Jezusa pracuj\u0105ce w naszej parafii.<\/strong> <strong>Taca <\/strong>z <strong>2 lutego przeznaczona jest na potrzeby zakon\u00f3w kontemplacyjnych.<\/strong><\/li>\n\n\n\n<li><strong>W przysz\u0142\u0105 niedziel\u0119 zmiana tajemnic<\/strong><strong>\u017bywego R\u00f3\u017ca\u0144ca po Mszy \u015bw. o godz. 7<\/strong><sup><strong>30<\/strong><\/sup><strong>, po Mszy \u015bw. o godz.18<\/strong><sup><strong>30<\/strong><\/sup><strong> nauka rodzic\u00f3w i rodzic\u00f3w chrzestnych przed chrztem dzieci.<\/strong><\/li>\n\n\n\n<li><strong>W tym tygodniu I sobota miesi\u0105ca, <\/strong>zapraszamy na <strong>Nabo\u017ce\u0144stwo Pierwszych Sob\u00f3t<\/strong>. Rozpoczniemy wystawieniem Naj\u015bwi\u0119tszego Sakramentu <strong>o godz. 17<\/strong><sup><strong>00<\/strong><\/sup><strong> r\u00f3\u017caniec z rozwa\u017caniem o godz. 18<\/strong><sup><strong>00<\/strong><\/sup><strong> Msza \u015bw.<\/strong><\/li>\n\n\n\n<li><strong>W sobot\u0119 odwiedzimy chorych z pos\u0142ug\u0105 sakramentaln\u0105 w sobot\u0119<\/strong>. <strong>Nowych chorych mo\u017cna zg\u0142asza\u0107 w zakrystii. <\/strong><em><u><strong>Ks. Konrad swoich chorych odwiedzi w sobot\u0119 8 lutego<\/strong><\/u><\/em><\/li>\n\n\n\n<li><strong><em>Dzi\u0119kujemy za ofiary tac\u0119 i za przelew na konto parafii. B\u00f3g Zap\u0142a\u0107. Numer konta bankowego parafii: 58 9673 0007 0000 0300 4864 0001<\/em><\/strong><\/li>\n\n\n\n<li><strong>Przy wyj\u015bciu z ko\u015bcio\u0142a mo\u017cna naby\u0107 parafialny kalendarz \u2013 dobrowolna ofiara jest przeznaczona na op\u0142aty zwi\u0105zane z utrzymaniem budynku naszego ko\u015bcio\u0142a.<\/strong><\/li>\n\n\n\n<li><strong>Dzieci klas III po Mszy \u015bw. prosimy o pozostanie w ko\u015bciele po wpisy do dzienniczk\u00f3w; dzieci klas II i m\u0142odsze zapraszamy do kaplicy po naklejki z dzisiejszej ewangelii.<\/strong><\/li>\n\n\n\n<li><strong>Na pro\u015bb\u0119 os\u00f3b starszych zwracam si\u0119 do os\u00f3b potrafi\u0105cych rozlicza\u0107 PIT o zg\u0142oszenie si\u0119 do zakrystii, spr\u00f3bujemy w drugiej po\u0142owie lutego stworzy\u0107 dy\u017cury ksi\u0119gowych aby odzyska\u0107 1,5% podatku na cele parafii.<\/strong><\/li>\n\n\n\n<li><strong>Dzi\u0119kujemy<\/strong> 1 osobie<strong> z ul<\/strong><strong>. <\/strong><strong>Narutowicza i <\/strong><strong>2 osobom ch\u0119tnym<\/strong> za sprz\u0105tanie ko\u015bcio\u0142a i ofiary na kwiaty. <strong>Msza \u015bw. za te rodziny 17.I I. 25 o godz 7<\/strong><sup><strong>00<\/strong><\/sup>. Z ul. D\u0142ugosza nie by\u0142o nikogo.<\/li>\n\n\n\n<li><strong>W sobot\u0119 o godz. 9<\/strong><sup><strong>00<\/strong><\/sup><strong> do sprz\u0105tania ko\u015bcio\u0142a zapraszam wiernych zamieszka\u0142ych na ul.Chopina<\/strong><\/li>\n\n\n\n<li><strong>Zach\u0119camy do lektury i zakupu prasy katolickiej: Niedziela, Go\u015b\u0107 Niedzielny, Ma\u0142y Go\u015b\u0107.<\/strong><\/li>\n\n\n\n<li><strong>W minionym tygodniu z naszej parafii zmarli:<\/strong> +Jaros\u0142aw <strong>Garniec<\/strong> z o\u015b. Konstytucji 3 Maja; +Ma\u0142gorzata <strong>Laufer<\/strong> z Arkadi<\/li>\n\n\n\n<li>Pami\u0119tajmy o zmar\u0142ych polecaj\u0105c ich Mi\u0142osierdziu Bo\u017cemu.<\/li>\n\n\n\n<li><strong>Pozdrawiamy wszystkich chorych, pami\u0119tamy o Was w modlitwie, \u017cycz\u0105c szybkiego powrotu do zdrowia. <\/strong><strong>Wszystkim parafianom<\/strong><strong> i go\u015bciom \u017cyczymy dobrej niedzieli i Bo\u017cego b\u0142ogos\u0142awie\u0144stwa.<\/strong><\/li>\n<\/ol>\n\n\n\n<p class=\"has-text-align-right\">Ks. Krzysztof Kocz<br>Proboszcz<\/p>\n\n\n\n<div style=\"height:40px\" aria-hidden=\"true\" class=\"wp-block-spacer\"><\/div>\n","protected":false},"excerpt":{"rendered":"","protected":false},"author":3,"featured_media":3316,"comment_status":"closed","ping_status":"closed","sticky":false,"template":"","format":"standard","meta":{"_lmt_disableupdate":"","_lmt_disable":"","footnotes":""},"categories":[19],"tags":[],"class_list":["post-8600","post","type-post","status-publish","format-standard","has-post-thumbnail","hentry","category-ogloszenia"],"_links":{"self":[{"href":"https:\/\/swiety-jozef.pl\/index.php\/wp-json\/wp\/v2\/posts\/8600","targetHints":{"allow":["GET"]}}],"collection":[{"href":"https:\/\/swiety-jozef.pl\/index.php\/wp-json\/wp\/v2\/posts"}],"about":[{"href":"https:\/\/swiety-jozef.pl\/index.php\/wp-json\/wp\/v2\/types\/post"}],"author":[{"embeddable":true,"href":"https:\/\/swiety-jozef.pl\/index.php\/wp-json\/wp\/v2\/users\/3"}],"replies":[{"embeddable":true,"href":"https:\/\/swiety-jozef.pl\/index.php\/wp-json\/wp\/v2\/comments?post=8600"}],"version-history":[{"count":2,"href":"https:\/\/swiety-jozef.pl\/index.php\/wp-json\/wp\/v2\/posts\/8600\/revisions"}],"predecessor-version":[{"id":8602,"href":"https:\/\/swiety-jozef.pl\/index.php\/wp-json\/wp\/v2\/posts\/8600\/revisions\/8602"}],"wp:featuredmedia":[{"embeddable":true,"href":"https:\/\/swiety-jozef.pl\/index.php\/wp-json\/wp\/v2\/media\/3316"}],"wp:attachment":[{"href":"https:\/\/swiety-jozef.pl\/index.php\/wp-json\/wp\/v2\/media?parent=8600"}],"wp:term":[{"taxonomy":"category","embeddable":true,"href":"https:\/\/swiety-jozef.pl\/index.php\/wp-json\/wp\/v2\/categories?post=8600"},{"taxonomy":"post_tag","embeddable":true,"href":"https:\/\/swiety-jozef.pl\/index.php\/wp-json\/wp\/v2\/tags?post=8600"}],"curies":[{"name":"wp","href":"https:\/\/api.w.org\/{rel}","templated":true}]}}