{"id":8585,"date":"2025-01-12T00:29:33","date_gmt":"2025-01-11T23:29:33","guid":{"rendered":"https:\/\/swiety-jozef.pl\/?p=8585"},"modified":"2025-01-12T06:09:05","modified_gmt":"2025-01-12T05:09:05","slug":"ogloszenia-duszpasterskie-12-01-2025-r","status":"publish","type":"post","link":"https:\/\/swiety-jozef.pl\/index.php\/2025\/01\/12\/ogloszenia-duszpasterskie-12-01-2025-r\/","title":{"rendered":"Og\u0142oszenia duszpasterskie 12.01.2025 r."},"content":{"rendered":"\n<!--more-->\n\n\n\n<p class=\"has-text-align-right\">Nowa S\u00f3l 12.01.2025<\/p>\n\n\n\n<h4 class=\"wp-block-heading has-text-align-center\">Og\u0142oszenia duszpasterskie<br>NIEDZIELA \u2013 CHRZEST PA\u0143SKI<\/h4>\n\n\n\n<div style=\"height:25px\" aria-hidden=\"true\" class=\"wp-block-spacer\"><\/div>\n\n\n\n<ol class=\"wp-block-list\">\n<li>Dzisiaj <strong>niedziela Chrztu Pa\u0144skiego, kt\u00f3ra <\/strong>ko\u0144czy okres Narodzenia Pa\u0144skiego w liturgii Ko\u015bcio\u0142a. W Polsce jednak jest dawny zwyczaj ko\u0144czenia tego okresu \u015bwi\u0119tem Ofiarowania Pa\u0144skiego czyli Matki Bo\u017cej Gromnicznej\u00a0<strong>2 lutego<\/strong>\u00a0i do tego dnia pozostaje dekoracja \u015bwi\u0105teczna w ko\u015bciele.<\/li>\n\n\n\n<li><strong>Bardzo serdecznie dzi\u0119kuj\u0119 za uczestnictwo w Orszaku Trzech Kr\u00f3li. Dzi\u0119kuj\u0119 naszej orkiestrze Fermata Dand, dzi\u0119kuje za wsp\u00f3lne kol\u0119dowanie: B\u00f3g zap\u0142a\u0107.<\/strong><\/li>\n\n\n\n<li><strong>Rozpocz\u0119li\u015bmy kol\u0119d\u0119 \u2013 dok\u0142adny plan kol\u0119dy jest umieszczony w gablotach i na stronie internetowej parafii.<\/strong><\/li>\n\n\n\n<li><strong>Kol\u0119d\u0119 rozpoczynamy od godz. 15<\/strong><sup><strong>30<\/strong><\/sup><strong>. W sobot\u0119 rano od godz. 9<\/strong><sup><strong>00<\/strong><\/sup><strong>, po po\u0142udniu od godz. 13<\/strong><sup><strong>00<\/strong><\/sup><strong>.<\/strong><\/li>\n\n\n\n<li><strong><em>Dzi\u0119kujemy za ofiary tac\u0119 i za przelew na konto parafii. B\u00f3g Zap\u0142a\u0107. Numer konta bankowego parafii: 58 9673 0007 0000 0300 4864 0001<\/em><\/strong><\/li>\n\n\n\n<li><strong><em>Za tydzie\u0144 trzecia niedziela miesi\u0105ca- taca przeznaczona na potrzeby parafii \u2013 B\u00f3g zap\u0142a\u0107.<\/em><\/strong><\/li>\n\n\n\n<li><strong>Przy wyj\u015bciu z ko\u015bcio\u0142a mo\u017cna naby\u0107 parafialny kalendarz \u2013 dobrowolna ofiara jest przeznaczona na op\u0142aty zwi\u0105zane z utrzymaniem budynku naszego ko\u015bcio\u0142a.<\/strong><\/li>\n\n\n\n<li><strong>Dzieci klas III po Mszy \u015bw. prosimy o pozostanie w ko\u015bciele po wpisy do dzienniczk\u00f3w; dzieci klas II i m\u0142odsze zapraszamy do kaplicy po naklejki z dzisiejszej ewangelii.<\/strong><\/li>\n\n\n\n<li><strong>Dzi\u0119kujemy<\/strong> 5<strong> osobom<\/strong><strong> z ul<\/strong><strong>. <\/strong><strong>Wierzy\u0144skiego i Szymanowskiego i <\/strong><strong>2 osobom ch\u0119tnym<\/strong> za sprz\u0105tanie ko\u015bcio\u0142a i ofiary na kwiaty. <strong>Msza \u015bw. za te rodziny 3. II. 25 o godz 7<\/strong><sup><strong>00<\/strong><\/sup>.<\/li>\n\n\n\n<li><strong>W sobot\u0119 o godz. 9<\/strong><sup><strong>00<\/strong><\/sup><strong> do sprz\u0105tania ko\u015bcio\u0142a zapraszam wiernych zamieszka\u0142ych na ul. Solskiego i Asnyka<\/strong><\/li>\n\n\n\n<li><strong>Zach\u0119camy do lektury i zakupu prasy katolickiej: Niedziela, Go\u015b\u0107 Niedzielny, Ma\u0142y Go\u015b\u0107.<\/strong><\/li>\n\n\n\n<li><strong>W minionym tygodniu z naszej parafii zmarli:<\/strong> Andrzej <strong>Fr\u0105czek<\/strong> z ul. Wojska Polskiego; Leon <strong>Bandurowski<\/strong> z ul. Ptasia; Renata <strong>Lewandowska<\/strong> z o\u015b. Konstytucji 3 Maja; Halina <strong>Milczarek<\/strong> z ul. Fredry; Adam <strong>Muszy\u0144ski<\/strong> z o\u015b. Konstytucji 3 Maja; Janina <strong>Grzesiowska<\/strong> z ul. Fredry; W\u0142adys\u0142aw <strong>Polito<\/strong> z ul. Krasi\u0144skiego; Czes\u0142aw<strong> Bere\u017ca\u0144ski<\/strong> z ul. Staszica<\/li>\n\n\n\n<li>Pami\u0119tajmy o zmar\u0142ych polecaj\u0105c ich Mi\u0142osierdziu Bo\u017cemu<\/li>\n\n\n\n<li><strong>Pozdrawiamy wszystkich chorych, pami\u0119tamy o Was w modlitwie, \u017cycz\u0105c szybkiego powrotu do zdrowia. <\/strong><strong>Wszystkim parafianom<\/strong><strong> i go\u015bciom \u017cyczymy dobrej niedzieli i Bo\u017cego b\u0142ogos\u0142awie\u0144stwa.<\/strong><\/li>\n<\/ol>\n\n\n\n<p class=\"has-text-align-right\">Ks. Krzysztof Kocz<br>Proboszcz<\/p>\n\n\n\n<div style=\"height:40px\" aria-hidden=\"true\" class=\"wp-block-spacer\"><\/div>\n\n\n\n<p><\/p>\n","protected":false},"excerpt":{"rendered":"","protected":false},"author":3,"featured_media":3316,"comment_status":"closed","ping_status":"closed","sticky":false,"template":"","format":"standard","meta":{"_lmt_disableupdate":"","_lmt_disable":"","footnotes":""},"categories":[19],"tags":[],"class_list":["post-8585","post","type-post","status-publish","format-standard","has-post-thumbnail","hentry","category-ogloszenia"],"_links":{"self":[{"href":"https:\/\/swiety-jozef.pl\/index.php\/wp-json\/wp\/v2\/posts\/8585","targetHints":{"allow":["GET"]}}],"collection":[{"href":"https:\/\/swiety-jozef.pl\/index.php\/wp-json\/wp\/v2\/posts"}],"about":[{"href":"https:\/\/swiety-jozef.pl\/index.php\/wp-json\/wp\/v2\/types\/post"}],"author":[{"embeddable":true,"href":"https:\/\/swiety-jozef.pl\/index.php\/wp-json\/wp\/v2\/users\/3"}],"replies":[{"embeddable":true,"href":"https:\/\/swiety-jozef.pl\/index.php\/wp-json\/wp\/v2\/comments?post=8585"}],"version-history":[{"count":2,"href":"https:\/\/swiety-jozef.pl\/index.php\/wp-json\/wp\/v2\/posts\/8585\/revisions"}],"predecessor-version":[{"id":8590,"href":"https:\/\/swiety-jozef.pl\/index.php\/wp-json\/wp\/v2\/posts\/8585\/revisions\/8590"}],"wp:featuredmedia":[{"embeddable":true,"href":"https:\/\/swiety-jozef.pl\/index.php\/wp-json\/wp\/v2\/media\/3316"}],"wp:attachment":[{"href":"https:\/\/swiety-jozef.pl\/index.php\/wp-json\/wp\/v2\/media?parent=8585"}],"wp:term":[{"taxonomy":"category","embeddable":true,"href":"https:\/\/swiety-jozef.pl\/index.php\/wp-json\/wp\/v2\/categories?post=8585"},{"taxonomy":"post_tag","embeddable":true,"href":"https:\/\/swiety-jozef.pl\/index.php\/wp-json\/wp\/v2\/tags?post=8585"}],"curies":[{"name":"wp","href":"https:\/\/api.w.org\/{rel}","templated":true}]}}