{"id":8571,"date":"2024-12-31T22:57:43","date_gmt":"2024-12-31T21:57:43","guid":{"rendered":"https:\/\/swiety-jozef.pl\/?p=8571"},"modified":"2024-12-31T22:57:44","modified_gmt":"2024-12-31T21:57:44","slug":"komunikat-biskupa-zielonogorsko-gorzowskiego-tadeusza-litynskiego-o-jubileuszowej-ksiedze-milosierdzia-w-zwiazku-z-rokiem-jubileuszowym-2025","status":"publish","type":"post","link":"https:\/\/swiety-jozef.pl\/index.php\/2024\/12\/31\/komunikat-biskupa-zielonogorsko-gorzowskiego-tadeusza-litynskiego-o-jubileuszowej-ksiedze-milosierdzia-w-zwiazku-z-rokiem-jubileuszowym-2025\/","title":{"rendered":"Komunikat biskupa zielonog\u00f3rsko-gorzowskiego Tadeusza Lity\u0144skiego o Jubileuszowej Ksi\u0119dze Mi\u0142osierdzia w zwi\u0105zku z Rokiem Jubileuszowym 2025"},"content":{"rendered":"\n<!--more-->\n\n\n\n<div style=\"height:25px\" aria-hidden=\"true\" class=\"wp-block-spacer\"><\/div>\n\n\n\n<p class=\"has-text-align-center\"><strong>Komunikat biskupa zielonog\u00f3rsko-gorzowskiego Tadeusza Lity\u0144skiego<br>o Jubileuszowej Ksi\u0119dze Mi\u0142osierdzia w zwi\u0105zku z Rokiem Jubileuszowym 2025<\/strong><\/p>\n\n\n\n<div style=\"height:25px\" aria-hidden=\"true\" class=\"wp-block-spacer\"><\/div>\n\n\n\n<p>Z inicjatywy papie\u017ca Franciszka obchodzimy Rok Jubileuszowy 2025 pod has\u0142em \u201ePielgrzymi nadziei\u201d. Rok ten naznaczony jest pielgrzymowaniem do grob\u00f3w Aposto\u0142\u00f3w w Rzymie i jubileuszowych miejsc \u015bwi\u0119tych wyznaczonych r\u00f3wnie\u017c w naszej diecezji oraz odpustami, kt\u00f3re mo\u017cna uzyska\u0107 podejmuj\u0105c rozmaite dzie\u0142a pobo\u017cno\u015bci i pokuty. Ale jubileuszowy odpust zwi\u0105zany jest tak\u017ce z dzie\u0142ami mi\u0142osierdzia. Jak pisze papie\u017c Franciszek w bulli zapowiadaj\u0105cej Jubileusz, w roku tym w szczeg\u00f3lny spos\u00f3b \u201eb\u0119dziemy wezwani do bycia namacalnymi znakami nadziei dla wielu braci i si\u00f3str \u017cyj\u0105cych w trudnych warunkach\u201d (<em>Spes non confundit<\/em>, 10). Jeste\u015bmy zatem zach\u0119cani, by cz\u0119\u015bciej podejmowa\u0107 dzie\u0142a mi\u0142o\u015bci i mi\u0142osierdzia na rzecz potrzebuj\u0105cych i odkrywa\u0107 na nowo uczynki mi\u0142osierdzia wzgl\u0119dem cia\u0142a (g\u0142odnych nakarmi\u0107, spragnionych napoi\u0107, nagich przyodzia\u0107, przybysz\u00f3w w dom przyj\u0105\u0107, chorych nawiedza\u0107, wi\u0119\u017ani\u00f3w pociesza\u0107, umar\u0142ych pogrzeba\u0107) oraz uczynki mi\u0142osierdzia wzgl\u0119dem duszy (w\u0105tpi\u0105cym dobrze radzi\u0107, nieumiej\u0119tnych poucza\u0107, grzesz\u0105cych upomina\u0107, strapionych pociesza\u0107, urazy ch\u0119tnie darowa\u0107, krzywdy cierpliwie znosi\u0107, modli\u0107 si\u0119 za \u017cywych i umar\u0142ych). Papie\u017c pisze o potrzebie niesienia nadziei wi\u0119\u017aniom, chorym, migrantom, uchod\u017acom, osobom starszym i wszystkim ubogim, ale tak\u017ce m\u0142odym, kt\u00f3rym zagra\u017ca ub\u00f3stwo oraz iluzje i pogo\u0144 \u201eza tym, co kr\u00f3tkotrwa\u0142e\u201d, przez co \u201ewpadaj\u0105 w mroczne otch\u0142anie\u201di \u201eczyny autodestrukcyjne\u201d (zob. SNC, 12). Do wszystkich jeste\u015bmy pos\u0142ani jako pielgrzymi nadziei.<\/p>\n\n\n\n<p>Dlatego \u2013 jak okre\u015bla dekret Penitencjarii Apostolskiej \u2013 w Roku Jubileuszowym wierni b\u0119d\u0105 mogli codziennie uzyska\u0107 odpust zupe\u0142ny, je\u015bli odwiedz\u0105 i po\u015bwi\u0119c\u0105 czas potrzebuj\u0105cym, \u201epielgrzymuj\u0105c niejako do obecnego w nich Chrystusa\u201d (por. Mt 25, 34-36) oraz wype\u0142ni\u0105 zwyk\u0142e warunki, kt\u00f3rymi s\u0105 stan \u0142aski u\u015bwi\u0119caj\u0105cej, przyj\u0119ta Komunia \u015bw. i modlitwa w intencjach papieskich.<\/p>\n\n\n\n<p>W zwi\u0105zku z tym w ka\u017cdej parafii naszej diecezji znakiem Jubileuszu b\u0119dzie Jubileuszowa Ksi\u0119ga Mi\u0142osierdzia, wy\u0142o\u017cona w ko\u015bciele parafialnym w niedziel\u0119 2 lutego 2025 r. B\u0119dzie ona zewn\u0119trznym znakiem odpowiedzi wiernych na wezwanie papie\u017ca Franciszka, aby sta\u0107 si\u0119 namacalnymi znakami nadziei. Wszyscy wierni: duchowni, osoby konsekrowane i \u015bwieccy s\u0105 zaproszeni, aby w Roku \u015awi\u0119tym podj\u0105\u0107 i&nbsp;ju\u017c na sta\u0142e praktykowa\u0107 czyny mi\u0142osierdzia wobec potrzebuj\u0105cych, a swoje zobowi\u0105zanie anonimowo wpisa\u0107 do Jubileuszowej Ksi\u0119gi Mi\u0142osierdzia. Na zako\u0144czenie Roku \u015awi\u0119tego 24 grudnia 2025 r. podczas Mszy \u015bw. Pasterskiej zostanie ona symbolicznie z\u0142o\u017cona w \u017b\u0142\u00f3bku.<\/p>\n\n\n\n<p>Naszej diecezji i jej parafiom dedykuj\u0119 s\u0142owa papie\u017ca Franciszka: \u201eNiech wsp\u00f3lnota chrze\u015bcija\u0144ska b\u0119dzie zawsze gotowa broni\u0107 praw najs\u0142abszych. Niech z wielkoduszno\u015bci\u0105 otwiera szeroko drzwi go\u015bcinno\u015bci, aby nikomu nigdy nie zabrak\u0142o nadziei na lepsz\u0105 przysz\u0142o\u015b\u0107. Niech rozbrzmiewa w naszych sercach s\u0142owo Pana, kt\u00f3ry w wielkiej przypowie\u015bci o s\u0105dzie ostatecznym powiedzia\u0142: <em>By\u0142em przybyszem, a przyj\u0119li\u015bcie Mnie<\/em>, poniewa\u017c <em>wszystko, co uczynili\u015bcie jednemu z tych braci moich najmniejszych, Mnie\u015bcie uczynili<\/em> (Mt 25, 35.40)\u201d (SNC 13). Wszystkim za\u015b podejmuj\u0105cym dzie\u0142a mi\u0142osierdzia udzielam pasterskiego b\u0142ogos\u0142awie\u0144stwa.<\/p>\n\n\n\n<p class=\"has-text-align-right\">Tadeusz Lity\u0144ski<br>Biskup Zielonog\u00f3rsko-Gorzowski<\/p>\n\n\n\n<div style=\"height:40px\" aria-hidden=\"true\" class=\"wp-block-spacer\"><\/div>\n","protected":false},"excerpt":{"rendered":"","protected":false},"author":3,"featured_media":4338,"comment_status":"closed","ping_status":"closed","sticky":false,"template":"","format":"standard","meta":{"_lmt_disableupdate":"","_lmt_disable":"","footnotes":""},"categories":[1],"tags":[],"class_list":["post-8571","post","type-post","status-publish","format-standard","has-post-thumbnail","hentry","category-bez-kategorii"],"_links":{"self":[{"href":"https:\/\/swiety-jozef.pl\/index.php\/wp-json\/wp\/v2\/posts\/8571","targetHints":{"allow":["GET"]}}],"collection":[{"href":"https:\/\/swiety-jozef.pl\/index.php\/wp-json\/wp\/v2\/posts"}],"about":[{"href":"https:\/\/swiety-jozef.pl\/index.php\/wp-json\/wp\/v2\/types\/post"}],"author":[{"embeddable":true,"href":"https:\/\/swiety-jozef.pl\/index.php\/wp-json\/wp\/v2\/users\/3"}],"replies":[{"embeddable":true,"href":"https:\/\/swiety-jozef.pl\/index.php\/wp-json\/wp\/v2\/comments?post=8571"}],"version-history":[{"count":2,"href":"https:\/\/swiety-jozef.pl\/index.php\/wp-json\/wp\/v2\/posts\/8571\/revisions"}],"predecessor-version":[{"id":8573,"href":"https:\/\/swiety-jozef.pl\/index.php\/wp-json\/wp\/v2\/posts\/8571\/revisions\/8573"}],"wp:featuredmedia":[{"embeddable":true,"href":"https:\/\/swiety-jozef.pl\/index.php\/wp-json\/wp\/v2\/media\/4338"}],"wp:attachment":[{"href":"https:\/\/swiety-jozef.pl\/index.php\/wp-json\/wp\/v2\/media?parent=8571"}],"wp:term":[{"taxonomy":"category","embeddable":true,"href":"https:\/\/swiety-jozef.pl\/index.php\/wp-json\/wp\/v2\/categories?post=8571"},{"taxonomy":"post_tag","embeddable":true,"href":"https:\/\/swiety-jozef.pl\/index.php\/wp-json\/wp\/v2\/tags?post=8571"}],"curies":[{"name":"wp","href":"https:\/\/api.w.org\/{rel}","templated":true}]}}