{"id":8568,"date":"2024-12-31T22:53:27","date_gmt":"2024-12-31T21:53:27","guid":{"rendered":"https:\/\/swiety-jozef.pl\/?p=8568"},"modified":"2024-12-31T22:53:29","modified_gmt":"2024-12-31T21:53:29","slug":"komunikat-prezydium-kep","status":"publish","type":"post","link":"https:\/\/swiety-jozef.pl\/index.php\/2024\/12\/31\/komunikat-prezydium-kep\/","title":{"rendered":"Komunikat Prezydium KEP"},"content":{"rendered":"\n<!--more-->\n\n\n\n<div style=\"height:25px\" aria-hidden=\"true\" class=\"wp-block-spacer\"><\/div>\n\n\n\n<p class=\"has-text-align-center\"><strong>Komunikat Prezydium Konferencji Episkopatu Polski<br>wobec zmian wprowadzanych przez Ministerstwo Edukacji Narodowej<br>w organizacji lekcji religii w szko\u0142ach publicznych<\/strong><\/p>\n\n\n\n<div style=\"height:25px\" aria-hidden=\"true\" class=\"wp-block-spacer\"><\/div>\n\n\n\n<p>W ostatnich miesi\u0105cach jeste\u015bmy \u015bwiadkami zakrojonego na szerok\u0105 skal\u0119 procesu zmian wprowadzanych przez Ministerstwo Edukacji Narodowej w organizacji lekcji religii w&nbsp;szko\u0142ach publicznych. Z tak du\u017cymi zmianami mamy do czynienia po raz pierwszy od 1989 roku. Zar\u00f3wno te, kt\u00f3re zosta\u0142y przyj\u0119te od wrze\u015bnia 2024 roku, jak i zapowiadane na wrzesie\u0144 2025 roku, nie tylko w spos\u00f3b jednoznaczny stoj\u0105 w sprzeczno\u015bci z przepisami wy\u017cszego rz\u0119du, ale przede wszystkim s\u0105 krzywdz\u0105ce i dyskryminuj\u0105ce dla wielu uczni\u00f3w i nauczycieli religii. Zmiany te godz\u0105 r\u00f3wnie\u017c w prawa rodzic\u00f3w i opiekun\u00f3w do wychowania dzieci zgodnie z&nbsp;w\u0142asnymi przekonaniami, co gwarantuje Konstytucja Rzeczypospolitej Polskiej (art. 53).<\/p>\n\n\n\n<p>W opinii znacznej cz\u0119\u015bci rodzic\u00f3w i nauczycieli religii, co zosta\u0142o wyra\u017cone m.in. przez r\u00f3\u017cne formy protest\u00f3w i petycji ze strony \u015brodowisk wychowawczych, wprowadzone od wrze\u015bnia 2024 roku rozporz\u0105dzeniem Ministra Edukacji zmiany dotycz\u0105ce niewliczania oceny z lekcji religii do \u015bredniej ocen oraz \u0142\u0105czenia klas dzieci i m\u0142odzie\u017cy w r\u00f3\u017cnym wieku edukacyjnym w wi\u0119ksze grupy, i to wy\u0142\u0105cznie na zaj\u0119ciach z religii, s\u0105 szkodliwe z punktu widzenia wychowawczego. Uczniowie powinni bowiem mie\u0107 zapewniony dost\u0119p do programu nauczania opartego na tre\u015bciach adekwatnych do poziomu ich rozwoju oraz zdolno\u015bci percepcyjnych i poznawczych w danym wieku. Ponadto zmiany te pozbawiaj\u0105 uczni\u00f3w motywacji do uczestnictwa i anga\u017cowania si\u0119 w lekcje religii. Trzeba w tym miejscu tak\u017ce podkre\u015bli\u0107, \u017ce wspomniane zmiany zosta\u0142y wprowadzone w \u017cycie bez wymaganego przez Ustaw\u0119 o systemie o\u015bwiaty \u201eporozumienia z w\u0142adzami Ko\u015bcio\u0142a Katolickiego i Polskiego Autokefalicznego Ko\u015bcio\u0142a Prawos\u0142awnego oraz innych ko\u015bcio\u0142\u00f3w i zwi\u0105zk\u00f3w wyznaniowych\u201d (art. 12 ust. 2), co potwierdzi\u0142 Trybuna\u0142 Konstytucyjny w wyroku z dnia 27 listopada 2024 roku.<\/p>\n\n\n\n<p>Podobnie ma si\u0119 rzecz z dalszymi zapowiadanymi przez MEN zmianami. Dotycz\u0105 one redukcji wymiaru nauczania religii do jednej godziny tygodniowo oraz nakazu organizowania lekcji religii przed lub po zaj\u0119ciach szkolnych. S\u0105 one dyskryminuj\u0105ce, gdy\u017c b\u0119d\u0105 w spos\u00f3b znacz\u0105cy ogranicza\u0107 prawo do dost\u0119pu do lekcji religii dla uczni\u00f3w, kt\u00f3rych rodzice, lub oni sami, b\u0119d\u0105 sobie tego \u017cyczy\u0107. Nie uwzgl\u0119dniono r\u00f3wnie\u017c wprowadzenia okres\u00f3w ochronnych dla nauczycieli religii. Wprowadzenie w \u017cycie tych rozwi\u0105za\u0144 r\u00f3wnie\u017c b\u0119dzie bezprawne, gdy\u017c nie osi\u0105gni\u0119to w tym temacie wymaganego porozumienia ze stron\u0105 ko\u015bcieln\u0105. Wprowadzane zmiany mog\u0105 w konsekwencji prowadzi\u0107 do ca\u0142kowitego wyeliminowania nauczania religii w&nbsp;polskich szko\u0142ach publicznych.<\/p>\n\n\n\n<div style=\"height:40px\" aria-hidden=\"true\" class=\"wp-block-spacer\"><\/div>\n","protected":false},"excerpt":{"rendered":"","protected":false},"author":3,"featured_media":8569,"comment_status":"closed","ping_status":"closed","sticky":false,"template":"","format":"standard","meta":{"_lmt_disableupdate":"","_lmt_disable":"","footnotes":""},"categories":[1],"tags":[],"class_list":["post-8568","post","type-post","status-publish","format-standard","has-post-thumbnail","hentry","category-bez-kategorii"],"_links":{"self":[{"href":"https:\/\/swiety-jozef.pl\/index.php\/wp-json\/wp\/v2\/posts\/8568","targetHints":{"allow":["GET"]}}],"collection":[{"href":"https:\/\/swiety-jozef.pl\/index.php\/wp-json\/wp\/v2\/posts"}],"about":[{"href":"https:\/\/swiety-jozef.pl\/index.php\/wp-json\/wp\/v2\/types\/post"}],"author":[{"embeddable":true,"href":"https:\/\/swiety-jozef.pl\/index.php\/wp-json\/wp\/v2\/users\/3"}],"replies":[{"embeddable":true,"href":"https:\/\/swiety-jozef.pl\/index.php\/wp-json\/wp\/v2\/comments?post=8568"}],"version-history":[{"count":1,"href":"https:\/\/swiety-jozef.pl\/index.php\/wp-json\/wp\/v2\/posts\/8568\/revisions"}],"predecessor-version":[{"id":8570,"href":"https:\/\/swiety-jozef.pl\/index.php\/wp-json\/wp\/v2\/posts\/8568\/revisions\/8570"}],"wp:featuredmedia":[{"embeddable":true,"href":"https:\/\/swiety-jozef.pl\/index.php\/wp-json\/wp\/v2\/media\/8569"}],"wp:attachment":[{"href":"https:\/\/swiety-jozef.pl\/index.php\/wp-json\/wp\/v2\/media?parent=8568"}],"wp:term":[{"taxonomy":"category","embeddable":true,"href":"https:\/\/swiety-jozef.pl\/index.php\/wp-json\/wp\/v2\/categories?post=8568"},{"taxonomy":"post_tag","embeddable":true,"href":"https:\/\/swiety-jozef.pl\/index.php\/wp-json\/wp\/v2\/tags?post=8568"}],"curies":[{"name":"wp","href":"https:\/\/api.w.org\/{rel}","templated":true}]}}