{"id":8558,"date":"2024-12-28T20:52:55","date_gmt":"2024-12-28T19:52:55","guid":{"rendered":"https:\/\/swiety-jozef.pl\/?p=8558"},"modified":"2024-12-28T20:52:57","modified_gmt":"2024-12-28T19:52:57","slug":"ogloszenia-duszpasterskie-29-12-2024-r","status":"publish","type":"post","link":"https:\/\/swiety-jozef.pl\/index.php\/2024\/12\/28\/ogloszenia-duszpasterskie-29-12-2024-r\/","title":{"rendered":"Og\u0142oszenia duszpasterskie 29.12.2024 r."},"content":{"rendered":"\n<!--more-->\n\n\n\n<p class=\"has-text-align-right\">Nowa S\u00f3l 29.12.2024<\/p>\n\n\n\n<h4 class=\"wp-block-heading has-text-align-center\">Og\u0142oszenia duszpasterskie<br>I Niedziela BN<br>NIEDZIELA \u015aWI\u0118TEJ RODZINY<\/h4>\n\n\n\n<div style=\"height:25px\" aria-hidden=\"true\" class=\"wp-block-spacer\"><\/div>\n\n\n\n<ol class=\"wp-block-list\">\n<li>Dzisiaj niedziela w Oktawie Bo\u017cego Narodzenia \u2013 <strong>Niedziela \u015awi\u0119tej Rodziny<\/strong>. Na ka\u017cdej Mszy \u015bw. <strong>odnowienie przyrzecze\u0144 ma\u0142\u017ce\u0144skich oraz b\u0142ogos\u0142awie\u0144stwo ma\u0142\u017conk\u00f3w<\/strong>.<\/li>\n\n\n\n<li><strong>We wtorek 31 XII,<\/strong> <strong>zako\u0144czenie Starego Roku<\/strong>. Rano Msza \u015bw. o godz. 7.00, natomiast wieczorem uroczysta Msza \u015bw. z <strong>nabo\u017ce\u0144stwem dzi\u0119kczynno \u2013 przeb\u0142agalnym <\/strong><strong>o godz. 16:00<\/strong><strong>.<\/strong><\/li>\n\n\n\n<li><strong>W \u015brod\u0119<\/strong><strong>Nowy Rok<\/strong> a zarazem uroczysto\u015b\u0107 <strong>Maryi \u015awi\u0119tej Bo\u017cej Rodzicielki<\/strong>. Msze \u015bw. w naszym ko\u015bciele b\u0119d\u0105: o godz.<strong>9.30, 11.00, 12.30, 14.00 i 18.30<\/strong><strong>. <\/strong>W Nowy Rok <strong>nie b\u0119dzie<\/strong> <strong>Mszy \u015bw. o 7.30.<\/strong><\/li>\n\n\n\n<li>W przysz\u0142\u0105 niedziel\u0119 na Mszy \u015bw. o godz. 7<sup>30<\/sup> zmiana tajemnic \u017bywego R\u00f3\u017ca\u0144ca. A po Mszy \u015bw. o godz. 18<sup>30<\/sup> nauka przed chrztem \u015bw. dla rodzic\u00f3w i chrzestnych.<\/li>\n\n\n\n<li>Za tydzie\u0144 pierwsza niedziela miesi\u0105ca PZC b\u0119dzie zbiera\u0142 ofiary do puszek dla najbardziej potrzebuj\u0105cych z naszej parafii. B\u00f3g Zap\u0142a\u0107<\/li>\n\n\n\n<li><strong>Przy wyj\u015bciu z ko\u015bcio\u0142a mo\u017cna naby\u0107 parafialny kalendarz \u2013 dobrowolna ofiara jest przeznaczona na op\u0142aty zwi\u0105zane z utrzymaniem budynku naszego ko\u015bcio\u0142a.<\/strong><\/li>\n\n\n\n<li><strong>Rozpocz\u0119li\u015bmy kol\u0119d\u0119 \u2013 kompletujemy zaproszenia &#8211; dok\u0142adny plan kol\u0119dy jest umieszczony w gablotach i na stronie internetowej parafii.<\/strong><\/li>\n\n\n\n<li><strong>Kol\u0119d\u0119 rozpoczynamy od godz. 15<\/strong><sup><strong>30<\/strong><\/sup><strong>. W sobot\u0119 rano od godz. 9<\/strong><sup><strong>00<\/strong><\/sup><strong>, po po\u0142udniu od godz. 13<\/strong><sup><strong>00<\/strong><\/sup><strong>.<\/strong><\/li>\n\n\n\n<li><strong>Celem kol\u0119dy jest wsp\u00f3lna modlitwa z b\u0142ogos\u0142awie\u0144stwem domu<\/strong> oraz rozmowa na tematy \u017cycia religijnego w rodzinie i spraw duszpasterstwa w parafii.<\/li>\n\n\n\n<li><strong>Kol\u0119da jest znakiem utrzymywania wi\u0119zi z parafi\u0105, jako wsp\u00f3lnot\u0105 wiary, dlatego pragniemy odwiedzi\u0107 wszystkie rodziny parafii.<\/strong><\/li>\n\n\n\n<li>Na kol\u0119d\u0119 powinien by\u0107 st\u00f3\u0142 <strong>nakryty bia\u0142ym obrusem, na nim ustawiony krzy\u017c i zapalone \u015bwiece, naczynie z wod\u0105 \u015bwi\u0119con\u0105 i kropid\u0142o oraz Ksi\u0119ga Pisma \u015awi\u0119tego<\/strong>, a gdy s\u0105 dzieci w wieku szkolnym to tak\u017ce <strong>zeszyty z religii oraz indeksy<\/strong> kandydat\u00f3w do bierzmowania.<\/li>\n\n\n\n<li><strong><em>Dzi\u0119kujemy za ofiary tac\u0119 i za przelew na konto parafii. B\u00f3g Zap\u0142a\u0107. Numer konta bankowego parafii: 58 9673 0007 0000 0300 4864 0001<\/em><\/strong><\/li>\n\n\n\n<li><strong>Dzieci klas III po Mszy \u015bw. prosimy o pozostanie w ko\u015bciele po wpisy do dzienniczk\u00f3w; dzieci klas II i m\u0142odsze zapraszamy do kaplicy po naklejki z dzisiejszej ewangelii.<\/strong><\/li>\n\n\n\n<li><strong>Dzi\u0119kujemy<\/strong> 1<strong> osobie<\/strong><strong> z ul<\/strong><strong>. <\/strong><strong>Przysz\u0142o\u015bci blok 3 <\/strong><strong>i 3 osobom ch\u0119tnym<\/strong> za sprz\u0105tanie ko\u015bcio\u0142a i ofiary na kwiaty. <strong>Msza \u015bw. za te rodziny 13 I. 25 o godz 7<\/strong><sup><strong>00<\/strong><\/sup>.<\/li>\n\n\n\n<li><strong>W sobot\u0119 o godz. 9<\/strong><sup><strong>00<\/strong><\/sup><strong> do sprz\u0105tania ko\u015bcio\u0142a zapraszam wiernych zamieszka\u0142ych na ul. Przysz\u0142o\u015bci &#8211; domki<\/strong><\/li>\n\n\n\n<li><strong>Zach\u0119camy do lektury i zakupu prasy katolickiej: Niedziela, Go\u015b\u0107 Niedzielny, Ma\u0142y Go\u015b\u0107.<\/strong><\/li>\n\n\n\n<li><strong>W minionym tygodniu z naszej parafii zmarli:<\/strong> Stanis\u0142awa<strong> Lacroix<\/strong> z ul. Kossaka<\/li>\n\n\n\n<li><strong>Pozdrawiamy wszystkich chorych, pami\u0119tamy o Was w modlitwie, \u017cycz\u0105c szybkiego powrotu do zdrowia. <\/strong><strong>Wszystkim parafianom<\/strong><strong> i go\u015bciom \u017cyczymy dobrej niedzieli i Bo\u017cego b\u0142ogos\u0142awie\u0144stwa.<\/strong><\/li>\n<\/ol>\n\n\n\n<p class=\"has-text-align-right\">Ks. Krzysztof Kocz<br>Proboszcz<\/p>\n\n\n\n<div style=\"height:40px\" aria-hidden=\"true\" class=\"wp-block-spacer\"><\/div>\n","protected":false},"excerpt":{"rendered":"","protected":false},"author":3,"featured_media":3316,"comment_status":"closed","ping_status":"closed","sticky":false,"template":"","format":"standard","meta":{"_lmt_disableupdate":"","_lmt_disable":"","footnotes":""},"categories":[19],"tags":[],"class_list":["post-8558","post","type-post","status-publish","format-standard","has-post-thumbnail","hentry","category-ogloszenia"],"_links":{"self":[{"href":"https:\/\/swiety-jozef.pl\/index.php\/wp-json\/wp\/v2\/posts\/8558","targetHints":{"allow":["GET"]}}],"collection":[{"href":"https:\/\/swiety-jozef.pl\/index.php\/wp-json\/wp\/v2\/posts"}],"about":[{"href":"https:\/\/swiety-jozef.pl\/index.php\/wp-json\/wp\/v2\/types\/post"}],"author":[{"embeddable":true,"href":"https:\/\/swiety-jozef.pl\/index.php\/wp-json\/wp\/v2\/users\/3"}],"replies":[{"embeddable":true,"href":"https:\/\/swiety-jozef.pl\/index.php\/wp-json\/wp\/v2\/comments?post=8558"}],"version-history":[{"count":1,"href":"https:\/\/swiety-jozef.pl\/index.php\/wp-json\/wp\/v2\/posts\/8558\/revisions"}],"predecessor-version":[{"id":8559,"href":"https:\/\/swiety-jozef.pl\/index.php\/wp-json\/wp\/v2\/posts\/8558\/revisions\/8559"}],"wp:featuredmedia":[{"embeddable":true,"href":"https:\/\/swiety-jozef.pl\/index.php\/wp-json\/wp\/v2\/media\/3316"}],"wp:attachment":[{"href":"https:\/\/swiety-jozef.pl\/index.php\/wp-json\/wp\/v2\/media?parent=8558"}],"wp:term":[{"taxonomy":"category","embeddable":true,"href":"https:\/\/swiety-jozef.pl\/index.php\/wp-json\/wp\/v2\/categories?post=8558"},{"taxonomy":"post_tag","embeddable":true,"href":"https:\/\/swiety-jozef.pl\/index.php\/wp-json\/wp\/v2\/tags?post=8558"}],"curies":[{"name":"wp","href":"https:\/\/api.w.org\/{rel}","templated":true}]}}